{"id":4965,"date":"2022-03-20T18:26:24","date_gmt":"2022-03-20T17:26:24","guid":{"rendered":"https:\/\/bitacora.eniac2000.com\/?p=4965"},"modified":"2025-10-05T17:12:53","modified_gmt":"2025-10-05T15:12:53","slug":"etapa-ciclista-forcarey-camino-de-la-geira-romana-grana-de-cabanelas-06032022","status":"publish","type":"post","link":"https:\/\/bitacora.eniac2000.com\/?p=4965","title":{"rendered":"Etapa ciclista: Forcarey &#8211; Camino de la Geira Romana &#8211; Gra\u00f1a de Cabanelas (06\/03\/2022)"},"content":{"rendered":"<p>El domingo 6 de marzo realic\u00e9 una nueva etapa por el entorno de Forcarey. En esta ocasi\u00f3n, se trataba de conocer un poco mejor el recorrido de uno de los ramales del Camino de Santiago que pasan por Forcarey: en concreto, el <a href=\"https:\/\/www.debragaasantiago.com\/geira-arrieiros\/\" target=\"_blank\">Camino de la Geira Romana y de los Arrieros<\/a>. Se trata \u00e9sta de una de las variantes de los Caminos de Santiago que vienen desde Portugal. De Braga, para ser exactos. Sigue el trazado de (ah\u00ed su nombre) de algunas v\u00edas romanas secundarias a las principales de la costa, y por la que sigue el Camino Portugu\u00e9s. Este trazado evita el casco urbano de Forcarey, pasando un poco al oeste del mismo, a diferencia del <a href=\"https:\/\/www.caminominotoribeiro.com\/\" target=\"_blank\">Camino Mi\u00f1oto Ribeiro<\/a>, que tiene un trazado muy similar, y que ha sido en fechas recientes puesto en valor a su paso por Forcarey.<\/p>\n<p>Empec\u00e9 la etapa pasadas las 9:00h. Sal\u00ed de Forcarey por el camino de la Chamosa, y segu\u00ed por el mismo hasta llegar a Las Casetas. Desde ah\u00ed, segu\u00ed por carretera en direcci\u00f3n a La Estrada, hasta que me encontr\u00e9 con el Camino de la Geira al incorporarse \u00e9ste a la carretera, a la altura del desv\u00edo de A M\u00e1moa. Segu\u00ed por la carretera, hasta que poco despu\u00e9s las se\u00f1ales del Camino te mandan a mano izquierda, por un tramo abandonado de la carretera antigua. All\u00ed pude encontrar un monolito que conmemoraba el 150 aniversario de la creaci\u00f3n del Partido Judicial de Tierra de Montes, constituido en 1840.<\/p>\n<figure class=\"wp-block-piwigo-gallery-single-image piwigo-single-image\"><a href=\"https:\/\/www.eniac2000.com\/piwigo\/picture.php?\/11733\" target=\"_blank\" rel=\"noopener noreferrer\"><img decoding=\"async\" src=\"https:\/\/www.eniac2000.com\/piwigo\/_data\/i\/galleries\/albums\/ciclismo\/20220306-geira-romana\/IMG_20220306_093949444_HDR-me.jpg\" alt=\"IMG 20220306 093949444 HDR\" \/><\/a><figcaption><strong>IMG 20220306 093949444 HDR<\/strong><\/figcaption><\/figure>\n<p>En teor\u00eda, tendr\u00eda que estar emplazado en el punto de encuentro de los t\u00e9rminos municipales de Forcarey, La Estrada y Cerdedo, pero luego pude comprobar, Google Earth y cartograf\u00eda del CNIG mediante, que en realidad se encuentra a 575 metros al oeste de dicho punto. Cosas de querer colocarlo junto a la que entonces era la carretera, supongo. Retomado mi camino, segu\u00ed las marcas amarillas, que volv\u00edan a confluir con el trazado de la carretera, pero que esta vez te hac\u00edan andar por la cuneta a la izquierda de \u00e9sta. Por suerte, se encontraba razonablemente limpia de maleza, por lo que era posible circular con la bici. De todas maneras, no supuso mucho problema, porque apenas 500 metros despu\u00e9s, las flechas del camino te llevan por una antigua senda, completamente separada de la carretera, y que baja hasta Vilaboa. El camino era mucho m\u00e1s agradable que la carretera, y se notaba que lo hab\u00edan limpiado de vegetaci\u00f3n y hecho poda de los \u00e1rboles cercanos en fechas recientes.<\/p>\n<p><figure class=\"wp-block-piwigo-gallery-single-image piwigo-single-image\"><a href=\"https:\/\/www.eniac2000.com\/piwigo\/picture.php?\/11734\" target=\"_blank\" rel=\"noopener noreferrer\"><img decoding=\"async\" src=\"https:\/\/www.eniac2000.com\/piwigo\/_data\/i\/galleries\/albums\/ciclismo\/20220306-geira-romana\/IMG_20220306_094822486_HDR-me.jpg\" alt=\"IMG 20220306 094822486 HDR\" \/><\/a><figcaption><strong>IMG 20220306 094822486 HDR<\/strong><\/figcaption><\/figure><br \/>\n<figure class=\"wp-block-piwigo-gallery-single-image piwigo-single-image\"><a href=\"https:\/\/www.eniac2000.com\/piwigo\/picture.php?\/11738\" target=\"_blank\" rel=\"noopener noreferrer\"><img decoding=\"async\" src=\"https:\/\/www.eniac2000.com\/piwigo\/_data\/i\/galleries\/albums\/ciclismo\/20220306-geira-romana\/IMG_20220306_094947476-me.jpg\" alt=\"IMG 20220306 094947476\" \/><\/a><figcaption><strong>IMG 20220306 094947476<\/strong><\/figcaption><\/figure><\/p>\n<p>\u00c9sto, que en principio era bastante bueno, a punto estuvo de causarme un disgusto, ya que entre la hojarasca se encontraban trozos de ramas. Al pasar por encima de uno con la rueda delantera, se levant\u00f3, impact\u00f3 con la rueda trasera e hizo palanca, haciendo que \u00e9sta se levantara por el aire, por lo que a punto estuve de salir volando por encima del manillar. Suerte que no rodaba demasiado r\u00e1pido, y pude controla la bici. Dejada atr\u00e1s la parte m\u00e1s cerrada del camino, sal\u00ed a una pista algo m\u00e1s amplia, que se encontraba decorada con una figura de gran tama\u00f1o de Pelegr\u00edn, el s\u00edmbolo del Camino Xacobeo que se puso de moda all\u00e1 por el a\u00f1o santo de 1993.<\/p>\n<figure class=\"wp-block-piwigo-gallery-single-image piwigo-single-image\"><a href=\"https:\/\/www.eniac2000.com\/piwigo\/picture.php?\/11740\" target=\"_blank\" rel=\"noopener noreferrer\"><img decoding=\"async\" src=\"https:\/\/www.eniac2000.com\/piwigo\/_data\/i\/galleries\/albums\/ciclismo\/20220306-geira-romana\/IMG_20220306_095243266-me.jpg\" alt=\"IMG 20220306 095243266\" \/><\/a><figcaption><strong>IMG 20220306 095243266<\/strong><\/figcaption><\/figure>\n<p>Tras dejar atr\u00e1s Vilaboa, el camino sigue por una calzada empedrada entre fincas, se\u00f1alizada tambi\u00e9n con marcas blancas y amarillas de sendero PR. Se pasa por debajo de la carretera, para acabar saliendo a La Portela. All\u00ed, al poco de entrar en las casas, se encuentra una curiosa fuente que tiene una taza de aluminio para beber, atado a la fuente con una cadena.<\/p>\n<figure class=\"wp-block-piwigo-gallery-single-image piwigo-single-image\"><a href=\"https:\/\/www.eniac2000.com\/piwigo\/picture.php?\/11742\" target=\"_blank\" rel=\"noopener noreferrer\"><img decoding=\"async\" src=\"https:\/\/www.eniac2000.com\/piwigo\/_data\/i\/galleries\/albums\/ciclismo\/20220306-geira-romana\/IMG_20220306_095817341-me.jpg\" alt=\"IMG 20220306 095817341\" \/><\/a><figcaption><strong>IMG 20220306 095817341<\/strong><\/figcaption><\/figure>\n<p>Al salir de La Portela, el PR y el Camino se separan. En mi caso, segu\u00ed por las marcas del camino, por carretera para llegar a O Coto y Bouzas, donde dej\u00e9 el trazado del Camino, con idea de ir volviendo a Forcarey. No pude evitar detenerme en Bouzas, donde encontr\u00e9, en un prado junto a la carretera, una llamativa y enorme casa en ruinas, con un no menos impresionante h\u00f3rreo que ten\u00eda uno de sus apoyos en el prado, salvando un gran desnivel con la terraza donde estaba el resto del mismo. <\/p>\n<p><figure class=\"wp-block-piwigo-gallery-single-image piwigo-single-image\"><a href=\"https:\/\/www.eniac2000.com\/piwigo\/picture.php?\/11745\" target=\"_blank\" rel=\"noopener noreferrer\"><img decoding=\"async\" src=\"https:\/\/www.eniac2000.com\/piwigo\/_data\/i\/galleries\/albums\/ciclismo\/20220306-geira-romana\/IMG_20220306_100755515-me.jpg\" alt=\"IMG 20220306 100755515\" \/><\/a><figcaption><strong>IMG 20220306 100755515<\/strong><\/figcaption><\/figure><br \/>\n<figure class=\"wp-block-piwigo-gallery-single-image piwigo-single-image\"><a href=\"https:\/\/www.eniac2000.com\/piwigo\/picture.php?\/11744\" target=\"_blank\" rel=\"noopener noreferrer\"><img decoding=\"async\" src=\"https:\/\/www.eniac2000.com\/piwigo\/_data\/i\/galleries\/albums\/ciclismo\/20220306-geira-romana\/IMG_20220306_100717981-me.jpg\" alt=\"IMG 20220306 100717981\" \/><\/a><figcaption><strong>IMG 20220306 100717981<\/strong><\/figcaption><\/figure><\/p>\n<p>Dej\u00e9 atr\u00e1s la casa y segu\u00ed en ascenso por una pista en direcci\u00f3n a Carballo. Acab\u00e9 saliendo a una carretera, que tras girar por la ladera de la monta\u00f1a, abandon\u00e9 para tomar una nueva pista que ascend\u00eda entre eucaliptos hacia la Gra\u00f1a de Cabanelas. La pista acab\u00f3 desembocando en una carretera, que fue la que me llev\u00f3 a la Gra\u00f1a. <a href=\"https:\/\/bitacora.eniac2000.com\/?p=4934\" title=\"Etapa ciclista: Forcarey \u2013 Quintill\u00e1n \u2013 San Amaro \u2013 Cabanelas (12\/02\/2022)\" target=\"_blank\">A diferencia de la vez anterior<\/a>, al llegar a la Gra\u00f1a, gir\u00e9 a la izquierda, para seguir por asfalto hasta Levoso y las cercan\u00edas del observatorio astron\u00f3mico de Forcarey. Volv\u00ed a salir a Las Casetas, y volv\u00ed a Forcarey por carretera, a donde llegu\u00e9 a las 10:55h.<\/p>\n<p><strong>Datos de la etapa:<\/strong><\/p>\n<ul>\n<li><strong>Distancia:<\/strong> 20&#8217;627km<\/li>\n<li><strong>Distancia (seg\u00fan el GPS):<\/strong> 20&#8217;62km<\/li>\n<li><strong>Altitud ascendida:<\/strong> 433m<\/li>\n<li><strong>Tiempo de etapa:<\/strong> 1:28:41<\/li>\n<li><strong>Tiempo desde el inicio de la etapa:<\/strong> 1:46:38<\/li>\n<li><strong>Pulsaciones medias:<\/strong> 138ppm<\/li>\n<li><strong>Pulsaciones m\u00e1ximas:<\/strong> 210ppm<\/li>\n<li><strong>Cadencia media:<\/strong> S\/D<\/li>\n<li><strong>Cadencia m\u00e1xima:<\/strong> S\/D<\/li>\n<li><strong>Calor\u00edas consumidas:<\/strong> 1459kcal<\/li>\n<\/ul>\n<p><iframe height='405' width='590' frameborder='0' allowtransparency='true' scrolling='no' src='https:\/\/www.strava.com\/activities\/6780493846\/embed\/a57a4ad7e4249892754612b91f1dad13067b20a7'><\/iframe><\/p>\n","protected":false},"excerpt":{"rendered":"<p>El domingo 6 de marzo realic\u00e9 una nueva etapa por<\/p>\n","protected":false},"author":1,"featured_media":0,"comment_status":"open","ping_status":"open","sticky":false,"template":"","format":"standard","meta":{"advanced_seo_description":"","jetpack_seo_html_title":"","jetpack_seo_noindex":false,"_jetpack_memberships_contains_paid_content":false,"footnotes":"","jetpack_publicize_message":"","jetpack_publicize_feature_enabled":true,"jetpack_social_post_already_shared":false,"jetpack_social_options":{"image_generator_settings":{"template":"highway","default_image_id":0,"font":"","enabled":false},"version":2}},"categories":[24,8],"tags":[291,683,752,1135],"series":[],"class_list":["post-4965","post","type-post","status-publish","format-standard","hentry","category-ciclismo","category-deporte","tag-camino-de-geira-y-de-los-arrieros","tag-forcarey","tag-grana-de-cabanelas","tag-mtb"],"jetpack_publicize_connections":[],"jetpack_featured_media_url":"","jetpack_sharing_enabled":true,"_links":{"self":[{"href":"https:\/\/bitacora.eniac2000.com\/index.php?rest_route=\/wp\/v2\/posts\/4965","targetHints":{"allow":["GET"]}}],"collection":[{"href":"https:\/\/bitacora.eniac2000.com\/index.php?rest_route=\/wp\/v2\/posts"}],"about":[{"href":"https:\/\/bitacora.eniac2000.com\/index.php?rest_route=\/wp\/v2\/types\/post"}],"author":[{"embeddable":true,"href":"https:\/\/bitacora.eniac2000.com\/index.php?rest_route=\/wp\/v2\/users\/1"}],"replies":[{"embeddable":true,"href":"https:\/\/bitacora.eniac2000.com\/index.php?rest_route=%2Fwp%2Fv2%2Fcomments&post=4965"}],"version-history":[{"count":0,"href":"https:\/\/bitacora.eniac2000.com\/index.php?rest_route=\/wp\/v2\/posts\/4965\/revisions"}],"wp:attachment":[{"href":"https:\/\/bitacora.eniac2000.com\/index.php?rest_route=%2Fwp%2Fv2%2Fmedia&parent=4965"}],"wp:term":[{"taxonomy":"category","embeddable":true,"href":"https:\/\/bitacora.eniac2000.com\/index.php?rest_route=%2Fwp%2Fv2%2Fcategories&post=4965"},{"taxonomy":"post_tag","embeddable":true,"href":"https:\/\/bitacora.eniac2000.com\/index.php?rest_route=%2Fwp%2Fv2%2Ftags&post=4965"},{"taxonomy":"series","embeddable":true,"href":"https:\/\/bitacora.eniac2000.com\/index.php?rest_route=%2Fwp%2Fv2%2Fseries&post=4965"}],"curies":[{"name":"wp","href":"https:\/\/api.w.org\/{rel}","templated":true}]}}