{"id":4981,"date":"2022-03-31T19:17:39","date_gmt":"2022-03-31T18:17:39","guid":{"rendered":"https:\/\/bitacora.eniac2000.com\/?p=4981"},"modified":"2025-10-05T17:12:53","modified_gmt":"2025-10-05T15:12:53","slug":"nueva-senalizacion-de-la-via-de-la-plata-en-santiponce","status":"publish","type":"post","link":"https:\/\/bitacora.eniac2000.com\/?p=4981","title":{"rendered":"Nueva se\u00f1alizaci\u00f3n de la V\u00eda de la Plata en Santiponce"},"content":{"rendered":"<p>2021 fue A\u00f1o Santo Xacobeo. Estrictamente hablando, tendr\u00eda que haber terminado el 31 de diciembre de 2021, pero el Papa decidi\u00f3 extender a 2022 el A\u00f1o Santo, debido a la pandemia del coronavirus, por lo que las celebraciones del Xacobeo se han estado realizando en ambos a\u00f1os. Parte de las mismas fue la instalaci\u00f3n en el Monasterio de San Isidoro del Campo, de Santiponce, de un monolito indicativo del Camino, que <a href=\"https:\/\/www.europapress.es\/esandalucia\/sevilla\/noticia-moreno-feijoo-inauguran-santiponce-sevilla-monolito-indicativo-camino-santiago-20211022163331.html\" target=\"_blank\">fue inaugurado por los presidentes auton\u00f3micos de Galicia y de Andaluc\u00eda<\/a>.<\/p>\n<p><figure class=\"wp-block-piwigo-gallery-single-image piwigo-single-image\"><a href=\"https:\/\/www.eniac2000.com\/piwigo\/picture.php?\/7584\" target=\"_blank\" rel=\"noopener noreferrer\"><img decoding=\"async\" src=\"https:\/\/www.eniac2000.com\/piwigo\/_data\/i\/galleries\/albums\/202203-via-plata-santiponce\/20220302_093628-me.jpg\" alt=\"20220302 093628\" \/><\/a><figcaption><strong>20220302 093628<\/strong><\/figcaption><\/figure><br \/>\n<figure class=\"wp-block-piwigo-gallery-single-image piwigo-single-image\"><a href=\"https:\/\/www.eniac2000.com\/piwigo\/picture.php?\/7585\" target=\"_blank\" rel=\"noopener noreferrer\"><img decoding=\"async\" src=\"https:\/\/www.eniac2000.com\/piwigo\/_data\/i\/galleries\/albums\/202203-via-plata-santiponce\/20220302_093641-me.jpg\" alt=\"20220302 093641\" \/><\/a><figcaption><strong>20220302 093641<\/strong><\/figcaption><\/figure><br \/>\n<figure class=\"wp-block-piwigo-gallery-single-image piwigo-single-image\"><a href=\"https:\/\/www.eniac2000.com\/piwigo\/picture.php?\/7586\" target=\"_blank\" rel=\"noopener noreferrer\"><img decoding=\"async\" src=\"https:\/\/www.eniac2000.com\/piwigo\/_data\/i\/galleries\/albums\/202203-via-plata-santiponce\/20220302_093715-me.jpg\" alt=\"20220302 093715\" \/><\/a><figcaption><strong>20220302 093715<\/strong><\/figcaption><\/figure><\/p>\n<p>Y aunque la instalaci\u00f3n del monolito se produjo en octubre del a\u00f1o pasado, entre una cosa y otra a\u00fan no hab\u00eda tenido la oportunidad de ir a verlo. Sin embargo, mi sorpresa fue may\u00fascula al encontrar la semana pasada otro indicador del Camino a las afueras de Santiponce, camino de Guillena. Y este s\u00ed que hab\u00eda sido colocado de manera mucho m\u00e1s reciente:<\/p>\n<p><figure class=\"wp-block-piwigo-gallery-single-image piwigo-single-image\"><a href=\"https:\/\/www.eniac2000.com\/piwigo\/picture.php?\/7588\" target=\"_blank\" rel=\"noopener noreferrer\"><img decoding=\"async\" src=\"https:\/\/www.eniac2000.com\/piwigo\/_data\/i\/galleries\/albums\/202203-via-plata-santiponce\/IMG_20220326_081806132_HDR_1-me.jpg\" alt=\"IMG 20220326 081806132 HDR 1\" \/><\/a><figcaption><strong>IMG 20220326 081806132 HDR 1<\/strong><\/figcaption><\/figure><br \/>\n<figure class=\"wp-block-piwigo-gallery-single-image piwigo-single-image\"><a href=\"https:\/\/www.eniac2000.com\/piwigo\/picture.php?\/7590\" target=\"_blank\" rel=\"noopener noreferrer\"><img decoding=\"async\" src=\"https:\/\/www.eniac2000.com\/piwigo\/_data\/i\/galleries\/albums\/202203-via-plata-santiponce\/IMG_20220326_081824985-me.jpg\" alt=\"IMG 20220326 081824985\" \/><\/a><figcaption><strong>IMG 20220326 081824985<\/strong><\/figcaption><\/figure><\/p>\n<p>Son peque\u00f1os detalles, pero que me gustan. Me gustan mucho. \ud83d\ude42<\/p>\n","protected":false},"excerpt":{"rendered":"<p>2021 fue A\u00f1o Santo Xacobeo. Estrictamente hablando, tendr\u00eda que haber<\/p>\n","protected":false},"author":1,"featured_media":0,"comment_status":"open","ping_status":"open","sticky":false,"template":"","format":"standard","meta":{"advanced_seo_description":"","jetpack_seo_html_title":"","jetpack_seo_noindex":false,"_jetpack_memberships_contains_paid_content":false,"footnotes":"","jetpack_publicize_message":"","jetpack_publicize_feature_enabled":true,"jetpack_social_post_already_shared":false,"jetpack_social_options":{"image_generator_settings":{"template":"highway","default_image_id":0,"font":"","enabled":false},"version":2}},"categories":[2,19],"tags":[1109,1500],"series":[],"class_list":["post-4981","post","type-post","status-publish","format-standard","hentry","category-camino-de-santiago","category-via-de-la-plata","tag-monolito","tag-santiponce"],"jetpack_publicize_connections":[],"jetpack_featured_media_url":"","jetpack_sharing_enabled":true,"_links":{"self":[{"href":"https:\/\/bitacora.eniac2000.com\/index.php?rest_route=\/wp\/v2\/posts\/4981","targetHints":{"allow":["GET"]}}],"collection":[{"href":"https:\/\/bitacora.eniac2000.com\/index.php?rest_route=\/wp\/v2\/posts"}],"about":[{"href":"https:\/\/bitacora.eniac2000.com\/index.php?rest_route=\/wp\/v2\/types\/post"}],"author":[{"embeddable":true,"href":"https:\/\/bitacora.eniac2000.com\/index.php?rest_route=\/wp\/v2\/users\/1"}],"replies":[{"embeddable":true,"href":"https:\/\/bitacora.eniac2000.com\/index.php?rest_route=%2Fwp%2Fv2%2Fcomments&post=4981"}],"version-history":[{"count":0,"href":"https:\/\/bitacora.eniac2000.com\/index.php?rest_route=\/wp\/v2\/posts\/4981\/revisions"}],"wp:attachment":[{"href":"https:\/\/bitacora.eniac2000.com\/index.php?rest_route=%2Fwp%2Fv2%2Fmedia&parent=4981"}],"wp:term":[{"taxonomy":"category","embeddable":true,"href":"https:\/\/bitacora.eniac2000.com\/index.php?rest_route=%2Fwp%2Fv2%2Fcategories&post=4981"},{"taxonomy":"post_tag","embeddable":true,"href":"https:\/\/bitacora.eniac2000.com\/index.php?rest_route=%2Fwp%2Fv2%2Ftags&post=4981"},{"taxonomy":"series","embeddable":true,"href":"https:\/\/bitacora.eniac2000.com\/index.php?rest_route=%2Fwp%2Fv2%2Fseries&post=4981"}],"curies":[{"name":"wp","href":"https:\/\/api.w.org\/{rel}","templated":true}]}}