{"id":4993,"date":"2022-04-03T12:23:53","date_gmt":"2022-04-03T11:23:53","guid":{"rendered":"https:\/\/bitacora.eniac2000.com\/?p=4993"},"modified":"2025-10-05T17:12:53","modified_gmt":"2025-10-05T15:12:53","slug":"etapa-ciclista-forcarey-a-mamoa-puente-de-parada-acivedo-02042022","status":"publish","type":"post","link":"https:\/\/bitacora.eniac2000.com\/?p=4993","title":{"rendered":"Etapa ciclista: Forcarey &#8211; A M\u00e1moa &#8211; Puente de Parada &#8211; Acivedo (02\/04\/2022)"},"content":{"rendered":"<p>El s\u00e1bado 2 de abril realic\u00e9 una etapa por la tarde por varias parroquias de Forcarey y Cerdedo. Ya iba siendo hora de estirar un poco las piernas, y tras un d\u00eda bastante ajetreado, no iba a dejar pasar la oportunidad de rodar en una tarde estupenda, aunque algo fr\u00eda y con bastante viento. Sal\u00ed un poco antes de las 18:30h, tomando la carretera de la Chamosa, para pasar por O Salgueiro, y realizar la subida dura del observatorio. Ese es un tramo del Camino Mi\u00f1oto Ribeiro, que fue limpiado hace algunos meses, pero que vuelve a estar con algo m\u00e1s de vegetaci\u00f3n de la cuenta. Veremos a ver cu\u00e1nto dura abierto.<\/p>\n<p>Una vez en el observatorio, tom\u00e9 la pista que lleva hacia A M\u00e1moa. A la altura del cercado de las vacas se encontraba con bastante barro, lo que me oblig\u00f3 a echar el pie a tierra un par de veces. Desde A M\u00e1moa sub\u00ed por carretera al Monte da Lagoa, y pas\u00e9 por la derecha junto a la antena de comunicaciones. Desde all\u00ed realic\u00e9 un descenso bastante divertido hasta las cercan\u00edas de Moureira, desembocando en la carretera EP-7106. El d\u00eda a\u00fan ten\u00eda bastante luz, as\u00ed que decid\u00ed dirigirme al puente romano de Parada, y desde all\u00ed tomar la congostra que sube hasta Vilari\u00f1o de Cerdedo, que sab\u00eda que me tomar\u00eda un buen rato si estaba tan cerrada por la vegetaci\u00f3n como la vez anterior que pas\u00e9 por all\u00ed. Decidido el rumbo, dej\u00e9 la carretera, pas\u00e9 Moureira y Parada, y no tard\u00e9 en encontrar la bajada al puente. Si bien el comienzo se encontraba tan roto como la primera vez que baj\u00e9, cu\u00e1l ser\u00eda mi sorpresa, al llegar a las cercan\u00edas del puente, de encontrar que se hab\u00eda realizado un arduo trabajo de limpiado del camino y del entorno del puente. \u00a1Luc\u00eda estupendo!<\/p>\n<p><figure class=\"wp-block-piwigo-gallery-single-image piwigo-single-image\"><a href=\"https:\/\/www.eniac2000.com\/piwigo\/picture.php?\/11807\" target=\"_blank\" rel=\"noopener noreferrer\"><img decoding=\"async\" src=\"https:\/\/www.eniac2000.com\/piwigo\/_data\/i\/galleries\/albums\/ciclismo\/20220402-mamoa-parada-acivero\/IMG_20220402_192510561-me.jpg\" alt=\"IMG 20220402 192510561\" \/><\/a><figcaption><strong>IMG 20220402 192510561<\/strong><\/figcaption><\/figure><br \/>\n<figure class=\"wp-block-piwigo-gallery-single-image piwigo-single-image\"><a href=\"https:\/\/www.eniac2000.com\/piwigo\/picture.php?\/11818\" target=\"_blank\" rel=\"noopener noreferrer\"><img decoding=\"async\" src=\"https:\/\/www.eniac2000.com\/piwigo\/_data\/i\/galleries\/albums\/ciclismo\/20220402-mamoa-parada-acivero\/IMG_20220402_193613891-me.jpg\" alt=\"IMG 20220402 193613891\" \/><\/a><figcaption><strong>IMG 20220402 193613891<\/strong><\/figcaption><\/figure><br \/>\n<figure class=\"wp-block-piwigo-gallery-single-image piwigo-single-image\"><a href=\"https:\/\/www.eniac2000.com\/piwigo\/picture.php?\/11808\" target=\"_blank\" rel=\"noopener noreferrer\"><img decoding=\"async\" src=\"https:\/\/www.eniac2000.com\/piwigo\/_data\/i\/galleries\/albums\/ciclismo\/20220402-mamoa-parada-acivero\/IMG_20220402_192524379-me.jpg\" alt=\"IMG 20220402 192524379\" \/><\/a><figcaption><strong>IMG 20220402 192524379<\/strong><\/figcaption><\/figure><br \/>\n<figure class=\"wp-block-piwigo-gallery-single-image piwigo-single-image\"><a href=\"https:\/\/www.eniac2000.com\/piwigo\/picture.php?\/11810\" target=\"_blank\" rel=\"noopener noreferrer\"><img decoding=\"async\" src=\"https:\/\/www.eniac2000.com\/piwigo\/_data\/i\/galleries\/albums\/ciclismo\/20220402-mamoa-parada-acivero\/IMG_20220402_192705604-me.jpg\" alt=\"IMG 20220402 192705604\" \/><\/a><figcaption><strong>IMG 20220402 192705604<\/strong><\/figcaption><\/figure><\/p>\n<p>Pas\u00e9 por encima del puente, y vi que la otra ribera del r\u00edo tambi\u00e9n hab\u00eda sido limpiada, as\u00ed como la congostra que sube hasta Vilari\u00f1o. Eran muy buenas noticias.<\/p>\n<figure class=\"wp-block-piwigo-gallery-single-image piwigo-single-image\"><a href=\"https:\/\/www.eniac2000.com\/piwigo\/picture.php?\/11813\" target=\"_blank\" rel=\"noopener noreferrer\"><img decoding=\"async\" src=\"https:\/\/www.eniac2000.com\/piwigo\/_data\/i\/galleries\/albums\/ciclismo\/20220402-mamoa-parada-acivero\/IMG_20220402_192833534-me.jpg\" alt=\"IMG 20220402 192833534\" \/><\/a><figcaption><strong>IMG 20220402 192833534<\/strong><\/figcaption><\/figure>\n<p>Visto esto, me decid\u00ed a explorar un poco por el cauce del r\u00edo, por el sendero que (en teor\u00eda) sube hasta Forcarey bordeando el L\u00e9rez, y que la vez anterior se encontraba impracticable. En esta ocasi\u00f3n pude ver que -si bien no se hab\u00eda limpiado- hab\u00eda un sendero claro que seguir. No tard\u00e9 en llegar al regueiro de la Freixeira, que se encontraba amansado con un paso de piedras, y explotado por diversos molinos abandonados. <\/p>\n<p><figure class=\"wp-block-piwigo-gallery-single-image piwigo-single-image\"><a href=\"https:\/\/www.eniac2000.com\/piwigo\/picture.php?\/11815\" target=\"_blank\" rel=\"noopener noreferrer\"><img decoding=\"async\" src=\"https:\/\/www.eniac2000.com\/piwigo\/_data\/i\/galleries\/albums\/ciclismo\/20220402-mamoa-parada-acivero\/IMG_20220402_193007466-me.jpg\" alt=\"IMG 20220402 193007466\" \/><\/a><figcaption><strong>IMG 20220402 193007466<\/strong><\/figcaption><\/figure><br \/>\n<figure class=\"wp-block-piwigo-gallery-single-image piwigo-single-image\"><a href=\"https:\/\/www.eniac2000.com\/piwigo\/picture.php?\/11816\" target=\"_blank\" rel=\"noopener noreferrer\"><img decoding=\"async\" src=\"https:\/\/www.eniac2000.com\/piwigo\/_data\/i\/galleries\/albums\/ciclismo\/20220402-mamoa-parada-acivero\/IMG_20220402_193159456-me.jpg\" alt=\"IMG 20220402 193159456\" \/><\/a><figcaption><strong>IMG 20220402 193159456<\/strong><\/figcaption><\/figure> <\/p>\n<p>Hab\u00eda sendero, una vez al otro lado, pero no era claro que se pudiera seguir de manera m\u00ednimamente razonable en bici, as\u00ed que opt\u00e9 por dar la vuelta y dirigirme a Vilari\u00f1o. El camino, en efecto, hab\u00eda sido limpiado, pero segu\u00eda siendo dif\u00edcil para subir por \u00e9l en bici por la abundante piedra suelta. En cualquier caso, era mejor que casi tener que abrirse el paso a machetazos, as\u00ed que segu\u00eda siendo una mejora apreciable.<\/p>\n<figure class=\"wp-block-piwigo-gallery-single-image piwigo-single-image\"><a href=\"https:\/\/www.eniac2000.com\/piwigo\/picture.php?\/11819\" target=\"_blank\" rel=\"noopener noreferrer\"><img decoding=\"async\" src=\"https:\/\/www.eniac2000.com\/piwigo\/_data\/i\/galleries\/albums\/ciclismo\/20220402-mamoa-parada-acivero\/IMG_20220402_193954245_HDR-me.jpg\" alt=\"IMG 20220402 193954245 HDR\" \/><\/a><figcaption><strong>IMG 20220402 193954245 HDR<\/strong><\/figcaption><\/figure>\n<p>Una vez en Vilari\u00f1o, cruc\u00e9 la carretera de Forcarey, pas\u00e9 por la cementera, y sub\u00ed por carretera a Acivedo. All\u00ed tom\u00e9 el Camino de la Geira Romana, y por congostras llenas de agua empec\u00e9 el camino de vuelta. Llegu\u00e9 al \u00e1rea recreativa de la Freixeira, y desde all\u00ed continu\u00e9 por carretera, primero a Cachafeiro, y por \u00faltimo a Forcarey, a donde llegu\u00e9 al filo de las 20:30h. Una buena etapa para estirar las piernas.<\/p>\n<p><strong>Datos de la etapa:<\/strong><\/p>\n<ul>\n<li><strong>Distancia:<\/strong> 22&#8217;821km<\/li>\n<li><strong>Distancia (seg\u00fan el GPS):<\/strong> 22&#8217;82km<\/li>\n<li><strong>Altitud ascendida:<\/strong> 534m<\/li>\n<li><strong>Tiempo de etapa:<\/strong> 1:51:02<\/li>\n<li><strong>Tiempo desde el inicio de la etapa:<\/strong> 2:03:37<\/li>\n<li><strong>Pulsaciones medias:<\/strong> 148ppm<\/li>\n<li><strong>Pulsaciones m\u00e1ximas:<\/strong> 216ppm<\/li>\n<li><strong>Cadencia media:<\/strong> 66rpm<\/li>\n<li><strong>Cadencia m\u00e1xima:<\/strong> 179rpm<\/li>\n<li><strong>Calor\u00edas consumidas:<\/strong> 1897kcal<\/li>\n<\/ul>\n<p><iframe height='405' width='590' frameborder='0' allowtransparency='true' scrolling='no' src='https:\/\/www.strava.com\/activities\/6921670128\/embed\/34b45894c15416cee5ce82fab248eec873315230'><\/iframe><\/p>\n","protected":false},"excerpt":{"rendered":"<p>El s\u00e1bado 2 de abril realic\u00e9 una etapa por la<\/p>\n","protected":false},"author":1,"featured_media":0,"comment_status":"open","ping_status":"open","sticky":false,"template":"","format":"standard","meta":{"advanced_seo_description":"","jetpack_seo_html_title":"","jetpack_seo_noindex":false,"_jetpack_memberships_contains_paid_content":false,"footnotes":"","jetpack_publicize_message":"","jetpack_publicize_feature_enabled":true,"jetpack_social_post_already_shared":false,"jetpack_social_options":{"image_generator_settings":{"template":"highway","default_image_id":0,"font":"","enabled":false},"version":2}},"categories":[24,8],"tags":[38,41,44,274,291,296,683,1135,1231,1335,1744],"series":[],"class_list":["post-4993","post","type-post","status-publish","format-standard","hentry","category-ciclismo","category-deporte","tag-a-freixeira","tag-a-mamoa","tag-acivedo","tag-cachafeiro","tag-camino-de-geira-y-de-los-arrieros","tag-camino-minoto","tag-forcarey","tag-mtb","tag-parada","tag-puente-romano","tag-vilarino"],"jetpack_publicize_connections":[],"jetpack_featured_media_url":"","jetpack_sharing_enabled":true,"_links":{"self":[{"href":"https:\/\/bitacora.eniac2000.com\/index.php?rest_route=\/wp\/v2\/posts\/4993","targetHints":{"allow":["GET"]}}],"collection":[{"href":"https:\/\/bitacora.eniac2000.com\/index.php?rest_route=\/wp\/v2\/posts"}],"about":[{"href":"https:\/\/bitacora.eniac2000.com\/index.php?rest_route=\/wp\/v2\/types\/post"}],"author":[{"embeddable":true,"href":"https:\/\/bitacora.eniac2000.com\/index.php?rest_route=\/wp\/v2\/users\/1"}],"replies":[{"embeddable":true,"href":"https:\/\/bitacora.eniac2000.com\/index.php?rest_route=%2Fwp%2Fv2%2Fcomments&post=4993"}],"version-history":[{"count":0,"href":"https:\/\/bitacora.eniac2000.com\/index.php?rest_route=\/wp\/v2\/posts\/4993\/revisions"}],"wp:attachment":[{"href":"https:\/\/bitacora.eniac2000.com\/index.php?rest_route=%2Fwp%2Fv2%2Fmedia&parent=4993"}],"wp:term":[{"taxonomy":"category","embeddable":true,"href":"https:\/\/bitacora.eniac2000.com\/index.php?rest_route=%2Fwp%2Fv2%2Fcategories&post=4993"},{"taxonomy":"post_tag","embeddable":true,"href":"https:\/\/bitacora.eniac2000.com\/index.php?rest_route=%2Fwp%2Fv2%2Ftags&post=4993"},{"taxonomy":"series","embeddable":true,"href":"https:\/\/bitacora.eniac2000.com\/index.php?rest_route=%2Fwp%2Fv2%2Fseries&post=4993"}],"curies":[{"name":"wp","href":"https:\/\/api.w.org\/{rel}","templated":true}]}}