{"id":4995,"date":"2022-04-14T11:20:21","date_gmt":"2022-04-14T10:20:21","guid":{"rendered":"https:\/\/bitacora.eniac2000.com\/?p=4995"},"modified":"2025-10-05T17:12:53","modified_gmt":"2025-10-05T15:12:53","slug":"posible-conversion-de-la-fuji-a-gravel","status":"publish","type":"post","link":"https:\/\/bitacora.eniac2000.com\/?p=4995","title":{"rendered":"Posible conversi\u00f3n de la Fuji a gravel"},"content":{"rendered":"<p>Estoy metido estos d\u00edas en un proyecto de restauraci\u00f3n del que ya hablar\u00e9 en su momento, y para el que he estado adquiriendo algunas piezas que necesito. Parte de ellas han sido unas llantas 700c, con cubiertas de 32mm para gravel, y creo que con esto ya se puede intuir por d\u00f3nde van los tiros. El caso es que, aprovechando que estoy estos d\u00edas en Santiponce, se me ha ocurrido probar si mi vieja Fuji Sundance SE admitir\u00eda ruedas de m\u00e1s de 26\u00bb, que son las que montan de f\u00e1brica. Sobre todo teniendo en cuenta que hace ya alg\u00fan tiempo, cuando la rehabilit\u00e9 y la convert\u00ed en una bici urbana para ir al trabajo, le puse una horquilla r\u00edgida de 26. Y el caso es que s\u00ed, que s\u00ed las admite:<\/p>\n<figure class=\"wp-block-piwigo-gallery-single-image piwigo-single-image\"><a href=\"https:\/\/www.eniac2000.com\/piwigo\/picture.php?\/12181\" target=\"_blank\" rel=\"noopener noreferrer\"><img decoding=\"async\" src=\"https:\/\/www.eniac2000.com\/piwigo\/_data\/i\/galleries\/albums\/ciclismo\/otras-bicis\/IMG_20220413_112824508-me.jpg\" alt=\"IMG 20220413 112824508\" \/><\/a><figcaption><strong>IMG 20220413 112824508<\/strong><\/figcaption><\/figure>\n<p>La horquilla delantera las soporta de manera sobrada. De hecho, tiene pinta de haber sido desarrollada originalmente pensando en ser de 29\u00bb o directamente 700c (salvo por el hecho de que las punteras para los frenos V Brake est\u00e1n a la altura de 26\u00bb), as\u00ed que esa parte sin problema ninguno. En cuanto al cuadro en s\u00ed, soporta tambi\u00e9n sin problemas las 700x32c, e incluso dir\u00eda que puede llegar sin grandes estrecheces a 35c. En las vainas, desde luego, y con algo m\u00e1s de duda en la parte superior:<\/p>\n<p><figure class=\"wp-block-piwigo-gallery-single-image piwigo-single-image\"><a href=\"https:\/\/www.eniac2000.com\/piwigo\/picture.php?\/12182\" target=\"_blank\" rel=\"noopener noreferrer\"><img decoding=\"async\" src=\"https:\/\/www.eniac2000.com\/piwigo\/_data\/i\/galleries\/albums\/ciclismo\/otras-bicis\/IMG_20220413_112835191-me.jpg\" alt=\"IMG 20220413 112835191\" \/><\/a><figcaption><strong>IMG 20220413 112835191<\/strong><\/figcaption><\/figure><br \/>\n<figure class=\"wp-block-piwigo-gallery-single-image piwigo-single-image\"><a href=\"https:\/\/www.eniac2000.com\/piwigo\/picture.php?\/12183\" target=\"_blank\" rel=\"noopener noreferrer\"><img decoding=\"async\" src=\"https:\/\/www.eniac2000.com\/piwigo\/_data\/i\/galleries\/albums\/ciclismo\/otras-bicis\/IMG_20220413_112910313-me.jpg\" alt=\"IMG 20220413 112910313\" \/><\/a><figcaption><strong>IMG 20220413 112910313<\/strong><\/figcaption><\/figure><\/p>\n<p>Esto abre una abanico interesante de posibilidades: pensando en una gravel para ir de alforjas, la Fuji soporta perfectamente la conversi\u00f3n, y dispongo ya en ella (incluso montado) el transport\u00edn trasero. Ser\u00eda cuesti\u00f3n de <a href=\"https:\/\/es.aliexpress.com\/item\/1005002971397309.html?gatewayAdapt=glo2esp&#038;spm=a2g0s.8937460.0.0.1e082e0eOl7gHi\" target=\"_blank\">cambiar el manillar a uno tipo gravel<\/a>, junto con sus manetas, y si acaso el monstruoso plato de 48 dientes por uno m\u00e1s normal. Hay un peque\u00f1o matiz, que es el de los frenos: actualmente hago uso de unos estupendos V Brake Shimano XT, que no valdr\u00edan para las llantas de 700c. Esto me obligar\u00eda en condiciones normales a pasarme a frenos de disco (o unos de tipo puente, pero el cuadro de la Fuji no tiene taladro para este tipo de freno), pero he encontrado en Aliexpress unos <a href=\"http:\/\/https:\/\/es.aliexpress.com\/item\/32859718283.html?gatewayAdapt=glo2esp&#038;spm=a2g0s.8937460.0.0.1e082e0eOl7gHi\" target=\"_blank\">adaptadores de frenos<\/a> para que se puedan seguir usando los frenos de 26\u00bb en 700c. Algo sumamente pr\u00e1ctico. En fin, ya veremos si al final me decido a hacer algo por el estilo. <img src=\"https:\/\/bitacora.eniac2000.com\/wp-includes\/images\/smilies\/mrgreen.png\" alt=\":mrgreen:\" class=\"wp-smiley\" style=\"height: 1em; max-height: 1em;\" \/><\/p>\n","protected":false},"excerpt":{"rendered":"<p>Estoy metido estos d\u00edas en un proyecto de restauraci\u00f3n del<\/p>\n","protected":false},"author":1,"featured_media":0,"comment_status":"open","ping_status":"open","sticky":false,"template":"","format":"standard","meta":{"advanced_seo_description":"","jetpack_seo_html_title":"","jetpack_seo_noindex":false,"_jetpack_memberships_contains_paid_content":false,"footnotes":"","jetpack_publicize_message":"","jetpack_publicize_feature_enabled":true,"jetpack_social_post_already_shared":false,"jetpack_social_options":{"image_generator_settings":{"template":"highway","default_image_id":0,"font":"","enabled":false},"version":2}},"categories":[24,8],"tags":[709,758],"series":[],"class_list":["post-4995","post","type-post","status-publish","format-standard","hentry","category-ciclismo","category-deporte","tag-fuji","tag-gravel"],"jetpack_publicize_connections":[],"jetpack_featured_media_url":"","jetpack_sharing_enabled":true,"_links":{"self":[{"href":"https:\/\/bitacora.eniac2000.com\/index.php?rest_route=\/wp\/v2\/posts\/4995","targetHints":{"allow":["GET"]}}],"collection":[{"href":"https:\/\/bitacora.eniac2000.com\/index.php?rest_route=\/wp\/v2\/posts"}],"about":[{"href":"https:\/\/bitacora.eniac2000.com\/index.php?rest_route=\/wp\/v2\/types\/post"}],"author":[{"embeddable":true,"href":"https:\/\/bitacora.eniac2000.com\/index.php?rest_route=\/wp\/v2\/users\/1"}],"replies":[{"embeddable":true,"href":"https:\/\/bitacora.eniac2000.com\/index.php?rest_route=%2Fwp%2Fv2%2Fcomments&post=4995"}],"version-history":[{"count":0,"href":"https:\/\/bitacora.eniac2000.com\/index.php?rest_route=\/wp\/v2\/posts\/4995\/revisions"}],"wp:attachment":[{"href":"https:\/\/bitacora.eniac2000.com\/index.php?rest_route=%2Fwp%2Fv2%2Fmedia&parent=4995"}],"wp:term":[{"taxonomy":"category","embeddable":true,"href":"https:\/\/bitacora.eniac2000.com\/index.php?rest_route=%2Fwp%2Fv2%2Fcategories&post=4995"},{"taxonomy":"post_tag","embeddable":true,"href":"https:\/\/bitacora.eniac2000.com\/index.php?rest_route=%2Fwp%2Fv2%2Ftags&post=4995"},{"taxonomy":"series","embeddable":true,"href":"https:\/\/bitacora.eniac2000.com\/index.php?rest_route=%2Fwp%2Fv2%2Fseries&post=4995"}],"curies":[{"name":"wp","href":"https:\/\/api.w.org\/{rel}","templated":true}]}}