{"id":5013,"date":"2022-05-15T17:05:05","date_gmt":"2022-05-15T16:05:05","guid":{"rendered":"https:\/\/bitacora.eniac2000.com\/?p=5013"},"modified":"2025-10-05T17:15:59","modified_gmt":"2025-10-05T15:15:59","slug":"estreno-de-la-super-bh-l6000-gravel-monoplato-quintillan-y-monte-seixo","status":"publish","type":"post","link":"https:\/\/bitacora.eniac2000.com\/?p=5013","title":{"rendered":"Estreno de la Super BH L6000 gravel monoplato: Quintill\u00e1n y Monte Seixo"},"content":{"rendered":"<p>Tras la <a href=\"https:\/\/bitacora.eniac2000.com\/?p=5003\" title=\"Super BH L6000 gravel monoplato. Una restauraci\u00f3n agresiva\" target=\"_blank\">restauraci\u00f3n que realic\u00e9 recientemente sobre una Super BH L6000<\/a>, no pod\u00eda tardar mucho en probarla. Aprovechando que el 4 de mayo era festivo en Sevilla, y no ten\u00eda por tanto que trabajar, aprovech\u00e9 para salir a hacer una salida corta y probar sensaciones. Sal\u00ed de Forcarey por la Chamosa, para subir por carretera hasta Las Casetas. El rodar con la bici era bastante agradable, aunque como es un cuadro peque\u00f1o, la notaba bastante nerviosa. Sin embargo, no estaba teniendo el principal problema que hab\u00eda estado temiendo, que era el que la rueda delantera me tropezara con los rastrales al girar, ya que al tener el tiro tan corto, hab\u00eda notado que pod\u00edan llegar a tropezar. Y si bien es cierto que esto era algo que pod\u00eda darse girando muy en redondo a baja velocidad, con un ritmo normal de pedaleo no se estaba dando. Ya en Las Casetas, enganch\u00e9 con el recorrido del Camino Mi\u00f1oto Ribeiro, con la declarada idea de ir hasta Quintill\u00e1n, si bien no me pude contener, he hice una primera parada en Levoso, junto a una preciosa casa de piedra.<\/p>\n<figure class=\"wp-block-piwigo-gallery-single-image piwigo-single-image\"><a href=\"https:\/\/www.eniac2000.com\/piwigo\/picture.php?\/11823\" target=\"_blank\" rel=\"noopener noreferrer\"><img decoding=\"async\" src=\"https:\/\/www.eniac2000.com\/piwigo\/_data\/i\/galleries\/albums\/ciclismo\/20220504-superbhl6000-forcarey\/IMG_20220504_093611357-me.jpg\" alt=\"IMG 20220504 093611357\" \/><\/a><figcaption><strong>IMG 20220504 093611357<\/strong><\/figcaption><\/figure>\n<p>Pasado Levoso, pude comprobar algo que ya hab\u00eda estado temiendo, tambi\u00e9n. La bici frenaba poco en bajadas abruptas. Cierto es que las pastillas estaban a\u00fan nuevas, pero las sensaciones no eran buenas. Sin embargo, el rodar por campo s\u00ed que lo era.<\/p>\n<p><figure class=\"wp-block-piwigo-gallery-single-image piwigo-single-image\"><a href=\"https:\/\/www.eniac2000.com\/piwigo\/picture.php?\/11824\" target=\"_blank\" rel=\"noopener noreferrer\"><img decoding=\"async\" src=\"https:\/\/www.eniac2000.com\/piwigo\/_data\/i\/galleries\/albums\/ciclismo\/20220504-superbhl6000-forcarey\/IMG_20220504_094018417-me.jpg\" alt=\"IMG 20220504 094018417\" \/><\/a><figcaption><strong>IMG 20220504 094018417<\/strong><\/figcaption><\/figure><br \/>\n<figure class=\"wp-block-piwigo-gallery-single-image piwigo-single-image\"><a href=\"https:\/\/www.eniac2000.com\/piwigo\/picture.php?\/11825\" target=\"_blank\" rel=\"noopener noreferrer\"><img decoding=\"async\" src=\"https:\/\/www.eniac2000.com\/piwigo\/_data\/i\/galleries\/albums\/ciclismo\/20220504-superbhl6000-forcarey\/IMG_20220504_094613156-me.jpg\" alt=\"IMG 20220504 094613156\" \/><\/a><figcaption><strong>IMG 20220504 094613156<\/strong><\/figcaption><\/figure><\/p>\n<p>Pas\u00e9 la cascada de Quintill\u00e1n, y me dirig\u00ed hacia la Ermita de San Amaro, donde tambi\u00e9n par\u00e9.<\/p>\n<figure class=\"wp-block-piwigo-gallery-single-image piwigo-single-image\"><a href=\"https:\/\/www.eniac2000.com\/piwigo\/picture.php?\/11827\" target=\"_blank\" rel=\"noopener noreferrer\"><img decoding=\"async\" src=\"https:\/\/www.eniac2000.com\/piwigo\/_data\/i\/galleries\/albums\/ciclismo\/20220504-superbhl6000-forcarey\/IMG_20220504_095512348-me.jpg\" alt=\"IMG 20220504 095512348\" \/><\/a><figcaption><strong>IMG 20220504 095512348<\/strong><\/figcaption><\/figure>\n<p>Desde la ermita, volv\u00ed un poco sobre mis pasos, para tomar una pista a mano izquierda que sub\u00eda por la monta\u00f1a, para volver a Quintill\u00e1n. La pista picaba bastante en algunos momentos, y tuve la oportunidad de probar la combinaci\u00f3n de 36&#215;50 que hab\u00eda montado. Suficiente para subir, pero el cambio no acababa de ir del todo fino, y saltaba un poco. Tras intentar algunos ajustes, de manera infructuosa, decid\u00ed continuar usando como m\u00e1ximo el 42.<\/p>\n<figure class=\"wp-block-piwigo-gallery-single-image piwigo-single-image\"><a href=\"https:\/\/www.eniac2000.com\/piwigo\/picture.php?\/11828\" target=\"_blank\" rel=\"noopener noreferrer\"><img decoding=\"async\" src=\"https:\/\/www.eniac2000.com\/piwigo\/_data\/i\/galleries\/albums\/ciclismo\/20220504-superbhl6000-forcarey\/IMG_20220504_102201402_HDR-me.jpg\" alt=\"IMG 20220504 102201402 HDR\" \/><\/a><figcaption><strong>IMG 20220504 102201402 HDR<\/strong><\/figcaption><\/figure>\n<p>Regres\u00e9 a Quintill\u00e1n rodando por un terreno mixto de pista forestal y camino asfaltado, que hicieron las delicias de la bici, y es que est\u00e1 dise\u00f1ada para rodar exactamente por este tipo de superficies. Estaba siendo un acierto total, aunque notaba el manillar algo m\u00e1s estrecho de la cuenta. No el balde era el que hab\u00eda recortado para mi a\u00f1orada plegable irlandesa.<\/p>\n<figure class=\"wp-block-piwigo-gallery-single-image piwigo-single-image\"><a href=\"https:\/\/www.eniac2000.com\/piwigo\/picture.php?\/11830\" target=\"_blank\" rel=\"noopener noreferrer\"><img decoding=\"async\" src=\"https:\/\/www.eniac2000.com\/piwigo\/_data\/i\/galleries\/albums\/ciclismo\/20220504-superbhl6000-forcarey\/IMG_20220504_105843824-me.jpg\" alt=\"IMG 20220504 105843824\" \/><\/a><figcaption><strong>IMG 20220504 105843824<\/strong><\/figcaption><\/figure>\n<p>Regres\u00e9 a Forcarey por carretera, volviendo por Rozados, ya todo por carretera, y tom\u00e9 un estupendo caf\u00e9 con leche en la plaza del ayuntamiento. Recapitulando, ten\u00eda tres puntos claros de mejora: la patilla del cambio, los frenos, y el manillar. En lo referente al primero, ten\u00eda claro lo que hacer: hab\u00eda tenido que hacer uso de dos extensiones de la patilla del cambio. Encargu\u00e9 un solo extensor de mayor longitud, que me lleg\u00f3 al d\u00eda siguiente. Aparte de ponerlo, aprovech\u00e9 para rectificar un poco la posici\u00f3n de la patilla, que ten\u00eda pinta de estar algo doblada. Requiri\u00f3 algo de trasteo, pero acab\u00e9 por dejarlo todo fino. En cuanto al segundo, ped\u00ed pastillas de freno nueva, de tipo V-Brake. Pude colocarlas en el freno trasero, pero no acababan de entrar en el delantero. De momento ha quedado una configuraci\u00f3n mixta que no me hace muy feliz, pero frena mejor. Y en lo que se refiere al tercero, subir\u00e9 desde Sevilla otro manillar que tengo, m\u00e1s ancho, proveniente de la Fuji. Ya veremos si lo cambio. En la siguiente foto ya se aprecian los cambios comentados:<\/p>\n<figure class=\"wp-block-piwigo-gallery-single-image piwigo-single-image\"><a href=\"https:\/\/www.eniac2000.com\/piwigo\/picture.php?\/11802\" target=\"_blank\" rel=\"noopener noreferrer\"><img decoding=\"async\" src=\"https:\/\/www.eniac2000.com\/piwigo\/_data\/i\/galleries\/albums\/ciclismo\/202204-restauracion-l6000-peq\/IMG_20220505_135405274-me.jpg\" alt=\"IMG 20220505 135405274\" \/><\/a><figcaption><strong>IMG 20220505 135405274<\/strong><\/figcaption><\/figure>\n<p>Pasados unos d\u00edas, hice una nueva prueba, esta vez por Monte Seixo. Una salida corta, desde la subestaci\u00f3n el\u00e9ctrica. Fue un recorrido sencillo y corto, hasta la capilla de Santa Mar\u00eda, primero, y despu\u00e9s hasta el Mirador de las Tres R\u00edas. Como el d\u00eda estaba tremendamente despejado, se pudo disfrutar de una salida estupenda.<\/p>\n<p><figure class=\"wp-block-piwigo-gallery-single-image piwigo-single-image\"><a href=\"https:\/\/www.eniac2000.com\/piwigo\/picture.php?\/11833\" target=\"_blank\" rel=\"noopener noreferrer\"><img decoding=\"async\" src=\"https:\/\/www.eniac2000.com\/piwigo\/_data\/i\/galleries\/albums\/ciclismo\/20220508-SuperBHL6000-monte_seixo\/IMG_20220508_121212978-me.jpg\" alt=\"IMG 20220508 121212978\" \/><\/a><figcaption><strong>IMG 20220508 121212978<\/strong><\/figcaption><\/figure><br \/>\n<figure class=\"wp-block-piwigo-gallery-single-image piwigo-single-image\"><a href=\"https:\/\/www.eniac2000.com\/piwigo\/picture.php?\/11832\" target=\"_blank\" rel=\"noopener noreferrer\"><img decoding=\"async\" src=\"https:\/\/www.eniac2000.com\/piwigo\/_data\/i\/galleries\/albums\/ciclismo\/20220508-SuperBHL6000-monte_seixo\/IMG_20220508_113550215-me.jpg\" alt=\"IMG 20220508 113550215\" \/><\/a><figcaption><strong>IMG 20220508 113550215<\/strong><\/figcaption><\/figure><br \/>\n<figure class=\"wp-block-piwigo-gallery-single-image piwigo-single-image\"><a href=\"https:\/\/www.eniac2000.com\/piwigo\/picture.php?\/11834\" target=\"_blank\" rel=\"noopener noreferrer\"><img decoding=\"async\" src=\"https:\/\/www.eniac2000.com\/piwigo\/_data\/i\/galleries\/albums\/ciclismo\/20220508-SuperBHL6000-monte_seixo\/PANO_20220508_160600-me.jpg\" alt=\"PANO 20220508 160600\" \/><\/a><figcaption><strong>PANO 20220508 160600<\/strong><\/figcaption><\/figure><\/p>\n<p>He aprovechado, tambi\u00e9n, para rodar un v\u00eddeo en las ubicaciones indicadas. Espero que os guste.<\/p>\n<p><iframe loading=\"lazy\" width=\"560\" height=\"315\" src=\"https:\/\/www.youtube.com\/embed\/xu9MmzHDXbY\" title=\"YouTube video player\" frameborder=\"0\" allow=\"accelerometer; autoplay; clipboard-write; encrypted-media; gyroscope; picture-in-picture\" allowfullscreen><\/iframe><\/p>\n","protected":false},"excerpt":{"rendered":"<p>Tras la restauraci\u00f3n que realic\u00e9 recientemente sobre una Super BH<\/p>\n","protected":false},"author":1,"featured_media":0,"comment_status":"open","ping_status":"open","sticky":false,"template":"","format":"standard","meta":{"advanced_seo_description":"","jetpack_seo_html_title":"","jetpack_seo_noindex":false,"_jetpack_memberships_contains_paid_content":false,"footnotes":"","jetpack_publicize_message":"","jetpack_publicize_feature_enabled":true,"jetpack_social_post_already_shared":false,"jetpack_social_options":{"image_generator_settings":{"template":"highway","default_image_id":0,"font":"","enabled":false},"version":2}},"categories":[24,8],"tags":[683,758,1087,1118,1365,1470,1584],"series":[],"class_list":["post-5013","post","type-post","status-publish","format-standard","hentry","category-ciclismo","category-deporte","tag-forcarey","tag-gravel","tag-mirador-de-las-tres-rias","tag-monte-seixo","tag-quintillan","tag-san-amaro","tag-super-bh-l6000"],"jetpack_publicize_connections":[],"jetpack_featured_media_url":"","jetpack_sharing_enabled":true,"_links":{"self":[{"href":"https:\/\/bitacora.eniac2000.com\/index.php?rest_route=\/wp\/v2\/posts\/5013","targetHints":{"allow":["GET"]}}],"collection":[{"href":"https:\/\/bitacora.eniac2000.com\/index.php?rest_route=\/wp\/v2\/posts"}],"about":[{"href":"https:\/\/bitacora.eniac2000.com\/index.php?rest_route=\/wp\/v2\/types\/post"}],"author":[{"embeddable":true,"href":"https:\/\/bitacora.eniac2000.com\/index.php?rest_route=\/wp\/v2\/users\/1"}],"replies":[{"embeddable":true,"href":"https:\/\/bitacora.eniac2000.com\/index.php?rest_route=%2Fwp%2Fv2%2Fcomments&post=5013"}],"version-history":[{"count":0,"href":"https:\/\/bitacora.eniac2000.com\/index.php?rest_route=\/wp\/v2\/posts\/5013\/revisions"}],"wp:attachment":[{"href":"https:\/\/bitacora.eniac2000.com\/index.php?rest_route=%2Fwp%2Fv2%2Fmedia&parent=5013"}],"wp:term":[{"taxonomy":"category","embeddable":true,"href":"https:\/\/bitacora.eniac2000.com\/index.php?rest_route=%2Fwp%2Fv2%2Fcategories&post=5013"},{"taxonomy":"post_tag","embeddable":true,"href":"https:\/\/bitacora.eniac2000.com\/index.php?rest_route=%2Fwp%2Fv2%2Ftags&post=5013"},{"taxonomy":"series","embeddable":true,"href":"https:\/\/bitacora.eniac2000.com\/index.php?rest_route=%2Fwp%2Fv2%2Fseries&post=5013"}],"curies":[{"name":"wp","href":"https:\/\/api.w.org\/{rel}","templated":true}]}}