{"id":5019,"date":"2022-05-27T20:24:45","date_gmt":"2022-05-27T19:24:45","guid":{"rendered":"https:\/\/bitacora.eniac2000.com\/?p=5019"},"modified":"2025-10-05T17:12:53","modified_gmt":"2025-10-05T15:12:53","slug":"etapa-ciclista-forcarey-camino-de-los-arrieros-vilarino-ponte-parada-21052022","status":"publish","type":"post","link":"https:\/\/bitacora.eniac2000.com\/?p=5019","title":{"rendered":"Etapa ciclista: Forcarey &#8211; Camino de los Arrieros &#8211; Vilari\u00f1o &#8211; Ponte Parada (21\/05\/2022)"},"content":{"rendered":"<p>El s\u00e1bado 21 de mayo hice una etapa ciclista por el entorno de Forcarey, con la interesante novedad de que lo hice acompa\u00f1ado. Mi cu\u00f1ado Slava, que ten\u00eda bastantes ganas de salir por esta zona, me propuso salir a rodar, y no pude menos que aceptar. El d\u00eda, en principio, no parec\u00eda el m\u00e1s propicio, ya que se hab\u00edan anunciado tormentas en la zona, pero al final result\u00f3 ser bastante bueno, ya que el cielo estuvo cubierto toda la tarde, apenas nos cayeron unas gotas (salvo al final, que nos cay\u00f3 un chaparr\u00f3n bien curioso), y nos libramos de tener calor o mucho sol.<\/p>\n<p>Como dec\u00eda, salimos a rodar por la tarde. Empezamos la etapa pasadas las 16:45h, y salimos de Forcarey en direcci\u00f3n a la Chamosa. Slava me hab\u00eda pedido hacer una etapa bonita, y decid\u00ed componer un recorrido con algunos de los puntos m\u00e1s interesantes de las cercan\u00edas de Forcarey. Lo de las cercan\u00edas fue sobre todo por la amenaza de tormenta, por lo que hab\u00eda priorizado sitios cercanos, de los que podr\u00edamos volver r\u00e1pidamente en caso de tormenta fuerte. Empezamos descendiendo a la cascada de La Chamosa por Tras do Lombo, que tiene algunas bajadas y subidas bastante divertidas. Tras parar en la cascada, subimos a la Chamosa por la calzada de piedra, para desde ah\u00ed salir a la carretera, y seguir hacia O Salgueiro. All\u00ed continuamos por el Camino Mi\u00f1oto, pasando por el tramo de camino de piedra, y despu\u00e9s la dura subida por asfalto hasta el observatorio.<\/p>\n<p>Desde el observatorio, giramos a la izquierda para tomar la pista que lleva hasta A M\u00e1moa, un tramo bien divertido, que conjuga pista de tierra, un descenso por grava, el vadeo del arroyo que forma la cascada, y despu\u00e9s una subida sostenida por antiguo camino hasta A M\u00e1moa. All\u00ed enlazamos con el Camino de los Arrieros, para bajar por pista hasta Puente de Gomail.<\/p>\n<p><figure class=\"wp-block-piwigo-gallery-single-image piwigo-single-image\"><a href=\"https:\/\/www.eniac2000.com\/piwigo\/picture.php?\/11836\" target=\"_blank\" rel=\"noopener noreferrer\"><img decoding=\"async\" src=\"https:\/\/www.eniac2000.com\/piwigo\/_data\/i\/galleries\/albums\/ciclismo\/20220521-forcarey\/IMG_20220521_174953132-me.jpg\" alt=\"IMG 20220521 174953132\" \/><\/a><figcaption><strong>IMG 20220521 174953132<\/strong><\/figcaption><\/figure><br \/>\n<figure class=\"wp-block-piwigo-gallery-single-image piwigo-single-image\"><a href=\"https:\/\/www.eniac2000.com\/piwigo\/picture.php?\/11837\" target=\"_blank\" rel=\"noopener noreferrer\"><img decoding=\"async\" src=\"https:\/\/www.eniac2000.com\/piwigo\/_data\/i\/galleries\/albums\/ciclismo\/20220521-forcarey\/IMG_20220521_175001162_HDR-me.jpg\" alt=\"IMG 20220521 175001162 HDR\" \/><\/a><figcaption><strong>IMG 20220521 175001162 HDR<\/strong><\/figcaption><\/figure><\/p>\n<p>Desde el puente, subimos por la corredoira hasta Gax\u00edn, para all\u00ed seguir por carretera a trav\u00e9s de Cachafeiro, para llegar hasta la zona recreativa de la Freixeira. Paramos un rato para reponernos del esfuerzo, y continuamos por el Camino, siempre en direcci\u00f3n contraria. \u00c9ste, que hab\u00eda sido limpiado hace algunos meses, empezaba a estar otra vez comido de vegetaci\u00f3n. \u00a1Es lo que tiene Galicia!<\/p>\n<p>Salimos moment\u00e1neamente a carretera, para volver a tomar la pista, en un primer tramo con bastante barro, y posteriormente con una subida interesante, y algo m\u00e1s de vegetaci\u00f3n. Salimos a Vilar, y all\u00ed giramos a la derecha por carretera, para pasar junto a Fontela y Acivedo, y seguir hasta dar con la carretera que lleva a Forcarey, a la altura de la cementera. Desde all\u00ed bajamos a Vilari\u00f1o, para seguir por el antiguo camino empedrado hasta el Puente de Parada. La bajada estaba algo peor de lo que recordaba, y entre eso y la humedad de las lloviznas, hac\u00eda que fuera bastante peligroso, as\u00ed que tuvimos que bajar un rato a pie, hasta las cercan\u00edas del puente, donde hicimos una nueva parada.<\/p>\n<p><figure class=\"wp-block-piwigo-gallery-single-image piwigo-single-image\"><a href=\"https:\/\/www.eniac2000.com\/piwigo\/picture.php?\/11840\" target=\"_blank\" rel=\"noopener noreferrer\"><img decoding=\"async\" src=\"https:\/\/www.eniac2000.com\/piwigo\/_data\/i\/galleries\/albums\/ciclismo\/20220521-forcarey\/IMG_20220521_190400581-me.jpg\" alt=\"IMG 20220521 190400581\" \/><\/a><figcaption><strong>IMG 20220521 190400581<\/strong><\/figcaption><\/figure><br \/>\n<figure class=\"wp-block-piwigo-gallery-single-image piwigo-single-image\"><a href=\"https:\/\/www.eniac2000.com\/piwigo\/picture.php?\/11841\" target=\"_blank\" rel=\"noopener noreferrer\"><img decoding=\"async\" src=\"https:\/\/www.eniac2000.com\/piwigo\/_data\/i\/galleries\/albums\/ciclismo\/20220521-forcarey\/IMG_20220521_190855741-me.jpg\" alt=\"IMG 20220521 190855741\" \/><\/a><figcaption><strong>IMG 20220521 190855741<\/strong><\/figcaption><\/figure><\/p>\n<p>Cruzamos el puente, y subimos hacia Parada. La subida, aunque muy t\u00e9cnica, estaba mejor que la bajada desde Vilari\u00f1o, y pudimos hacerla casi entera sobre la bici. Desde Parada emprendimos el retorno a Forcarey, que ya fue todo por carretera. Salimos a la carretera que va de Forcarey a Folgoso, y emprendimos la vuelta, pasando por Barciela y Murada. Fue el tramo que m\u00e1s nos llovi\u00f3. De hecho, desechamos parar en Barciela, y volviendo del tir\u00f3n a Forcarey, a donde llegamos a las 19:40, con casi 28 kil\u00f3metros de etapa, que fue bien interesante, y mejor disfrutada.<\/p>\n<p><strong>Datos de la etapa:<\/strong><\/p>\n<ul>\n<li><strong>Distancia:<\/strong> 27&#8217;924km<\/li>\n<li><strong>Distancia (seg\u00fan el GPS):<\/strong> 27&#8217;92km<\/li>\n<li><strong>Altitud ascendida:<\/strong> 697m<\/li>\n<li><strong>Tiempo de etapa:<\/strong> 2:17:25<\/li>\n<li><strong>Tiempo desde el inicio de la etapa:<\/strong> 2:52:31<\/li>\n<li><strong>Pulsaciones medias:<\/strong> 146ppm<\/li>\n<li><strong>Pulsaciones m\u00e1ximas:<\/strong> 198ppm<\/li>\n<li><strong>Cadencia media:<\/strong> 66rpm<\/li>\n<li><strong>Cadencia m\u00e1xima:<\/strong> 170rpm<\/li>\n<li><strong>Calor\u00edas consumidas:<\/strong> 2496kcal<\/li>\n<\/ul>\n<p><iframe height='405' width='590' frameborder='0' allowtransparency='true' scrolling='no' src='https:\/\/www.strava.com\/activities\/7180355580\/embed\/2626eecf9debb9d83a5174dbbe219d10e84f40d6'><\/iframe><\/p>\n","protected":false},"excerpt":{"rendered":"<p>El s\u00e1bado 21 de mayo hice una etapa ciclista por<\/p>\n","protected":false},"author":1,"featured_media":0,"comment_status":"open","ping_status":"open","sticky":false,"template":"","format":"standard","meta":{"advanced_seo_description":"","jetpack_seo_html_title":"","jetpack_seo_noindex":false,"_jetpack_memberships_contains_paid_content":false,"footnotes":"","jetpack_publicize_message":"","jetpack_publicize_feature_enabled":true,"jetpack_social_post_already_shared":false,"jetpack_social_options":{"image_generator_settings":{"template":"highway","default_image_id":0,"font":"","enabled":false},"version":2}},"categories":[24,8],"tags":[291,296,683,734,1135,1328],"series":[],"class_list":["post-5019","post","type-post","status-publish","format-standard","hentry","category-ciclismo","category-deporte","tag-camino-de-geira-y-de-los-arrieros","tag-camino-minoto","tag-forcarey","tag-gomail","tag-mtb","tag-puente-de-parada"],"jetpack_publicize_connections":[],"jetpack_featured_media_url":"","jetpack_sharing_enabled":true,"_links":{"self":[{"href":"https:\/\/bitacora.eniac2000.com\/index.php?rest_route=\/wp\/v2\/posts\/5019","targetHints":{"allow":["GET"]}}],"collection":[{"href":"https:\/\/bitacora.eniac2000.com\/index.php?rest_route=\/wp\/v2\/posts"}],"about":[{"href":"https:\/\/bitacora.eniac2000.com\/index.php?rest_route=\/wp\/v2\/types\/post"}],"author":[{"embeddable":true,"href":"https:\/\/bitacora.eniac2000.com\/index.php?rest_route=\/wp\/v2\/users\/1"}],"replies":[{"embeddable":true,"href":"https:\/\/bitacora.eniac2000.com\/index.php?rest_route=%2Fwp%2Fv2%2Fcomments&post=5019"}],"version-history":[{"count":0,"href":"https:\/\/bitacora.eniac2000.com\/index.php?rest_route=\/wp\/v2\/posts\/5019\/revisions"}],"wp:attachment":[{"href":"https:\/\/bitacora.eniac2000.com\/index.php?rest_route=%2Fwp%2Fv2%2Fmedia&parent=5019"}],"wp:term":[{"taxonomy":"category","embeddable":true,"href":"https:\/\/bitacora.eniac2000.com\/index.php?rest_route=%2Fwp%2Fv2%2Fcategories&post=5019"},{"taxonomy":"post_tag","embeddable":true,"href":"https:\/\/bitacora.eniac2000.com\/index.php?rest_route=%2Fwp%2Fv2%2Ftags&post=5019"},{"taxonomy":"series","embeddable":true,"href":"https:\/\/bitacora.eniac2000.com\/index.php?rest_route=%2Fwp%2Fv2%2Fseries&post=5019"}],"curies":[{"name":"wp","href":"https:\/\/api.w.org\/{rel}","templated":true}]}}