{"id":5057,"date":"2022-09-06T12:08:19","date_gmt":"2022-09-06T11:08:19","guid":{"rendered":"https:\/\/bitacora.eniac2000.com\/?p=5057"},"modified":"2022-09-06T12:08:19","modified_gmt":"2022-09-06T11:08:19","slug":"500-aniversario-de-la-primera-circunnavegacion-de-la-tierra","status":"publish","type":"post","link":"https:\/\/bitacora.eniac2000.com\/?p=5057","title":{"rendered":"500 aniversario de la primera circunnavegaci\u00f3n de la Tierra"},"content":{"rendered":"<p>Hoy se cumple un aniversario muy especial: el 500 aniversario de la primera circunnavegaci\u00f3n de la Tierra, realizada por Juan Sebasti\u00e1n Elcano y el resto de supervivientes de la expedici\u00f3n de Magallanes a las Islas de las Especias. Un hito como este merece una menci\u00f3n especial. Y es que all\u00e1 por agosto de 1519 sal\u00edan de Sevilla 5 naves con la intenci\u00f3n de llegar a las Islas de las Especias navegando hacia el Oeste, encontrando para ello un paso que les permitiera esquivar Am\u00e9rica y llegar a las Indias Orientales. Precisamente la expedici\u00f3n que originariamente hab\u00eda intentado realizar Crist\u00f3bal Col\u00f3n. La expedici\u00f3n fue promovida por el militar portugu\u00e9s Fernando de Magallanes, que ante los fracasos obtenidos con el rey de Portugal, propuso la expedici\u00f3n a un joven Carlos V, que vio la manera de obtener acceso a un mercado por entonces monopolizado de facto por los portugueses.<\/p>\n<figure id=\"attachment_5058\" aria-describedby=\"caption-attachment-5058\" style=\"width: 400px\" class=\"wp-caption aligncenter\"><a href=\"https:\/\/bitacora.eniac2000.com\/wp-content\/uploads\/2022\/09\/2246px-Magellan_Elcano_Circumnavigation-es.svg_.png\"><img loading=\"lazy\" decoding=\"async\" src=\"https:\/\/bitacora.eniac2000.com\/wp-content\/uploads\/2022\/09\/2246px-Magellan_Elcano_Circumnavigation-es.svg_-400x202.png\" alt=\"Ruta de la Expedici\u00f3n Magallanes-Elcano\" title=\"Ruta de la Expedici\u00f3n Magallanes-Elcano\" width=\"400\" height=\"202\" class=\"size-medium wp-image-5058\" \/><\/a><figcaption id=\"caption-attachment-5058\" class=\"wp-caption-text\">Ruta de la Expedici\u00f3n Magallanes-Elcano<\/figcaption><\/figure>\n<p>As\u00ed, la expedici\u00f3n, formada por las naos Trinidad, San Antonio, Concepci\u00f3n, Santiago y Victoria, dej\u00f3 atr\u00e1s el puerto de Sevilla un 10 de agosto de 2019, para recalar en Sanl\u00facar de Barrameda, y partir al Nuevo Mundo el 20 de septiembre del mismo a\u00f1o. La expedici\u00f3n fue tremendamente dificultosa, y tropez\u00f3 con grandes problemas y desaf\u00edos, tanto internos como internos (naufragios, rebeliones, ataques de nativos, ataques de portugueses&#8230;), pero fue exitosa al fin y al cabo. Tan s\u00f3lo una de las naves consigui\u00f3 llegar de vuelta a Espa\u00f1a (salvo la San Antonio, que se sublev\u00f3 antes de dar con el paso de Magallanes y volvi\u00f3 a Espa\u00f1a sin haber pasado al Pac\u00edfico), con 18 hombres a bordo que se asemejaban m\u00e1s a esqueletos que a seres vivos, teniendo que hacer funcionar las bombas de achique d\u00eda y noche para mantener la nave a bordo. Pero aun as\u00ed, llegaron. Y la carga de clavo que trajeron fue suficiente para hacer rentable la expedici\u00f3n. El propio Fernando de Magallanes no pudo completar la expedici\u00f3n, ya que cay\u00f3 abatido por los nativos en la playa de Mact\u00e1n. Tuvo que ser Juan Sebasti\u00e1n Elcano el que consiguiera comandar el resto de la expedici\u00f3n de vuelta a Espa\u00f1a.<\/p>\n<p>La historia es apasionante, y otras plumas mejores que la m\u00eda lo han narrado, pero no puedo dejar de recomendar dos sitios que consultar:<\/p>\n<ul>\n<li>La entrada de la Wikipedia de la <a href=\"https:\/\/es.wikipedia.org\/wiki\/Expedici%C3%B3n_de_Magallanes-Elcano\" target=\"_blank\">Expedici\u00f3n Magallanes-Elcano<\/a><\/li>\n<li>La entrada del Podcast Memorias de un Tambor dedicada a <a href=\"https:\/\/memoriasdeuntambor.com\/la-primera-vuelta-al-mundo\" target=\"_blank\">La Primera Vuelta al Mundo<\/a><\/li>\n<\/ul>\n<p>Aparte de esto, quer\u00eda recordar una estupenda exposici\u00f3n que se realiz\u00f3 en 2019 en el Archivo de Indias relativo a al viaje de Magallanes y Elcano, llamada <a href=\"https:\/\/www.culturaydeporte.gob.es\/cultura\/areas\/archivos\/mc\/archivos\/agi\/exposiciones-y-actividades\/exposiciones\/el-viaje-mas-largo.html\" target=\"_blank\">El Viaje M\u00e1s Largo<\/a>, y que fue una <a href=\"https:\/\/laculturasocial.com\/el-archivo-de-indias-y-la-exposicion-del-viaje-mas-largo\/\" target=\"_blank\">estupenda muestra sobre el viaje<\/a>, la documentaci\u00f3n existente en el archivo (hasta el \u00faltimo hombre documentado con nombre, origen y cargo), destino de la misma, muestras y descubrimientos realizados, tanto geogr\u00e1ficos como cient\u00edficos, bot\u00e1nicos y culturales. Creo que valdr\u00eda la pena recuperarla, porque se trat\u00f3 de una exposici\u00f3n excepcional.<\/p>\n<p><iframe loading=\"lazy\" width=\"560\" height=\"315\" src=\"https:\/\/www.youtube.com\/embed\/JjAbYNeoaMU\" title=\"YouTube video player\" frameborder=\"0\" allow=\"accelerometer; autoplay; clipboard-write; encrypted-media; gyroscope; picture-in-picture\" allowfullscreen><\/iframe><\/p>\n<p>Vaya con este art\u00edculo mi homenaje a estos h\u00e9roes mundiales.<\/p>\n","protected":false},"excerpt":{"rendered":"<p>Hoy se cumple un aniversario muy especial: el 500 aniversario<\/p>\n","protected":false},"author":1,"featured_media":0,"comment_status":"open","ping_status":"open","sticky":false,"template":"","format":"standard","meta":{"advanced_seo_description":"","jetpack_seo_html_title":"","jetpack_seo_noindex":false,"_jetpack_memberships_contains_paid_content":false,"footnotes":"","jetpack_publicize_message":"","jetpack_publicize_feature_enabled":true,"jetpack_social_post_already_shared":false,"jetpack_social_options":{"image_generator_settings":{"template":"highway","default_image_id":0,"font":"","enabled":false},"version":2}},"categories":[20],"tags":[588,1023,1765],"series":[],"class_list":["post-5057","post","type-post","status-publish","format-standard","hentry","category-vida-corriente","tag-elcano","tag-magallanes","tag-vuelta-al-mundo"],"jetpack_publicize_connections":[],"jetpack_featured_media_url":"","jetpack_sharing_enabled":true,"_links":{"self":[{"href":"https:\/\/bitacora.eniac2000.com\/index.php?rest_route=\/wp\/v2\/posts\/5057","targetHints":{"allow":["GET"]}}],"collection":[{"href":"https:\/\/bitacora.eniac2000.com\/index.php?rest_route=\/wp\/v2\/posts"}],"about":[{"href":"https:\/\/bitacora.eniac2000.com\/index.php?rest_route=\/wp\/v2\/types\/post"}],"author":[{"embeddable":true,"href":"https:\/\/bitacora.eniac2000.com\/index.php?rest_route=\/wp\/v2\/users\/1"}],"replies":[{"embeddable":true,"href":"https:\/\/bitacora.eniac2000.com\/index.php?rest_route=%2Fwp%2Fv2%2Fcomments&post=5057"}],"version-history":[{"count":0,"href":"https:\/\/bitacora.eniac2000.com\/index.php?rest_route=\/wp\/v2\/posts\/5057\/revisions"}],"wp:attachment":[{"href":"https:\/\/bitacora.eniac2000.com\/index.php?rest_route=%2Fwp%2Fv2%2Fmedia&parent=5057"}],"wp:term":[{"taxonomy":"category","embeddable":true,"href":"https:\/\/bitacora.eniac2000.com\/index.php?rest_route=%2Fwp%2Fv2%2Fcategories&post=5057"},{"taxonomy":"post_tag","embeddable":true,"href":"https:\/\/bitacora.eniac2000.com\/index.php?rest_route=%2Fwp%2Fv2%2Ftags&post=5057"},{"taxonomy":"series","embeddable":true,"href":"https:\/\/bitacora.eniac2000.com\/index.php?rest_route=%2Fwp%2Fv2%2Fseries&post=5057"}],"curies":[{"name":"wp","href":"https:\/\/api.w.org\/{rel}","templated":true}]}}