{"id":5110,"date":"2022-10-12T12:01:39","date_gmt":"2022-10-12T11:01:39","guid":{"rendered":"https:\/\/bitacora.eniac2000.com\/?p=5110"},"modified":"2025-10-05T17:15:59","modified_gmt":"2025-10-05T15:15:59","slug":"etapa-ciclista-trialera-del-camino-de-santiago-la-lapa-09102022","status":"publish","type":"post","link":"https:\/\/bitacora.eniac2000.com\/?p=5110","title":{"rendered":"Etapa ciclista: Trialera del Camino de Santiago &#8211; La Lapa (09\/10\/2022)"},"content":{"rendered":"<p>El domingo 9 de octubre realic\u00e9 una etapa ciclista por las cercan\u00edas de Guillena. Ten\u00eda ganas de algo r\u00e1pido, conocido y agradable, y no tard\u00e9 en decidirme por hacer la subida y bajada por la Trialera del Camino de Santiago. Sin embargo, como eso iba a qued\u00e1rseme algo corto, pens\u00e9 en complementarlo con un segmento nuevo, que ya hab\u00eda intentado recorrer una vez con anterioridad, pero que no hab\u00eda sido posible al encontrarse cerrado de manera ilegal: la bajada por La Lapa hasta el pantano de G\u00e9rgal. Ten\u00eda constancia de que este tr\u00e1nsito ya era posible, y me apetec\u00eda recorrerlo. Dicho y hecho, empec\u00e9 a rodar algo pasadas las 8:30h desde el pol\u00edgono de Guillena, habiendo optado esta vez por la bicicleta de carbono. Empec\u00e9 la subida con algo de fresco, pero en un d\u00eda tremendamente agradable. La subida no tuvo mayores comentarios, ya que desde que hace alg\u00fan tiempo se adecent\u00f3 la misma, ha ganado en comodidad pero perdido en inter\u00e9s. Sin embargo, y pese a esto, sigue siendo un recorrido estupendo.<\/p>\n<p>A media subida, me encontr\u00e9 con una pareja de peregrinos, algo mayores, a los que salud\u00e9 y dese\u00e9 un buen camino. No mucho despu\u00e9s, llegu\u00e9 al desv\u00edo a la fuente de agua, y no me pude resistir a desviarme un poco para acercarme a la misma. Por desgracia -o por suerte, porque la primera y \u00fanica vez que beb\u00ed de ah\u00ed acab\u00e9 con una infecci\u00f3n estomacal, aunque no tengo pruebas de que fuera por beber en la fuente- la bomba se encontraba rota, y no era posible extraer agua de la misma.<\/p>\n<figure class=\"wp-block-piwigo-gallery-single-image piwigo-single-image\"><a href=\"https:\/\/www.eniac2000.com\/piwigo\/picture.php?\/12021\" target=\"_blank\" rel=\"noopener noreferrer\"><img decoding=\"async\" src=\"https:\/\/www.eniac2000.com\/piwigo\/_data\/i\/galleries\/albums\/ciclismo\/20221009-camino-santiago-la-lapa\/IMG_20221009_090327709-me.jpg\" alt=\"IMG 20221009 090327709\" \/><\/a><figcaption><strong>IMG 20221009 090327709<\/strong><\/figcaption><\/figure>\n<p>De vuelta al camino, segu\u00ed en ascenso, y volv\u00ed a pasar a la pareja de peregrinos. Sin detenerme, charlamos un poco, inform\u00e1ndoles de lo que hab\u00eda por delante. Fue una breve charla en ingl\u00e9s, lo que agradec\u00ed poder hacer despu\u00e9s de un tiempo. Tras ello, continu\u00e9 mi ascenso, pas\u00e9 la doble cancela, y no tard\u00e9 mucho en finalizar la trialera, para salir a la pista de grava que lleva a la carretera de Burguillos a Castilblanco. All\u00ed, contra lo acostumbrado, gir\u00e9 a la izquierda para emprender el descenso de La Lapa. La pista est\u00e1 catalogada como carretera SE-186, y ya la hab\u00eda recorrido una vez en ese sentido, para llegar a una verja met\u00e1lica que imped\u00eda el paso a mitad de la bajada. Esta vez, sin embargo, fue diferente. Aunque la carretera sigue sin asfaltar (mejor para mi gusto), se encuentra con abundante se\u00f1alizaci\u00f3n de carreteras, y un buen firme de grava fina. En plana bajada hab\u00eda desaparecido ya la ominosa cancela, y fue posible llegar hasta el final de la misma, en el pantano de G\u00e9rgal, y justo enfrente de la estaci\u00f3n de tren abandonada. Una bonita vista y, la verdad, es una pena que no haya alg\u00fan puente, tirolina, o cualquier otro m\u00e9todo que permita pasar al otro lado.<\/p>\n<figure class=\"wp-block-piwigo-gallery-single-image piwigo-single-image\"><a href=\"https:\/\/www.eniac2000.com\/piwigo\/picture.php?\/12036\" target=\"_blank\" rel=\"noopener noreferrer\"><img decoding=\"async\" src=\"https:\/\/www.eniac2000.com\/piwigo\/_data\/i\/galleries\/albums\/ciclismo\/20221009-camino-santiago-la-lapa\/PANO_20221009_133717-me.jpg\" alt=\"PANO 20221009 133717\" \/><\/a><figcaption><strong>PANO 20221009 133717<\/strong><\/figcaption><\/figure>\n<p>Tras un peque\u00f1o tentempi\u00e9, emprend\u00ed la vuelta. Es una subida bastante constante, con unas rampas del 10% y que sube de manera pr\u00e1cticamente continua durante 3.5 kms, hasta llegar a un peque\u00f1o descanso, para luego culminar con una peque\u00f1a subida. Desde all\u00ed, se desciende hasta enlazar de nuevo con la trialera del Camino de Santiago. All\u00ed me volv\u00ed a encontrar con la pareja de peregrinos. Siendo la tercera vez, no me pude resistir a detenerme un rato, y darles palique. La mujer era la m\u00e1s habladora, deb\u00eda de andar por la sesentena; el hombre aparentaba ser algo m\u00e1s joven, pero no era muy hablador. En la conversaci\u00f3n me contaron que eran de Iowa (EEUU), y ella era una habitual de los Caminos de Santiago. Charlamos un poco del recorrido, de otros caminos, y me preguntaron por las celebraciones del d\u00eda anterior en Santiponce (la Virgen del Rosario), y parecieron asombrados de la gran cantidad de ciclistas que hab\u00eda por la zona. En efecto, es un recorrido muy popular. Me preguntaron por mi ingl\u00e9s, lo que me dio pie a hablar un poco de mis a\u00f1os en Irlanda. Y por \u00faltimo, por la casualidad de que ese d\u00eda se celebrara la carrera de fondo Turdetania Trail, comentamos tambi\u00e9n sobre los corredores de fondo que en ese momento empezaron a llegar. Sin m\u00e1s me desped\u00ed dese\u00e1ndoles -otra vez- un buen camino.<\/p>\n<p>Por mi parte, reemprendida la marcha, baj\u00e9 por la Trialera del Camino de Santiago, pasando con todo el cuidado posible a corredores, hasta terminar la parte de bosque, y salir a la bajada entre olivos. All\u00ed fue donde pas\u00e9 al corredor que iba en cabeza, y sin m\u00e1s novedad, llegu\u00e9 hasta el pol\u00edgono, donde di por finalizada la etapa, tras 32 kil\u00f3metros de pedaleo.<\/p>\n<p><strong>Datos de la etapa:<\/strong><\/p>\n<ul>\n<li><strong>Distancia:<\/strong> 31&#8217;932km<\/li>\n<li><strong>Distancia (seg\u00fan el GPS):<\/strong> 31&#8217;93km<\/li>\n<li><strong>Altitud ascendida:<\/strong> 551m<\/li>\n<li><strong>Tiempo de etapa:<\/strong> 1:44:56<\/li>\n<li><strong>Tiempo desde el inicio de la etapa:<\/strong> 2:05:41<\/li>\n<li><strong>Pulsaciones medias:<\/strong> 146<\/li>\n<li><strong>Pulsaciones m\u00e1ximas:<\/strong> 169<\/li>\n<li><strong>Cadencia media:<\/strong> 66<\/li>\n<li><strong>Cadencia m\u00e1xima:<\/strong> 157<\/li>\n<li><strong>Calor\u00edas consumidas:<\/strong> 1834kcal<\/li>\n<\/ul>\n<div class='strava-embed-placeholder' data-embed-type='activity' data-embed-id='7934354548'><\/div>\n<p><script src='https:\/\/strava-embeds.com\/embed.js'><\/script><\/p>\n","protected":false},"excerpt":{"rendered":"<p>El domingo 9 de octubre realic\u00e9 una etapa ciclista por<\/p>\n","protected":false},"author":1,"featured_media":0,"comment_status":"open","ping_status":"open","sticky":false,"template":"","format":"standard","meta":{"advanced_seo_description":"","jetpack_seo_html_title":"","jetpack_seo_noindex":false,"_jetpack_memberships_contains_paid_content":false,"footnotes":"","jetpack_publicize_message":"","jetpack_publicize_feature_enabled":true,"jetpack_social_post_already_shared":false,"jetpack_social_options":{"image_generator_settings":{"template":"highway","default_image_id":0,"font":"","enabled":false},"version":2}},"categories":[24,8],"tags":[771,937,1135,1668],"series":[],"class_list":["post-5110","post","type-post","status-publish","format-standard","hentry","category-ciclismo","category-deporte","tag-guillena","tag-la-lapa","tag-mtb","tag-trialera-del-camino-de-santiago"],"jetpack_publicize_connections":[],"jetpack_featured_media_url":"","jetpack_sharing_enabled":true,"_links":{"self":[{"href":"https:\/\/bitacora.eniac2000.com\/index.php?rest_route=\/wp\/v2\/posts\/5110","targetHints":{"allow":["GET"]}}],"collection":[{"href":"https:\/\/bitacora.eniac2000.com\/index.php?rest_route=\/wp\/v2\/posts"}],"about":[{"href":"https:\/\/bitacora.eniac2000.com\/index.php?rest_route=\/wp\/v2\/types\/post"}],"author":[{"embeddable":true,"href":"https:\/\/bitacora.eniac2000.com\/index.php?rest_route=\/wp\/v2\/users\/1"}],"replies":[{"embeddable":true,"href":"https:\/\/bitacora.eniac2000.com\/index.php?rest_route=%2Fwp%2Fv2%2Fcomments&post=5110"}],"version-history":[{"count":0,"href":"https:\/\/bitacora.eniac2000.com\/index.php?rest_route=\/wp\/v2\/posts\/5110\/revisions"}],"wp:attachment":[{"href":"https:\/\/bitacora.eniac2000.com\/index.php?rest_route=%2Fwp%2Fv2%2Fmedia&parent=5110"}],"wp:term":[{"taxonomy":"category","embeddable":true,"href":"https:\/\/bitacora.eniac2000.com\/index.php?rest_route=%2Fwp%2Fv2%2Fcategories&post=5110"},{"taxonomy":"post_tag","embeddable":true,"href":"https:\/\/bitacora.eniac2000.com\/index.php?rest_route=%2Fwp%2Fv2%2Ftags&post=5110"},{"taxonomy":"series","embeddable":true,"href":"https:\/\/bitacora.eniac2000.com\/index.php?rest_route=%2Fwp%2Fv2%2Fseries&post=5110"}],"curies":[{"name":"wp","href":"https:\/\/api.w.org\/{rel}","templated":true}]}}