{"id":5119,"date":"2022-10-22T18:37:38","date_gmt":"2022-10-22T17:37:38","guid":{"rendered":"https:\/\/bitacora.eniac2000.com\/?p=5119"},"modified":"2025-10-05T17:12:53","modified_gmt":"2025-10-05T15:12:53","slug":"etapa-ciclista-los-morales-el-reventon-16102022","status":"publish","type":"post","link":"https:\/\/bitacora.eniac2000.com\/?p=5119","title":{"rendered":"Etapa ciclista: Los Morales &#8211; El Revent\u00f3n (16\/10\/2022)"},"content":{"rendered":"<p>El domingo 16 de octubre sal\u00ed por C\u00f3rdoba con mi amigo \u00c1ngel en una etapa vespertina. No es habitual que salga por la tarde, y menos a\u00fan en C\u00f3rdoba, pero en esta ocasi\u00f3n ten\u00eda una estupenda raz\u00f3n para ello: el d\u00eda anterior se hab\u00eda celebrado la boda de mi prima Carmen con el que ya es su marido, Adri\u00e1, en Villaharta, y la fiesta se hab\u00eda extendido hasta tarde. Y como no era menos, lo hab\u00eda dado todo. As\u00ed que a la ma\u00f1ana del domingo no estaba en condiciones de hacer nada a derechas, las cosas como son. Adem\u00e1s, \u00c1ngel me hab\u00eda comentado que le vendr\u00eda mejor salir por la tarde, por lo que las piezas encajaron perfectamente.<\/p>\n<p>Aprovech\u00e9 la \u00faltima hora de la ma\u00f1ana para hacer algunos ajustes en la RockRider 6.4 de mi padre, que es la bici que estoy cogiendo en C\u00f3rdoba cuando ando por all\u00ed. Estaba bastante bien desde la \u00faltima salida, pero era necesario inflar neum\u00e1ticos, quitar polvo (literalmente) y engrasar un poco la cadena. As\u00ed, cuando \u00c1ngel lleg\u00f3 a las 17:00h, estaba listo para empezar a rodar. No dispon\u00edamos de mucho tiempo hasta la puesta de sol, y de todas maneras, segu\u00eda hecho un gui\u00f1apo, as\u00ed que optamos por un recorrido bastante convencional, pero que no deja de ser una gran salida: subida por Los Morales, y bajada por El Revent\u00f3n. Convencional, s\u00ed, pero que para m\u00ed presentaba la novedad de saber c\u00f3mo hab\u00eda quedado el sendero del Lobo (tambi\u00e9n conocido como Los Chorizos) y la bajada del Revent\u00f3n tras la reciente mejora de los mismos para permitir el uso y disfrute de los mismos por las personas que suben a la Sierra.<\/p>\n<p>Trat\u00e9 de empezar suave en la subida por la Cuesta Negra y las calles aleda\u00f1as de Sansue\u00f1a, camino de Los Morales. Pero entre la paliza del d\u00eda anterior y el tiempo sin rodar en la zona, no acababa de encontrar mi ritmo. <em>\u00abVas muy r\u00e1pido\u00bb<\/em>, me advert\u00eda \u00c1ngel. Y era cierto. Adem\u00e1s, se me iba bajando el sill\u00edn, y fue necesario hacer una peque\u00f1a pausa para ajustarlo. Al poco, entramos en Los Morales, y aquello se me hizo un mundo. Como siempre, empieza con un arranque brutal, con tierra muy suelta, y tramos de mucha piedra. Tuve que echar pie a tierra pronto. Estaba sudando como un cerdo, y pasando las de Ca\u00edn. \u00c1ngel buscaba darme un buen ritmo, pero la cosa iba de desastres. A\u00fan as\u00ed, estaba valiendo la pena. Y fue entonces cuando se puso a llover.<\/p>\n<p>No nos enga\u00f1emos, fueron apenas unas gotas, pero no dej\u00f3 de hacerme gracia. Seguimos trepando por Los Morales. El tramo peor fue el de la piedra, pasado el cual ya no necesit\u00e9 echar pie a tierra en ning\u00fan sitio m\u00e1s, salvo una breve parada de descanso al final de la cuesta en la que ya se ven las antenas. Desde all\u00ed seguimos ascendiendo a un ritmo razonable, y tras un rato de sufrimiento, acabamos llegando al Lagar. Sin parar, resolvimos seguir hacia las Ermitas, tomando el sendero del Lobo. La primera parte est\u00e1 pr\u00e1cticamente igual, pero pasado el tramo de bosquecillo cerrado, el sendero est\u00e1 perfectamente acondicionado. Una gran diferencia con respecto al sendero hundido en el terreno, que apenas permit\u00eda rodar a fila de uno, que ten\u00eda en mi memoria. Como le dec\u00eda a \u00c1ngel, una ganancia para los visitantes de la Sierra en general, una p\u00e9rdida para los que nos gustan los senderos t\u00e9cnicos para bici.<\/p>\n<p>Tras un descenso vertiginoso, llegamos al cruce de las Ermitas. All\u00ed le ped\u00ed a \u00c1ngel subir hasta las Ermitas, donde estuvimos haciendo algunas tomas de v\u00eddeo, y luego emprendimos el descenso por El Revent\u00f3n. Ah\u00ed se pod\u00eda ver de nuevo el trabajo de mejora del camino.<\/p>\n<figure class=\"wp-block-piwigo-gallery-single-image piwigo-single-image\"><a href=\"https:\/\/www.eniac2000.com\/piwigo\/picture.php?\/12038\" target=\"_blank\" rel=\"noopener noreferrer\"><img decoding=\"async\" src=\"https:\/\/www.eniac2000.com\/piwigo\/_data\/i\/galleries\/albums\/ciclismo\/20221016-los_morales-reventon\/vlcsnap-2022-10-16-19h46m39s928-me.png\" alt=\"vlcsnap-2022-10-16-19h46m39s928\" \/><\/a><figcaption><strong>vlcsnap-2022-10-16-19h46m39s928<\/strong><\/figcaption><\/figure>\n<p>Zahorra y tierra compactada, que han dejado el camino perfectamente liso. Ha pasado a ser una autopista. Una ganancia para todos, una p\u00e9rdida para nosotros. Aunque ahora los descensos son vertiginosos sin destrozar c\u00e1maras en la bajada. De nuevo en la bajada hicimos otra toma de v\u00eddeo, y seguimos el descenso. Al llegar al Patriarca, dejamos atr\u00e1s el asfalto, y bajamos cruzando el parque. Ahora se encuentra bien se\u00f1alizado, y es un gusto seguir las marcas.<\/p>\n<figure class=\"wp-block-piwigo-gallery-single-image piwigo-single-image\"><a href=\"https:\/\/www.eniac2000.com\/piwigo\/picture.php?\/12041\" target=\"_blank\" rel=\"noopener noreferrer\"><img decoding=\"async\" src=\"https:\/\/www.eniac2000.com\/piwigo\/_data\/i\/galleries\/albums\/ciclismo\/20221016-los_morales-reventon\/vlcsnap-2022-10-16-19h52m04s378-me.png\" alt=\"vlcsnap-2022-10-16-19h52m04s378\" \/><\/a><figcaption><strong>vlcsnap-2022-10-16-19h52m04s378<\/strong><\/figcaption><\/figure>\n<p>Me separ\u00e9 de \u00c1ngel en la parte baja del Patriarca. \u00c9l deb\u00eda volver a casa por el Canal, y yo atravesando el Tablero. Fue un gustazo compartir con \u00e9l esta etapa. Vaya desde aqu\u00ed mi homenaje. Y ya cada uno por su lado, me encamin\u00e9 a casa. No pude menos que detenerme justo a una pintada que lleva a\u00f1os emocion\u00e1ndome, y es la pintada de Alita, \u00c1ngel de Combate, que se encuentra ya cerca de mi casa. Aparte de por la factura t\u00e9cnica, que es muy buena, es por el hecho de que haya sobrevivido durante al menos dos d\u00e9cadas sin da\u00f1os desde que fue realizada. Mi homenaje al artista.<\/p>\n<figure class=\"wp-block-piwigo-gallery-single-image piwigo-single-image\"><a href=\"https:\/\/www.eniac2000.com\/piwigo\/picture.php?\/12037\" target=\"_blank\" rel=\"noopener noreferrer\"><img decoding=\"async\" src=\"https:\/\/www.eniac2000.com\/piwigo\/_data\/i\/galleries\/albums\/ciclismo\/20221016-los_morales-reventon\/20221016_190042-me.jpg\" alt=\"20221016 190042\" \/><\/a><figcaption><strong>20221016 190042<\/strong><\/figcaption><\/figure>\n<p>Llegu\u00e9 a casa a las 19:05h, tras 20 kil\u00f3metros de etapa, corta, dura, y enormemente divertida. No hab\u00eda podido dejar de salir ese d\u00eda por que no sab\u00eda cu\u00e1nto tiempo tardar\u00eda en volver a andar por C\u00f3rdoba. Y algo me dec\u00eda que habr\u00eda de pasar un tiempo. En efecto, apenas 24 horas despu\u00e9s, andaba cruzando Espa\u00f1a, ya que el lunes llamaron a Ana para incorporarse a un puesto de profesora interina en Pazos de Borb\u00e9n, Pontevedra, hasta final de curso. <em>That&#8217;s life!<\/em><\/p>\n<p><strong>Datos de la etapa:<\/strong><\/p>\n<ul>\n<li><strong>Distancia:<\/strong> 19&#8217;006km<\/li>\n<li><strong>Distancia (seg\u00fan el GPS):<\/strong> 19&#8217;00km<\/li>\n<li><strong>Altitud ascendida:<\/strong> 520m<\/li>\n<li><strong>Tiempo de etapa:<\/strong> 1:41:32<\/li>\n<li><strong>Tiempo desde el inicio de la etapa:<\/strong> 2:05:06<\/li>\n<li><strong>Pulsaciones medias:<\/strong> S\/D<\/li>\n<li><strong>Pulsaciones m\u00e1ximas:<\/strong> S\/D<\/li>\n<li><strong>Cadencia media:<\/strong> S\/D<\/li>\n<li><strong>Cadencia m\u00e1xima:<\/strong> S\/D<\/li>\n<li><strong>Calor\u00edas consumidas:<\/strong> 654kcal<\/li>\n<\/ul>\n<div class='strava-embed-placeholder' data-embed-type='activity' data-embed-id='7973713844'><\/div>\n<p><script src='https:\/\/strava-embeds.com\/embed.js'><\/script><\/p>\n","protected":false},"excerpt":{"rendered":"<p>El domingo 16 de octubre sal\u00ed por C\u00f3rdoba con mi<\/p>\n","protected":false},"author":1,"featured_media":0,"comment_status":"open","ping_status":"open","sticky":false,"template":"","format":"standard","meta":{"advanced_seo_description":"","jetpack_seo_html_title":"","jetpack_seo_noindex":false,"_jetpack_memberships_contains_paid_content":false,"footnotes":"","jetpack_publicize_message":"","jetpack_publicize_feature_enabled":true,"jetpack_social_post_already_shared":false,"jetpack_social_options":{"image_generator_settings":{"template":"highway","default_image_id":0,"font":"","enabled":false},"version":2}},"categories":[24,8],"tags":[392,950,964,1000,1135,1420],"series":[],"class_list":["post-5119","post","type-post","status-publish","format-standard","hentry","category-ciclismo","category-deporte","tag-cordoba","tag-lagar-de-la-cruz","tag-las-ermitas","tag-los-morales","tag-mtb","tag-reventon"],"jetpack_publicize_connections":[],"jetpack_featured_media_url":"","jetpack_sharing_enabled":true,"_links":{"self":[{"href":"https:\/\/bitacora.eniac2000.com\/index.php?rest_route=\/wp\/v2\/posts\/5119","targetHints":{"allow":["GET"]}}],"collection":[{"href":"https:\/\/bitacora.eniac2000.com\/index.php?rest_route=\/wp\/v2\/posts"}],"about":[{"href":"https:\/\/bitacora.eniac2000.com\/index.php?rest_route=\/wp\/v2\/types\/post"}],"author":[{"embeddable":true,"href":"https:\/\/bitacora.eniac2000.com\/index.php?rest_route=\/wp\/v2\/users\/1"}],"replies":[{"embeddable":true,"href":"https:\/\/bitacora.eniac2000.com\/index.php?rest_route=%2Fwp%2Fv2%2Fcomments&post=5119"}],"version-history":[{"count":0,"href":"https:\/\/bitacora.eniac2000.com\/index.php?rest_route=\/wp\/v2\/posts\/5119\/revisions"}],"wp:attachment":[{"href":"https:\/\/bitacora.eniac2000.com\/index.php?rest_route=%2Fwp%2Fv2%2Fmedia&parent=5119"}],"wp:term":[{"taxonomy":"category","embeddable":true,"href":"https:\/\/bitacora.eniac2000.com\/index.php?rest_route=%2Fwp%2Fv2%2Fcategories&post=5119"},{"taxonomy":"post_tag","embeddable":true,"href":"https:\/\/bitacora.eniac2000.com\/index.php?rest_route=%2Fwp%2Fv2%2Ftags&post=5119"},{"taxonomy":"series","embeddable":true,"href":"https:\/\/bitacora.eniac2000.com\/index.php?rest_route=%2Fwp%2Fv2%2Fseries&post=5119"}],"curies":[{"name":"wp","href":"https:\/\/api.w.org\/{rel}","templated":true}]}}