{"id":5136,"date":"2022-11-19T21:20:01","date_gmt":"2022-11-19T20:20:01","guid":{"rendered":"https:\/\/bitacora.eniac2000.com\/?p=5136"},"modified":"2025-10-05T17:15:59","modified_gmt":"2025-10-05T15:15:59","slug":"etapa-ciclista-forcarey-outeiro-grande-grana-de-cabanelas-19112022","status":"publish","type":"post","link":"https:\/\/bitacora.eniac2000.com\/?p=5136","title":{"rendered":"Etapa ciclista: Forcarey &#8211; Outeiro Grande &#8211; Gra\u00f1a de Cabanelas (19\/11\/2022)"},"content":{"rendered":"<p>El s\u00e1bado 19 de noviembre realic\u00e9 una breve etapa ciclista por las cercan\u00edas de Forcarey. Breve en distancia, pero una de esas etapas que acaba resultando tremendamente satisfactoria. Fue una etapa corta motivada por las circunstancias meteorol\u00f3gicas. Estos d\u00edas han sido bastante lluviosos en la zona, y la previsi\u00f3n para el d\u00eda era igualmente mala, con la excepci\u00f3n de una ventana de 4 horas por la ma\u00f1ana, en la que el tiempo se preve\u00eda nublado, pero libre de lluvias. Y, en efecto, a las 8 de la ma\u00f1ana la lluvia hab\u00eda cesado. Pude sacar a Ulises a dar un breve paseo antes de emprender la marcha. El cielo aparec\u00eda con nubes altas, y apenas hab\u00eda algunos bancos de niebla en las monta\u00f1as circundantes. As\u00ed que a la vuelta del paseo, baj\u00e9 a por la Giant, y me dispuse a empezar a rodar justo a las 9:00h. Pero en ese rato todo hab\u00eda cambiado. Forcarey estaba cubierto por una neblina, y no dejaba de lloviznar. La cosa estaba como para volver a meterse en casa. Aun as\u00ed, decid\u00ed continuar, confiando en que la previsi\u00f3n fuera acertada, y tuviera un respiro algo m\u00e1s adelante.<\/p>\n<p>Empec\u00e9 a rodar dirigi\u00e9ndome hacia la Chamosa, donde continu\u00e9 por carretera, y en continuo lloviznar, hasta el Salgueiro. All\u00ed dej\u00e9 atras el asfalto, y empec\u00e9 a rodar por una estupenda corredoira, que como no pod\u00eda ser de otra manera, estaba empapada, llena de barro y de hojarasca. \u00a1Pero es que es oto\u00f1o! Ser\u00eda ingenuo espera otra cosa.<\/p>\n<figure class=\"wp-block-piwigo-gallery-single-image piwigo-single-image\"><a href=\"https:\/\/www.eniac2000.com\/piwigo\/picture.php?\/12084\" target=\"_blank\" rel=\"noopener noreferrer\"><img decoding=\"async\" src=\"https:\/\/www.eniac2000.com\/piwigo\/_data\/i\/galleries\/albums\/ciclismo\/20221119-forcarey-outeiro_grande-cabanelas\/IMG_20221119_091457692-me.jpg\" alt=\"IMG 20221119 091457692\" \/><\/a><figcaption><strong>IMG 20221119 091457692<\/strong><\/figcaption><\/figure>\n<p>De nuevo sobre el asfalto, sub\u00ed hasta alcanzar la carretera a la altura del observatorio astron\u00f3mico. Desde all\u00ed, tom\u00e9 la pista que lleva al Barazal, y emprend\u00ed la estupenda subida a A M\u00e1moa. No pude evitar mojarme los pies al pasar sobre el arroyo de la Chamosa, que iba con bastante agua. As\u00ed que ya estaba empapado por todos lados. Llegu\u00e9 a A M\u00e1moa, y no pude evitar detenerme ante una de las casas, que cuenta con una pintoresca decoraci\u00f3n del Camino de Santiago. No en balde, el Camino d la Geira Romana y los Arrieros pasa por all\u00ed.<\/p>\n<figure class=\"wp-block-piwigo-gallery-single-image piwigo-single-image\"><a href=\"https:\/\/www.eniac2000.com\/piwigo\/picture.php?\/12086\" target=\"_blank\" rel=\"noopener noreferrer\"><img decoding=\"async\" src=\"https:\/\/www.eniac2000.com\/piwigo\/_data\/i\/galleries\/albums\/ciclismo\/20221119-forcarey-outeiro_grande-cabanelas\/IMG_20221119_093906321-me.jpg\" alt=\"IMG 20221119 093906321\" \/><\/a><figcaption><strong>IMG 20221119 093906321<\/strong><\/figcaption><\/figure>\n<p>Al pararme a echar las fotos, dej\u00e9 la bici justo en la salida de ventilaci\u00f3n de la casa. Sal\u00eda un calorcito la mar de agradable. Algo que me ven\u00eda bien con la que me estaba cayendo. Nada espectacular, pero una llovizna persistente de la que te acaba dejando calado. Segu\u00ed adelante, volviendo por asfalto a la carretera de Forcarey. Desde all\u00ed, mi idea era realizar la subida al Outeiro Grande, una cima cercana a la que no hab\u00eda ascendido con anterioridad. Esta subida se realiza por un camino que surge de una curva abandonada de la carretera. Encontr\u00e9 el acceso a dicha curva, y al poco di con el camino de subida. La subida es constante, unos 550 metros desde la curva, con una media del 9% y tramos del 15%. Es un buen camino, amplio, pero con hierba, barro y algo de piedra suelta que hace que se enganche mucho. T\u00e9cnicamente no es dif\u00edcil, pero exige m\u00e1s esfuerzo de lo que parece. Tras superar esta primera subida se llega a una antena de radio, que en esa ma\u00f1ana se encontraba casi oculta por la niebla.<\/p>\n<figure class=\"wp-block-piwigo-gallery-single-image piwigo-single-image\"><a href=\"https:\/\/www.eniac2000.com\/piwigo\/picture.php?\/12088\" target=\"_blank\" rel=\"noopener noreferrer\"><img decoding=\"async\" src=\"https:\/\/www.eniac2000.com\/piwigo\/_data\/i\/galleries\/albums\/ciclismo\/20221119-forcarey-outeiro_grande-cabanelas\/IMG_20221119_095838859-me.jpg\" alt=\"IMG 20221119 095838859\" \/><\/a><figcaption><strong>IMG 20221119 095838859<\/strong><\/figcaption><\/figure>\n<p>Continu\u00e9 a continuaci\u00f3n con el ascenso hasta el otero en s\u00ed. Es otro medio kil\u00f3metro, pero m\u00e1s tendido, si bien con el mismo tipo de camino. En condiciones normales tiene que dejar unas vistas estupendas del entorno, pero en mi caso, solo pod\u00eda ver niebla. Al menos, hab\u00eda dejado de lloviznar.<\/p>\n<figure class=\"wp-block-piwigo-gallery-single-image piwigo-single-image\"><a href=\"https:\/\/www.eniac2000.com\/piwigo\/picture.php?\/12090\" target=\"_blank\" rel=\"noopener noreferrer\"><img decoding=\"async\" src=\"https:\/\/www.eniac2000.com\/piwigo\/_data\/i\/galleries\/albums\/ciclismo\/20221119-forcarey-outeiro_grande-cabanelas\/IMG_20221119_100126670_HDR-me.jpg\" alt=\"IMG 20221119 100126670 HDR\" \/><\/a><figcaption><strong>IMG 20221119 100126670 HDR<\/strong><\/figcaption><\/figure>\n<p>Llegu\u00e9 al otero no mucho despu\u00e9s, y pude ver el v\u00e9rtice geod\u00e9sico que marca el punto m\u00e1s alto (758 msnm). No me pide resistir a trepar hasta \u00e9l, y echarme algunas fotos.<\/p>\n<figure class=\"wp-block-piwigo-gallery-single-image piwigo-single-image\"><a href=\"https:\/\/www.eniac2000.com\/piwigo\/picture.php?\/12092\" target=\"_blank\" rel=\"noopener noreferrer\"><img decoding=\"async\" src=\"https:\/\/www.eniac2000.com\/piwigo\/_data\/i\/galleries\/albums\/ciclismo\/20221119-forcarey-outeiro_grande-cabanelas\/IMG_20221119_100756249_HDR-me.jpg\" alt=\"IMG 20221119 100756249 HDR\" \/><\/a><figcaption><strong>IMG 20221119 100756249 HDR<\/strong><\/figcaption><\/figure>\n<p>Ya que estaba all\u00ed, y que parec\u00eda que la niebla era menos intensa en lo alto, tampoco que pude resistir a sacar el dron y tomar algunas grabaciones por encima de la niebla. Por desgracia, el v\u00eddeo no qued\u00f3 registrado, aunque pude ver en el m\u00f3vil algunas tomas del banco de niebla <em>por encima<\/em>, y c\u00f3mo \u00e9sta se extend\u00eda por los valles de alrededor. Una verdadera l\u00e1stima que no se grabara.<\/p>\n<p>Tras el rato de parada, descend\u00ed en direcci\u00f3n a la aldea de Carballo. El comienzo de la bajada me dej\u00f3 una muestra de las vistas tan estupendas que se tienen desde este lugar, pese a la niebla:<\/p>\n<figure class=\"wp-block-piwigo-gallery-single-image piwigo-single-image\"><a href=\"https:\/\/www.eniac2000.com\/piwigo\/picture.php?\/12096\" target=\"_blank\" rel=\"noopener noreferrer\"><img decoding=\"async\" src=\"https:\/\/www.eniac2000.com\/piwigo\/_data\/i\/galleries\/albums\/ciclismo\/20221119-forcarey-outeiro_grande-cabanelas\/IMG_20221119_102522974_HDR-me.jpg\" alt=\"IMG 20221119 102522974 HDR\" \/><\/a><figcaption><strong>IMG 20221119 102522974 HDR<\/strong><\/figcaption><\/figure>\n<p>La bajada en s\u00ed es estupenda. Mucho m\u00e1s acusada que por la vertiente sur, por la que yo hab\u00eda ascendido. Tiene dos tramos diferenciados, siendo el m\u00e1s escarpado el segundo, donde se llegan a encontrar desniveles del 22%. \u00a1Y se nota! Me alegr\u00e9 de ir en la Giant con los frenos de disco hidr\u00e1ulicos, y no en la gravel con los frenos cantilever. Si ese hubiera sido el caso, lo habr\u00eda pasado bastante mal. Al final de la bajada se llega a un camino, a\u00fan en descenso, pero considerablemente m\u00e1s suave, que acaba llegando a las cercan\u00edas de Carballo. No era la primera vez que rodaba por ah\u00ed, y sab\u00eda que desde ese punto ten\u00eda otro camino, a ratos entre eucaliptos y a ratos entre bosque aut\u00f3ctono, que me llevar\u00eda a la carretera que va a la Gra\u00f1a de Cabanelas. Es una subida, aun por asfalto, dura, con desniveles del 14%, y que m\u00e1s vale tom\u00e1rsela con calma. Luego hay una divertida bajada hasta la Gra\u00f1a. Llegados all\u00ed, gir\u00e9 a la izquierda para tomar la carretera que va hasta Levoso, pero al cabo de un rato me sal\u00ed a mano derecha por un camino que asciende directamente hasta las cercan\u00edas del observatorio, y luego, ya por asfalto, acaba llegando a la carretera de La Estrada. En la carretera, gir\u00e9 a la izquierda para encaminarme hacia Forcarey.<\/p>\n<p>En mi rutero del d\u00eda ten\u00eda previsto dirigirme a las Rabadeiras, para hacer un divertid\u00edsimo tramo de trialera que lleva hasta C\u00f3rneas, pero rondaban ya las 11 de la ma\u00f1ana, hab\u00eda comenzado a lloviznar de nuevo, y pens\u00e9 que era mejor reservar ese tramo para otro d\u00eda con mejores condiciones meteorol\u00f3gicas. Y es que hac\u00eda fr\u00edo, estaba calado, no dejaba de lloviznar, y hab\u00eda momentos en que no ve\u00eda a m\u00e1s de 20 metros por la niebla. \u00a1Y estaba siendo lo mejor de toda la semana! <img src=\"https:\/\/bitacora.eniac2000.com\/wp-includes\/images\/smilies\/mrgreen.png\" alt=\":mrgreen:\" class=\"wp-smiley\" style=\"height: 1em; max-height: 1em;\" \/> Pero ya era hora de ir echando el cierre. Dicho lo cual, pas\u00e9 Las Casetas de la Armada, y descend\u00ed tranquilamente, aunque con algo de fr\u00edo (hab\u00edamos rondado toda la ma\u00f1ana entre los 4 y los 9\u00baC), de vuelta a Forcarey, dando por finalizada la etapa a las 11:07h.<\/p>\n<ul>\n<li><strong>Distancia:<\/strong> 20&#8217;735km<\/li>\n<li><strong>Distancia (seg\u00fan el GPS):<\/strong> 20&#8217;73km<\/li>\n<li><strong>Altitud ascendida:<\/strong> 491m<\/li>\n<li><strong>Tiempo de etapa:<\/strong> 1:43:59<\/li>\n<li><strong>Tiempo desde el inicio de la etapa:<\/strong> 2:07:16<\/li>\n<li><strong>Pulsaciones medias:<\/strong> 137 ppm<\/li>\n<li><strong>Pulsaciones m\u00e1ximas:<\/strong> 171 ppm<\/li>\n<li><strong>Cadencia media:<\/strong> S\/D<\/li>\n<li><strong>Cadencia m\u00e1xima:<\/strong> S\/D<\/li>\n<li><strong>Calor\u00edas consumidas:<\/strong> 1728kcal<\/li>\n<\/ul>\n<div class=\"strava-embed-placeholder\" data-embed-type=\"activity\" data-embed-id=\"8138335453\"><\/div>\n<p><script src=\"https:\/\/strava-embeds.com\/embed.js\"><\/script><\/p>\n","protected":false},"excerpt":{"rendered":"<p>El s\u00e1bado 19 de noviembre realic\u00e9 una breve etapa ciclista<\/p>\n","protected":false},"author":1,"featured_media":0,"comment_status":"open","ping_status":"open","sticky":false,"template":"","format":"standard","meta":{"advanced_seo_description":"","jetpack_seo_html_title":"","jetpack_seo_noindex":false,"_jetpack_memberships_contains_paid_content":false,"footnotes":"","jetpack_publicize_message":"","jetpack_publicize_feature_enabled":true,"jetpack_social_post_already_shared":false,"jetpack_social_options":{"image_generator_settings":{"template":"highway","default_image_id":0,"font":"","enabled":false},"version":2}},"categories":[24,8],"tags":[41,291,683,728,752,1135,1186,1218],"series":[],"class_list":["post-5136","post","type-post","status-publish","format-standard","hentry","category-ciclismo","category-deporte","tag-a-mamoa","tag-camino-de-geira-y-de-los-arrieros","tag-forcarey","tag-giant","tag-grana-de-cabanelas","tag-mtb","tag-observatorio-astronomico","tag-outeiro-grande"],"jetpack_publicize_connections":[],"jetpack_featured_media_url":"","jetpack_sharing_enabled":true,"_links":{"self":[{"href":"https:\/\/bitacora.eniac2000.com\/index.php?rest_route=\/wp\/v2\/posts\/5136","targetHints":{"allow":["GET"]}}],"collection":[{"href":"https:\/\/bitacora.eniac2000.com\/index.php?rest_route=\/wp\/v2\/posts"}],"about":[{"href":"https:\/\/bitacora.eniac2000.com\/index.php?rest_route=\/wp\/v2\/types\/post"}],"author":[{"embeddable":true,"href":"https:\/\/bitacora.eniac2000.com\/index.php?rest_route=\/wp\/v2\/users\/1"}],"replies":[{"embeddable":true,"href":"https:\/\/bitacora.eniac2000.com\/index.php?rest_route=%2Fwp%2Fv2%2Fcomments&post=5136"}],"version-history":[{"count":0,"href":"https:\/\/bitacora.eniac2000.com\/index.php?rest_route=\/wp\/v2\/posts\/5136\/revisions"}],"wp:attachment":[{"href":"https:\/\/bitacora.eniac2000.com\/index.php?rest_route=%2Fwp%2Fv2%2Fmedia&parent=5136"}],"wp:term":[{"taxonomy":"category","embeddable":true,"href":"https:\/\/bitacora.eniac2000.com\/index.php?rest_route=%2Fwp%2Fv2%2Fcategories&post=5136"},{"taxonomy":"post_tag","embeddable":true,"href":"https:\/\/bitacora.eniac2000.com\/index.php?rest_route=%2Fwp%2Fv2%2Ftags&post=5136"},{"taxonomy":"series","embeddable":true,"href":"https:\/\/bitacora.eniac2000.com\/index.php?rest_route=%2Fwp%2Fv2%2Fseries&post=5136"}],"curies":[{"name":"wp","href":"https:\/\/api.w.org\/{rel}","templated":true}]}}