{"id":5160,"date":"2022-12-07T18:09:20","date_gmt":"2022-12-07T17:09:20","guid":{"rendered":"https:\/\/bitacora.eniac2000.com\/?p=5160"},"modified":"2025-10-05T17:12:53","modified_gmt":"2025-10-05T15:12:53","slug":"etapa-ciclista-vilarchan-taboadelo-puente-caldelas-petroglifos-de-pe-da-mua-04122022","status":"publish","type":"post","link":"https:\/\/bitacora.eniac2000.com\/?p=5160","title":{"rendered":"Etapa ciclista: Vilarch\u00e1n &#8211; Taboadelo &#8211; Puente Caldelas &#8211; Petroglifos de P\u00e9 da M\u00faa (04\/12\/2022)"},"content":{"rendered":"<p>El domingo 4 de diciembre realic\u00e9 una etapa ciclista con mis cu\u00f1ados Slava y Fernando por las cercan\u00edas de Puente Caldelas. Hac\u00eda tiempo que busc\u00e1bamos salir juntos, y el domingo 4 por fin pudimos hacer la salida, entre lluvias, lesiones y compromisos varios. El d\u00eda se presentaba estupendo, aunque fr\u00edo de narices. Hab\u00eda salido de Forcarey a las 8:30h, con -1\u00baC en el term\u00f3metro del coche. Slava, por su parte, hab\u00eda encontrado temperaturas de -5\u00baC yendo a Vilarch\u00e1n desde Salvatierra. Esa era la raz\u00f3n por la que empezamos a rodar algo m\u00e1s tarde que de costumbre (pasadas las 10:15h), para evitar las horas m\u00e1s fr\u00edas de la ma\u00f1ana. Aunque como buen inconsciente, yo no ten\u00eda mayor problema en empezar a la hora de costumbre. <img src=\"https:\/\/bitacora.eniac2000.com\/wp-includes\/images\/smilies\/mrgreen.png\" alt=\":mrgreen:\" class=\"wp-smiley\" style=\"height: 1em; max-height: 1em;\" \/><\/p>\n<p>Salimos, pues, de Vilarch\u00e1n, y nos encaminamos hacia la Cruz del Brasil. Era b\u00e1sicamente el recorrido que hab\u00eda hecho a final de primavera con Fernando, \u00c1lex y el primo de \u00e9ste. Una vez all\u00ed, seguimos ascendiendo por el mismo camino, pero al cabo de un rato nos desviamos a la izquierda, para tomar un divertido descenso hasta Taboadelo. La pena fue que la SJCam andaba con la bater\u00eda lista de papeles, y no pude tomar ninguna toma. En cuanto a la pista, Fernando ten\u00eda sus dudas, porque la recordaba llena de maleza la \u00faltima vez que estuvo por all\u00ed, pero desde entonces la hab\u00edan segado y se encontraba estupenda para bajar.<\/p>\n<figure class=\"wp-block-piwigo-gallery-single-image piwigo-single-image\"><a href=\"https:\/\/www.eniac2000.com\/piwigo\/picture.php?\/12107\" target=\"_blank\" rel=\"noopener noreferrer\"><img decoding=\"async\" src=\"https:\/\/www.eniac2000.com\/piwigo\/_data\/i\/galleries\/albums\/ciclismo\/20221204-vilarchan-taboadelo-puente_caldelas-petroglifos\/IMG_20221204_110140405-me.jpg\" alt=\"IMG 20221204 110140405\" \/><\/a><figcaption><strong>IMG 20221204 110140405<\/strong><\/figcaption><\/figure>\n<p>Una vez de nuevo en el asfalto, cruzamos Taboadelo y emprendimos un segundo tramo de bajada por pista hasta el arroyo de San Vicenzo. Este segundo tramo tuvo en mi caso un peque\u00f1o percance, y es que enganch\u00e9 en una rama la webcam que llevaba en el casco, y hubo un momento tenso, en el que no se sab\u00eda si ceder\u00eda la rama o la cabeza. Digamos que al final, la cosa qued\u00f3 en tablas. Por otro lado, el descenso, sobre todo en su tramo final, se encontraba bastante roto por el paso de motos de campo, lo que lo hac\u00eda algo comprometido.<\/p>\n<p><figure class=\"wp-block-piwigo-gallery-single-image piwigo-single-image\"><a href=\"https:\/\/www.eniac2000.com\/piwigo\/picture.php?\/12109\" target=\"_blank\" rel=\"noopener noreferrer\"><img decoding=\"async\" src=\"https:\/\/www.eniac2000.com\/piwigo\/_data\/i\/galleries\/albums\/ciclismo\/20221204-vilarchan-taboadelo-puente_caldelas-petroglifos\/IMG_20221204_111456367-me.jpg\" alt=\"IMG 20221204 111456367\" \/><\/a><figcaption><strong>IMG 20221204 111456367<\/strong><\/figcaption><\/figure><br \/>\n<figure class=\"wp-block-piwigo-gallery-single-image piwigo-single-image\"><a href=\"https:\/\/www.eniac2000.com\/piwigo\/picture.php?\/12110\" target=\"_blank\" rel=\"noopener noreferrer\"><img decoding=\"async\" src=\"https:\/\/www.eniac2000.com\/piwigo\/_data\/i\/galleries\/albums\/ciclismo\/20221204-vilarchan-taboadelo-puente_caldelas-petroglifos\/IMG_20221204_111515980_HDR-me.jpg\" alt=\"IMG 20221204 111515980 HDR\" \/><\/a><figcaption><strong>IMG 20221204 111515980 HDR<\/strong><\/figcaption><\/figure><\/p>\n<p>Una vez abajo, cruzamos sobre el arroyo por el paso de piedra, sobre el que Fernando ten\u00eda dudas de que estuvera expedito, porque el arroyo pod\u00eda bajar con bastante agua. No fue un problema, ya que tra\u00eda agua, pero no tanta como para tapar el paso. Ya en el otro lado, rodamos en paralelo al r\u00edo por una pista estupenda, hasta llegar a las cercan\u00edas de la Ermita de San Vicenzo. Hac\u00eda fr\u00edo. 2.5\u00baC en algunos momentos. Acabada la pista en una carretera, emprendimos el ascenso de la misma hasta la aldea de Parada. All\u00ed intentamos tomar un camino para ir hacia Puente Caldelas bordeando el r\u00edo Verdugo, pero nos encontramos que en ese momento estaba ocupado por un reba\u00f1o, y por dos perros pastores con bastantes malas pulgas. As\u00ed que optamos por volver a la carretera, y llegar a Puente Caldelas por carretera. All\u00ed paramos un rato, para tomar caf\u00e9 y filloas.<\/p>\n<p>De nuevo en marcha, salimos de Puente Caldelas en ascenso, por el camino del cementerio. Lo pasamos, y llegamos a la altura de la iglesia de Santa Eulalia, donde tomamos una carretera que ascend\u00eda hacia P\u00e9 da M\u00faa. Dejamos la carretera, saliendo a mano izquierda, una vez que llegamos al camino que va hacia los petroglifos, y que se encuentra se\u00f1alizado como Camino de Santiago. Desde all\u00ed, rodamos sin mayor novedad hasta llegar a las cercan\u00edas del Campo de las Rosas, y desde all\u00ed, fuimos hacia Vilarch\u00e1n, pasando junto al campo de f\u00fatbol. Dimos por finalizada la etapa a las 13:30h, tras algo m\u00e1s de 27 kil\u00f3metros de recorrido.<\/p>\n<p>La etapa tuvo un <em>tercer tiempo<\/em> interesante: aprovechamos para ir con Ana y Mari a Salvatierra, donde recogimos a Zaixe, y almorzamos los seis en la carpa de la Feria del Espumoso de Salvatierra. Jam\u00f3n de Los Pedroches, espumoso de la tierra, pulpo, arroz marinero y empanada. Nada mal para cerrar la etapa.<\/p>\n<p><strong>Datos de la etapa<\/strong><\/p>\n<ul>\n<li><strong>Distancia:<\/strong> 28&#8217;304km<\/li>\n<li><strong>Distancia (seg\u00fan el GPS):<\/strong> 28&#8217;3km<\/li>\n<li><strong>Altitud ascendida:<\/strong> 640m<\/li>\n<li><strong>Tiempo de etapa:<\/strong> 2:16:35<\/li>\n<li><strong>Tiempo desde el inicio de la etapa:<\/strong> 3:12:14<\/li>\n<li><strong>Pulsaciones medias:<\/strong> 161 ppm<\/li>\n<li><strong>Pulsaciones m\u00e1ximas:<\/strong> 209 ppm<\/li>\n<li><strong>Cadencia media:<\/strong> 66<\/li>\n<li><strong>Cadencia m\u00e1xima:<\/strong> 211<\/li>\n<li><strong>Calor\u00edas consumidas:<\/strong> 2366kcal<\/li>\n<\/ul>\n<div class=\"strava-embed-placeholder\" data-embed-type=\"activity\" data-embed-id=\"8206043139\"><\/div>\n<p><script src=\"https:\/\/strava-embeds.com\/embed.js\"><\/script><\/p>\n","protected":false},"excerpt":{"rendered":"<p>El domingo 4 de diciembre realic\u00e9 una etapa ciclista con<\/p>\n","protected":false},"author":1,"featured_media":0,"comment_status":"open","ping_status":"open","sticky":false,"template":"","format":"standard","meta":{"advanced_seo_description":"","jetpack_seo_html_title":"","jetpack_seo_noindex":false,"_jetpack_memberships_contains_paid_content":false,"footnotes":"","jetpack_publicize_message":"","jetpack_publicize_feature_enabled":true,"jetpack_social_post_already_shared":false,"jetpack_social_options":{"image_generator_settings":{"template":"highway","default_image_id":0,"font":"","enabled":false},"version":2}},"categories":[24,8],"tags":[486,1135,1264,1318,1590,1743],"series":[],"class_list":["post-5160","post","type-post","status-publish","format-standard","hentry","category-ciclismo","category-deporte","tag-cruz-del-brasil","tag-mtb","tag-petroglifos","tag-puente-caldelas","tag-taboadelo","tag-vilarchan"],"jetpack_publicize_connections":[],"jetpack_featured_media_url":"","jetpack_sharing_enabled":true,"_links":{"self":[{"href":"https:\/\/bitacora.eniac2000.com\/index.php?rest_route=\/wp\/v2\/posts\/5160","targetHints":{"allow":["GET"]}}],"collection":[{"href":"https:\/\/bitacora.eniac2000.com\/index.php?rest_route=\/wp\/v2\/posts"}],"about":[{"href":"https:\/\/bitacora.eniac2000.com\/index.php?rest_route=\/wp\/v2\/types\/post"}],"author":[{"embeddable":true,"href":"https:\/\/bitacora.eniac2000.com\/index.php?rest_route=\/wp\/v2\/users\/1"}],"replies":[{"embeddable":true,"href":"https:\/\/bitacora.eniac2000.com\/index.php?rest_route=%2Fwp%2Fv2%2Fcomments&post=5160"}],"version-history":[{"count":0,"href":"https:\/\/bitacora.eniac2000.com\/index.php?rest_route=\/wp\/v2\/posts\/5160\/revisions"}],"wp:attachment":[{"href":"https:\/\/bitacora.eniac2000.com\/index.php?rest_route=%2Fwp%2Fv2%2Fmedia&parent=5160"}],"wp:term":[{"taxonomy":"category","embeddable":true,"href":"https:\/\/bitacora.eniac2000.com\/index.php?rest_route=%2Fwp%2Fv2%2Fcategories&post=5160"},{"taxonomy":"post_tag","embeddable":true,"href":"https:\/\/bitacora.eniac2000.com\/index.php?rest_route=%2Fwp%2Fv2%2Ftags&post=5160"},{"taxonomy":"series","embeddable":true,"href":"https:\/\/bitacora.eniac2000.com\/index.php?rest_route=%2Fwp%2Fv2%2Fseries&post=5160"}],"curies":[{"name":"wp","href":"https:\/\/api.w.org\/{rel}","templated":true}]}}