{"id":5191,"date":"2023-07-15T20:37:39","date_gmt":"2023-07-15T19:37:39","guid":{"rendered":"https:\/\/bitacora.eniac2000.com\/?p=5191"},"modified":"2023-07-15T20:37:39","modified_gmt":"2023-07-15T19:37:39","slug":"fallece-francisco-ibanez","status":"publish","type":"post","link":"https:\/\/bitacora.eniac2000.com\/?p=5191","title":{"rendered":"Fallece Francisco Ib\u00e1\u00f1ez"},"content":{"rendered":"<p>Esta tarde hemos sabido que ha muerto el genial Francisco Ib\u00e1\u00f1ez, el m\u00e1s famoso de los dibujantes espa\u00f1oles de los siglos XX y XXI, conocido sobre todo por Mortadelo y Filem\u00f3n, pero que tambi\u00e9n contaba con estupendos personajes como Rompetechos, El Botones Sacarino, Tete Cohete, Pepe Gotera y Otilio, y Chicha, Tato y Clovodeo, de profesi\u00f3n sin empleo. Ha fallecido a los 87 a\u00f1os de edad, tras toda una vida de trabajo, y habiendo conseguido ser internacionalmente conocido por sus personajes, que alegraron la infancia de m\u00faltiples generaciones desde los a\u00f1os 50.<\/p>\n<figure id=\"attachment_5192\" aria-describedby=\"caption-attachment-5192\" style=\"width: 265px\" class=\"wp-caption aligncenter\"><a href=\"https:\/\/bitacora.eniac2000.com\/wp-content\/uploads\/2023\/07\/ibannez.jpg\"><img loading=\"lazy\" decoding=\"async\" src=\"https:\/\/bitacora.eniac2000.com\/wp-content\/uploads\/2023\/07\/ibannez-265x400.jpg\" alt=\"Francisco Ib\u00e1\u00f1ez, en una imagen compartida por su editorial\" title=\"Francisco Ib\u00e1\u00f1ez, en una imagen compartida por su editorial\" width=\"265\" height=\"400\" class=\"size-medium wp-image-5192\" \/><\/a><figcaption id=\"caption-attachment-5192\" class=\"wp-caption-text\">Francisco Ib\u00e1\u00f1ez, en una imagen compartida por su editorial<\/figcaption><\/figure>\n<p>Como dec\u00eda, la noticia fue anunciada a primera hora de la tarde por su editorial, con el siguiente tweet:<\/p>\n<blockquote class=\"twitter-tweet\">\n<p lang=\"es\" dir=\"ltr\">Con enorme tristeza desde Penguin Random House Grupo Editorial comunicamos que esta ma\u00f1ana ha fallecido en Barcelona el gran dibujante e historietista Francisco Ib\u00e1\u00f1ez. + <a href=\"https:\/\/t.co\/Fr9N1hm25R\">pic.twitter.com\/Fr9N1hm25R<\/a><\/p>\n<p>&mdash; Penguin Espa\u00f1a \ud83d\udc27\ud83d\udcda (@penguinlibros) <a href=\"https:\/\/twitter.com\/penguinlibros\/status\/1680221309601447938?ref_src=twsrc%5Etfw\">July 15, 2023<\/a><\/p><\/blockquote>\n<p> <script async src=\"https:\/\/platform.twitter.com\/widgets.js\" charset=\"utf-8\"><\/script><\/p>\n<p>La noticia r\u00e1pidamente corri\u00f3 por Internet y por medios de comunicaci\u00f3n, suscitando m\u00faltiples reacciones. Entre ellas, me quedo con las siguientes:<\/p>\n<blockquote class=\"twitter-tweet\">\n<p lang=\"es\" dir=\"ltr\">Con la muerte de Ib\u00e1\u00f1ez, casi todos los que fuimos ni\u00f1os en Espa\u00f1a estamos de luto. <a href=\"https:\/\/t.co\/86lfACByTQ\">pic.twitter.com\/86lfACByTQ<\/a><\/p>\n<p>&mdash; Arturo P\u00e9rez-Reverte (@perezreverte) <a href=\"https:\/\/twitter.com\/perezreverte\/status\/1680246063645564928?ref_src=twsrc%5Etfw\">July 15, 2023<\/a><\/p><\/blockquote>\n<p> <script async src=\"https:\/\/platform.twitter.com\/widgets.js\" charset=\"utf-8\"><\/script><\/p>\n<blockquote class=\"twitter-tweet\">\n<p lang=\"zxx\" dir=\"ltr\"><a href=\"https:\/\/t.co\/QrnjqhWniB\">pic.twitter.com\/QrnjqhWniB<\/a><\/p>\n<p>&mdash; JAN (@xPikagoras) <a href=\"https:\/\/twitter.com\/xPikagoras\/status\/1680254442468245507?ref_src=twsrc%5Etfw\">July 15, 2023<\/a><\/p><\/blockquote>\n<p> <script async src=\"https:\/\/platform.twitter.com\/widgets.js\" charset=\"utf-8\"><\/script><\/p>\n<p><a href=\"https:\/\/bitacora.eniac2000.com\/wp-content\/uploads\/2023\/07\/5bddac31e176efca.png\"><img loading=\"lazy\" decoding=\"async\" src=\"https:\/\/bitacora.eniac2000.com\/wp-content\/uploads\/2023\/07\/5bddac31e176efca-848x1024.png\" alt=\"\" title=\"Dibujo de Jan en homenaje a Ib\u00e1\u00f1ez \" width=\"848\" height=\"1024\" class=\"aligncenter size-large wp-image-5423\" \/><\/a><\/p>\n<p>Arturo P\u00e9rez-Reverte y Jan, el autor de Superl\u00f3pez. No se me ocurren dos mejores homenajes.<\/p>\n<p>Hasta siempre, maestro.<\/p>\n","protected":false},"excerpt":{"rendered":"<p>Esta tarde hemos sabido que ha muerto el genial Francisco<\/p>\n","protected":false},"author":1,"featured_media":0,"comment_status":"open","ping_status":"open","sticky":false,"template":"","format":"standard","meta":{"advanced_seo_description":"","jetpack_seo_html_title":"","jetpack_seo_noindex":false,"_jetpack_memberships_contains_paid_content":false,"footnotes":"","jetpack_publicize_message":"","jetpack_publicize_feature_enabled":true,"jetpack_social_post_already_shared":false,"jetpack_social_options":{"image_generator_settings":{"template":"highway","default_image_id":0,"font":"","enabled":false},"version":2}},"categories":[20],"tags":[827,870,1131,1257],"series":[],"class_list":["post-5191","post","type-post","status-publish","format-standard","hentry","category-vida-corriente","tag-ibanez","tag-jan","tag-mortadelo-y-filemon","tag-perez-reverte"],"jetpack_publicize_connections":[],"jetpack_featured_media_url":"","jetpack_sharing_enabled":true,"_links":{"self":[{"href":"https:\/\/bitacora.eniac2000.com\/index.php?rest_route=\/wp\/v2\/posts\/5191","targetHints":{"allow":["GET"]}}],"collection":[{"href":"https:\/\/bitacora.eniac2000.com\/index.php?rest_route=\/wp\/v2\/posts"}],"about":[{"href":"https:\/\/bitacora.eniac2000.com\/index.php?rest_route=\/wp\/v2\/types\/post"}],"author":[{"embeddable":true,"href":"https:\/\/bitacora.eniac2000.com\/index.php?rest_route=\/wp\/v2\/users\/1"}],"replies":[{"embeddable":true,"href":"https:\/\/bitacora.eniac2000.com\/index.php?rest_route=%2Fwp%2Fv2%2Fcomments&post=5191"}],"version-history":[{"count":0,"href":"https:\/\/bitacora.eniac2000.com\/index.php?rest_route=\/wp\/v2\/posts\/5191\/revisions"}],"wp:attachment":[{"href":"https:\/\/bitacora.eniac2000.com\/index.php?rest_route=%2Fwp%2Fv2%2Fmedia&parent=5191"}],"wp:term":[{"taxonomy":"category","embeddable":true,"href":"https:\/\/bitacora.eniac2000.com\/index.php?rest_route=%2Fwp%2Fv2%2Fcategories&post=5191"},{"taxonomy":"post_tag","embeddable":true,"href":"https:\/\/bitacora.eniac2000.com\/index.php?rest_route=%2Fwp%2Fv2%2Ftags&post=5191"},{"taxonomy":"series","embeddable":true,"href":"https:\/\/bitacora.eniac2000.com\/index.php?rest_route=%2Fwp%2Fv2%2Fseries&post=5191"}],"curies":[{"name":"wp","href":"https:\/\/api.w.org\/{rel}","templated":true}]}}