{"id":5195,"date":"2023-07-16T21:19:51","date_gmt":"2023-07-16T20:19:51","guid":{"rendered":"https:\/\/bitacora.eniac2000.com\/?p=5195"},"modified":"2023-07-16T21:19:51","modified_gmt":"2023-07-16T20:19:51","slug":"dos-ratos-con-ian-gibson","status":"publish","type":"post","link":"https:\/\/bitacora.eniac2000.com\/?p=5195","title":{"rendered":"Dos ratos con Ian Gibson"},"content":{"rendered":"<p>Hace algunas semanas tuvimos Ana y yo la oportunidad de conocer a Ian Gibson. La historia tiene su puntito, as\u00ed que no me puedo resistir a contarla desde el principio. Todo arranc\u00f3 la tarde de un viernes en Santiago de Compostela. Mis padres se encontraban all\u00ed, merced a un viaje por balnearios al que se hab\u00edan apuntado con el Imserso, y hab\u00edamos decidido ir a visitarlos. Pero antes de acudir al balneario paramos en una librer\u00eda. \u00cdbamos a hacer algo de tiempo porque mi madre se encontraba un poco acatarrada, algo que ella achacaba a los cambios de tiempo que ven\u00eda experimentando esos d\u00edas, pasando del calor al fr\u00edo y del fr\u00edo al calor. Pero quer\u00eda realizarse por si acaso un test covid, no fuera a ser que se tratara de algo m\u00e1s serio. As\u00ed, como dec\u00eda, paramos en una librer\u00eda mientras se hac\u00eda el test y obten\u00eda los resultados. Como ese fin de semana \u00edbamos Ana y yo a hacer un rutero organizado por el Centro de Profesores de Pontevedra por las localizaciones en Carballi\u00f1o de obras de Emilio Pardo-Baz\u00e1n, me dediqu\u00e9 a buscar alg\u00fan libro del tema. Y cuando estaba buscando -y encontrando- algo al respecto, no me pude contener a hacerme con otros dos libros. Uno de ellos era \u00abNido de Piratas\u00bb, una cr\u00f3nica sobre el Diario Pueblo, y el otro se trataba de la autobiograf\u00eda de Ian Gibson: \u00abUn carmen en Granada\u00bb.<\/p>\n<p>Ana, merced a su gusto por Lorca, es una gran aficionada a la obra del Sr. Gibson. Yo, por mi parte, tambi\u00e9n le tengo mucho aprecio, pero m\u00e1s en su parte de ficci\u00f3n: en concreto, result\u00f3 muy de mi agrado su novela \u00abLa berlina de Prim\u00bb. As\u00ed que compramos los tres libros, y nos dispusimos a disfrutarlos en las siguientes jornadas. Mi madre, por cierto, finalmente s\u00ed que ten\u00eda covid, as\u00ed que no pudimos visitar a mis padres en el balneario de Santiago. De hecho, al d\u00eda siguiente lo abandonaban para volver a C\u00f3rdoba.<\/p>\n<p>El caso es que empezamos a leer la autobiograf\u00eda del Sr. Gibson que, aunque dura para \u00e9l, a m\u00ed me tra\u00eda muy buenos recuerdos de la ciudad de Dubl\u00edn y los a\u00f1os que pasamos all\u00ed. Y en ello est\u00e1bamos cuando nos enteramos que el siguiente fin de semana el Sr. Gibson estar\u00eda firmando libros en la Feria del Libro de Madrid. Nos falt\u00f3 tiempo para organizar el viaje, adem\u00e1s de conseguir algunas obras m\u00e1s del mismo, que Ana ten\u00eda mucho inter\u00e9s en el que el Sr. Gibson nos dedicara. Hubo que encargarlos, ya que toda la literatura del Sr. Gibson que Ana y yo tenemos estaba en Santiponce, y nosotros nos encontr\u00e1bamos en Forcarey. Finalmente pedimos \u00abVida, pasi\u00f3n y muerte de Federico Garc\u00eda Lorca\u00bb, adem\u00e1s de las novelas gr\u00e1ficas basadas en \u00abCuatro poetas en guerra\u00bb, \u00abLigero de equipaje. La vida de Antonio Machado\u00bb y \u00abVida y Muerte de Federico Garc\u00eda Lorca\u00bb. Y all\u00ed que nos fuimos, un viernes al terminar de trabajar, para Madrid. Esa noche quedamos con nuestro amigo Pablo para cenar en su barrio; Pablo, al d\u00eda siguiente, se nos unir\u00eda para ir a la Feria del Libro.<\/p>\n<p>A la ma\u00f1ana siguiente, como dec\u00eda, nos encaminamos los tres al Retiro, donde se celebra la Feria del Libro. En teor\u00eda el Sr. Gibson empezaba a firmar a las 11:00h, pero como no ten\u00eda claro cu\u00e1nta gente podr\u00eda haber, llegamos con bastante antelaci\u00f3n, a las 10:30h. Y para nuestra sorpresa, all\u00ed estaba el Sr. Gibson. Y pr\u00e1cticamente sin cola en la caseta. No pudimos contenernos. Tras una breve espera, tuvimos la oportunidad de charlar un buen rato con \u00e9l. Y es que el Sr. Gibson, gran convesador, no s\u00f3lo tiene un trato exquisito, sino que se toma mucho inter\u00e9s por lo que le puedan comentar sus interlocutores. En este rato pudimos hablar de su obra, de Lorca, de nuestro tiempo en Dubl\u00edn y lo que nos recordaba su autobiograf\u00eda de esos a\u00f1os, y en mi caso le pude preguntar por La Berlina de Prim. Le gust\u00f3 que alguien le preguntara por ella, ya que casi todo el mundo sol\u00eda hacerlo sobre Lorca, como era de esperar. Cuando supo que hab\u00edamos viajado desde Galicia en exclusiva para que nos firmara los libros, nos coment\u00f3 que a la semana siguiente estar\u00eda en la feria del libro de Villagarc\u00eda de Arosa, a lo que le respondimos que intentar\u00edamos volver a verle, ya que nos pillaba cerca de Forcarey. Y as\u00ed, tras firmarnos los cinco libros (tengo que admitir que fue un abuso), y decirnos que le encantar\u00eda seguir de charla con nosotros tomando una cerveza (o un albari\u00f1o en Villagarc\u00eda), nos despedimos de \u00e9l.<\/p>\n<p>Ese d\u00eda en la Feria del Libro pasaron m\u00e1s cosas: entre otras que tambi\u00e9n consegu\u00ed la firma de Santiago Posteguillo, y que Ana conoci\u00f3 a Pablo y a Piper, de Pipper On Tour, canal del que es gran seguidora. Y as\u00ed, felices y contentos, pasamos un estupendo fin de semana en Madrid.<\/p>\n<p>De vuelta en Galicia, vimos que, en efecto, Ian Gibson estar\u00eda firmando, unos d\u00edas despu\u00e9s, en la feria del libro de Villagarc\u00eda, que se denomina Cidade de Libro. En este caso, era una firma de libros vespertina, que iba seguida de un coloquio a la puesta de sol con otro de los autores firmantes, Jos\u00e9 Ram\u00f3n Alonso de la Torre. Y all\u00ed que, como no pod\u00eda ser menos, nos dirigimos. Mi idea era regalarle una botella de Mart\u00edn C\u00f3dax, como agradecimiento a su amabilidad para con nosotros en Madrid. Pero no nos pudimos contener, y all\u00e1 que nos fuimos con otros libros: \u00abPoeta en Granada: Un paseo por la ciudad y la vida de Federico Garc\u00eda\u00bb, que es una estupenda gu\u00eda de la ciudad de Granada, construida en torno a los lugares significativos de la ciudad en la vida de Lorca.<\/p>\n<p>Una vez en Villagarc\u00eda, tuvimos que esperar una cola mayor que la de la Feria del Libro de Madrid, pero mereci\u00f3 la pena. Como era de esperar, al principio el Sr. Gibson no se acordaba de nosotros, pero tras un rato de charla, record\u00f3 nuestro anterior encuentro. Y si ese primer d\u00eda hab\u00eda sido encantador, aquella tarde a\u00fan lo fue m\u00e1s. Y creo que le emocion\u00f3 el que le llev\u00e1ramos ese peque\u00f1o detalle. Luego asistimos a la charla, que fue estupenda, tanto por parte del Sr. Gibson como del Sr. Alonso de la Torre (todo un descubrimiento). Y al terminar la charla, nos volvimos a despedir. Y all\u00ed tuvimos la oportunidad de tomarnos esta foto, que para Ana y para m\u00ed ser\u00e9 siempre un inolvidable recuerdo de estos dos ratos con Ian Gibson:<\/p>\n<figure id=\"attachment_5196\" aria-describedby=\"caption-attachment-5196\" style=\"width: 400px\" class=\"wp-caption aligncenter\"><a href=\"https:\/\/bitacora.eniac2000.com\/wp-content\/uploads\/2023\/07\/20230615_2235-villagarcia-iangibson-ana-javier.jpg\"><img loading=\"lazy\" decoding=\"async\" src=\"https:\/\/bitacora.eniac2000.com\/wp-content\/uploads\/2023\/07\/20230615_2235-villagarcia-iangibson-ana-javier-400x225.jpg\" alt=\"Con Ian Gibson en Villagarc\u00eda de Arosa\" title=\"Con Ian Gibson en Villagarc\u00eda de Arosa\" width=\"400\" height=\"225\" class=\"size-medium wp-image-5196\" \/><\/a><figcaption id=\"caption-attachment-5196\" class=\"wp-caption-text\">Con Ian Gibson en Villagarc\u00eda de Arosa<\/figcaption><\/figure>\n<p>Con estas humildes l\u00edneas quiero volver a darle las gracias por estos dos d\u00edas, Sr. Gibson.<\/p>\n","protected":false},"excerpt":{"rendered":"<p>Hace algunas semanas tuvimos Ana y yo la oportunidad de<\/p>\n","protected":false},"author":1,"featured_media":0,"comment_status":"open","ping_status":"open","sticky":false,"template":"","format":"standard","meta":{"advanced_seo_description":"","jetpack_seo_html_title":"","jetpack_seo_noindex":false,"_jetpack_memberships_contains_paid_content":false,"footnotes":"","jetpack_publicize_message":"","jetpack_publicize_feature_enabled":true,"jetpack_social_post_already_shared":false,"jetpack_social_options":{"image_generator_settings":{"template":"highway","default_image_id":0,"font":"","enabled":false},"version":2}},"categories":[20],"tags":[650,654,826,916,1749],"series":[],"class_list":["post-5195","post","type-post","status-publish","format-standard","hentry","category-vida-corriente","tag-federico-garcia-lorca","tag-feria-del-libro-de-madrid","tag-ian-gibson","tag-la-berlina-de-prim","tag-villagarcia-de-arosa"],"jetpack_publicize_connections":[],"jetpack_featured_media_url":"","jetpack_sharing_enabled":true,"_links":{"self":[{"href":"https:\/\/bitacora.eniac2000.com\/index.php?rest_route=\/wp\/v2\/posts\/5195","targetHints":{"allow":["GET"]}}],"collection":[{"href":"https:\/\/bitacora.eniac2000.com\/index.php?rest_route=\/wp\/v2\/posts"}],"about":[{"href":"https:\/\/bitacora.eniac2000.com\/index.php?rest_route=\/wp\/v2\/types\/post"}],"author":[{"embeddable":true,"href":"https:\/\/bitacora.eniac2000.com\/index.php?rest_route=\/wp\/v2\/users\/1"}],"replies":[{"embeddable":true,"href":"https:\/\/bitacora.eniac2000.com\/index.php?rest_route=%2Fwp%2Fv2%2Fcomments&post=5195"}],"version-history":[{"count":0,"href":"https:\/\/bitacora.eniac2000.com\/index.php?rest_route=\/wp\/v2\/posts\/5195\/revisions"}],"wp:attachment":[{"href":"https:\/\/bitacora.eniac2000.com\/index.php?rest_route=%2Fwp%2Fv2%2Fmedia&parent=5195"}],"wp:term":[{"taxonomy":"category","embeddable":true,"href":"https:\/\/bitacora.eniac2000.com\/index.php?rest_route=%2Fwp%2Fv2%2Fcategories&post=5195"},{"taxonomy":"post_tag","embeddable":true,"href":"https:\/\/bitacora.eniac2000.com\/index.php?rest_route=%2Fwp%2Fv2%2Ftags&post=5195"},{"taxonomy":"series","embeddable":true,"href":"https:\/\/bitacora.eniac2000.com\/index.php?rest_route=%2Fwp%2Fv2%2Fseries&post=5195"}],"curies":[{"name":"wp","href":"https:\/\/api.w.org\/{rel}","templated":true}]}}