{"id":5230,"date":"2023-07-30T05:00:08","date_gmt":"2023-07-30T04:00:08","guid":{"rendered":"https:\/\/bitacora.eniac2000.com\/?p=5230"},"modified":"2023-07-30T05:00:08","modified_gmt":"2023-07-30T04:00:08","slug":"observatorio-astronomico-de-forcarey-a-vista-de-dron-febrero-de-2023","status":"publish","type":"post","link":"https:\/\/bitacora.eniac2000.com\/?p=5230","title":{"rendered":"Observatorio Astron\u00f3mico de Forcarey a vista de dron (Febrero de 2023)"},"content":{"rendered":"<p><iframe loading=\"lazy\" width=\"560\" height=\"315\" src=\"https:\/\/www.youtube.com\/embed\/8yegsY8_kXU\" title=\"YouTube video player\" frameborder=\"0\" allow=\"accelerometer; autoplay; clipboard-write; encrypted-media; gyroscope; picture-in-picture; web-share\" allowfullscreen><\/iframe><\/p>\n<p>V\u00eddeo con diversas tomas del observatorio astron\u00f3mico de Forcarey (Forcarei), efectuadas en febrero de 2023. En ellas realizo diversas pruebas de t\u00e9cnicas de grabaci\u00f3n, tales como vuelo circular asistido por el dron, tomas parallax, dolly zoom (efecto v\u00e9rtigo), as\u00ed como algunos modos de efectos especiales, tanto del editor como del propio dron.<br \/>\nGrabaci\u00f3n efectuada con un dron DJI Mini 3 Pro.<br \/>\nM\u00fasica:<br \/>\nTenderness by FSM Team<br \/>\nMusic by https:\/\/www.free-stock-music.com<\/p>\n","protected":false},"excerpt":{"rendered":"<p>V\u00eddeo con diversas tomas del observatorio astron\u00f3mico de Forcarey (Forcarei),<\/p>\n","protected":false},"author":1,"featured_media":0,"comment_status":"open","ping_status":"open","sticky":false,"template":"","format":"standard","meta":{"advanced_seo_description":"","jetpack_seo_html_title":"","jetpack_seo_noindex":false,"_jetpack_memberships_contains_paid_content":false,"footnotes":"","jetpack_publicize_message":"","jetpack_publicize_feature_enabled":true,"jetpack_social_post_already_shared":false,"jetpack_social_options":{"image_generator_settings":{"template":"highway","default_image_id":0,"font":"","enabled":false},"version":2}},"categories":[10],"tags":[537,551,683,1186],"series":[],"class_list":["post-5230","post","type-post","status-publish","format-standard","hentry","category-espana-a-vista-de-dron","tag-dji-mini-3-pro","tag-dron","tag-forcarey","tag-observatorio-astronomico"],"jetpack_publicize_connections":[],"jetpack_featured_media_url":"","jetpack_sharing_enabled":true,"_links":{"self":[{"href":"https:\/\/bitacora.eniac2000.com\/index.php?rest_route=\/wp\/v2\/posts\/5230","targetHints":{"allow":["GET"]}}],"collection":[{"href":"https:\/\/bitacora.eniac2000.com\/index.php?rest_route=\/wp\/v2\/posts"}],"about":[{"href":"https:\/\/bitacora.eniac2000.com\/index.php?rest_route=\/wp\/v2\/types\/post"}],"author":[{"embeddable":true,"href":"https:\/\/bitacora.eniac2000.com\/index.php?rest_route=\/wp\/v2\/users\/1"}],"replies":[{"embeddable":true,"href":"https:\/\/bitacora.eniac2000.com\/index.php?rest_route=%2Fwp%2Fv2%2Fcomments&post=5230"}],"version-history":[{"count":0,"href":"https:\/\/bitacora.eniac2000.com\/index.php?rest_route=\/wp\/v2\/posts\/5230\/revisions"}],"wp:attachment":[{"href":"https:\/\/bitacora.eniac2000.com\/index.php?rest_route=%2Fwp%2Fv2%2Fmedia&parent=5230"}],"wp:term":[{"taxonomy":"category","embeddable":true,"href":"https:\/\/bitacora.eniac2000.com\/index.php?rest_route=%2Fwp%2Fv2%2Fcategories&post=5230"},{"taxonomy":"post_tag","embeddable":true,"href":"https:\/\/bitacora.eniac2000.com\/index.php?rest_route=%2Fwp%2Fv2%2Ftags&post=5230"},{"taxonomy":"series","embeddable":true,"href":"https:\/\/bitacora.eniac2000.com\/index.php?rest_route=%2Fwp%2Fv2%2Fseries&post=5230"}],"curies":[{"name":"wp","href":"https:\/\/api.w.org\/{rel}","templated":true}]}}