{"id":5237,"date":"2023-07-31T08:39:42","date_gmt":"2023-07-31T07:39:42","guid":{"rendered":"https:\/\/bitacora.eniac2000.com\/?p=5237"},"modified":"2023-07-31T08:39:42","modified_gmt":"2023-07-31T07:39:42","slug":"mirador-de-grobas-sierra-de-candan-a-vista-de-dron-18022023","status":"publish","type":"post","link":"https:\/\/bitacora.eniac2000.com\/?p=5237","title":{"rendered":"Mirador de Grobas (Sierra de Cand\u00e1n) a vista de dron (18\/02\/2023)"},"content":{"rendered":"<p><iframe loading=\"lazy\" width=\"560\" height=\"315\" src=\"https:\/\/www.youtube.com\/embed\/jJW3gKd00dI\" title=\"YouTube video player\" frameborder=\"0\" allow=\"accelerometer; autoplay; clipboard-write; encrypted-media; gyroscope; picture-in-picture; web-share\" allowfullscreen><\/iframe><\/p>\n<p>Grabaci\u00f3n efectuada en el Mirador de Grobas, en plena Sierra de Cand\u00e1n, en las cercan\u00edas de la aldea minera abandonada de Grobas, perteneciente a Forcarey (Forcarei). Tomas realizadas con un DJI Mini 3 Pro.<br \/>\nM\u00fasica:<br \/>\nLife In Silico by Scott Buckley | https:\/\/soundcloud.com\/scottbuckley<br \/>\nMusic promoted by https:\/\/www.free-stock-music.com<br \/>\nCreative Commons \/ Attribution 4.0 International (CC BY 4.0)<\/p>\n","protected":false},"excerpt":{"rendered":"<p>Grabaci\u00f3n efectuada en el Mirador de Grobas, en plena Sierra<\/p>\n","protected":false},"author":1,"featured_media":0,"comment_status":"open","ping_status":"open","sticky":false,"template":"","format":"standard","meta":{"advanced_seo_description":"","jetpack_seo_html_title":"","jetpack_seo_noindex":false,"_jetpack_memberships_contains_paid_content":false,"footnotes":"","jetpack_publicize_message":"","jetpack_publicize_feature_enabled":true,"jetpack_social_post_already_shared":false,"jetpack_social_options":{"image_generator_settings":{"template":"highway","default_image_id":0,"font":"","enabled":false},"version":2}},"categories":[10],"tags":[537,551,683,761,1085,1540],"series":[],"class_list":["post-5237","post","type-post","status-publish","format-standard","hentry","category-espana-a-vista-de-dron","tag-dji-mini-3-pro","tag-dron","tag-forcarey","tag-grobas","tag-mirador-de-grobas","tag-sierra-de-candan"],"jetpack_publicize_connections":[],"jetpack_featured_media_url":"","jetpack_sharing_enabled":true,"_links":{"self":[{"href":"https:\/\/bitacora.eniac2000.com\/index.php?rest_route=\/wp\/v2\/posts\/5237","targetHints":{"allow":["GET"]}}],"collection":[{"href":"https:\/\/bitacora.eniac2000.com\/index.php?rest_route=\/wp\/v2\/posts"}],"about":[{"href":"https:\/\/bitacora.eniac2000.com\/index.php?rest_route=\/wp\/v2\/types\/post"}],"author":[{"embeddable":true,"href":"https:\/\/bitacora.eniac2000.com\/index.php?rest_route=\/wp\/v2\/users\/1"}],"replies":[{"embeddable":true,"href":"https:\/\/bitacora.eniac2000.com\/index.php?rest_route=%2Fwp%2Fv2%2Fcomments&post=5237"}],"version-history":[{"count":0,"href":"https:\/\/bitacora.eniac2000.com\/index.php?rest_route=\/wp\/v2\/posts\/5237\/revisions"}],"wp:attachment":[{"href":"https:\/\/bitacora.eniac2000.com\/index.php?rest_route=%2Fwp%2Fv2%2Fmedia&parent=5237"}],"wp:term":[{"taxonomy":"category","embeddable":true,"href":"https:\/\/bitacora.eniac2000.com\/index.php?rest_route=%2Fwp%2Fv2%2Fcategories&post=5237"},{"taxonomy":"post_tag","embeddable":true,"href":"https:\/\/bitacora.eniac2000.com\/index.php?rest_route=%2Fwp%2Fv2%2Ftags&post=5237"},{"taxonomy":"series","embeddable":true,"href":"https:\/\/bitacora.eniac2000.com\/index.php?rest_route=%2Fwp%2Fv2%2Fseries&post=5237"}],"curies":[{"name":"wp","href":"https:\/\/api.w.org\/{rel}","templated":true}]}}