{"id":5239,"date":"2023-08-01T08:07:57","date_gmt":"2023-08-01T07:07:57","guid":{"rendered":"https:\/\/bitacora.eniac2000.com\/?p=5239"},"modified":"2023-08-01T08:07:57","modified_gmt":"2023-08-01T07:07:57","slug":"viaducto-ferroviario-de-pontevedra-a-vista-de-dron-febrero-de-2023","status":"publish","type":"post","link":"https:\/\/bitacora.eniac2000.com\/?p=5239","title":{"rendered":"Viaducto ferroviario de Pontevedra a vista de dron. Febrero de 2023"},"content":{"rendered":"<p><iframe loading=\"lazy\" width=\"560\" height=\"315\" src=\"https:\/\/www.youtube.com\/embed\/3FpL8phhl6g\" title=\"YouTube video player\" frameborder=\"0\" allow=\"accelerometer; autoplay; clipboard-write; encrypted-media; gyroscope; picture-in-picture; web-share\" allowfullscreen><\/iframe><\/p>\n<p>Grabaci\u00f3n con dron del antiguo viaducto ferroviario, ahora en desuso, de Pontevedra, que est\u00e1 actualmente en obras de acondicionamiento como parte una futura v\u00eda verde entre Pontevedra y Villagarc\u00eda de Arosa. Adem\u00e1s del viaducto, pueden apreciarse parte de la Isla de las Esculturas, el nuevo viaducto ferroviario, y el monasterio de San Benito de L\u00e9rez. Efectuado con un DJI Mini 3 Pro.<br \/>\nM\u00fasica:<br \/>\nPeaceful Rain by Hayden Folker | https:\/\/soundcloud.com\/hayden-folker<br \/>\nMusic promoted by https:\/\/www.free-stock-music.com<br \/>\nCreative Commons \/ Attribution 3.0 Unported License (CC BY 3.0)<\/p>\n","protected":false},"excerpt":{"rendered":"<p>Grabaci\u00f3n con dron del antiguo viaducto ferroviario, ahora en desuso,<\/p>\n","protected":false},"author":1,"featured_media":0,"comment_status":"open","ping_status":"open","sticky":false,"template":"","format":"standard","meta":{"advanced_seo_description":"","jetpack_seo_html_title":"","jetpack_seo_noindex":false,"_jetpack_memberships_contains_paid_content":false,"footnotes":"","jetpack_publicize_message":"","jetpack_publicize_feature_enabled":true,"jetpack_social_post_already_shared":false,"jetpack_social_options":{"image_generator_settings":{"template":"highway","default_image_id":0,"font":"","enabled":false},"version":2}},"categories":[10],"tags":[537,551,1295],"series":[],"class_list":["post-5239","post","type-post","status-publish","format-standard","hentry","category-espana-a-vista-de-dron","tag-dji-mini-3-pro","tag-dron","tag-pontevedra"],"jetpack_publicize_connections":[],"jetpack_featured_media_url":"","jetpack_sharing_enabled":true,"_links":{"self":[{"href":"https:\/\/bitacora.eniac2000.com\/index.php?rest_route=\/wp\/v2\/posts\/5239","targetHints":{"allow":["GET"]}}],"collection":[{"href":"https:\/\/bitacora.eniac2000.com\/index.php?rest_route=\/wp\/v2\/posts"}],"about":[{"href":"https:\/\/bitacora.eniac2000.com\/index.php?rest_route=\/wp\/v2\/types\/post"}],"author":[{"embeddable":true,"href":"https:\/\/bitacora.eniac2000.com\/index.php?rest_route=\/wp\/v2\/users\/1"}],"replies":[{"embeddable":true,"href":"https:\/\/bitacora.eniac2000.com\/index.php?rest_route=%2Fwp%2Fv2%2Fcomments&post=5239"}],"version-history":[{"count":0,"href":"https:\/\/bitacora.eniac2000.com\/index.php?rest_route=\/wp\/v2\/posts\/5239\/revisions"}],"wp:attachment":[{"href":"https:\/\/bitacora.eniac2000.com\/index.php?rest_route=%2Fwp%2Fv2%2Fmedia&parent=5239"}],"wp:term":[{"taxonomy":"category","embeddable":true,"href":"https:\/\/bitacora.eniac2000.com\/index.php?rest_route=%2Fwp%2Fv2%2Fcategories&post=5239"},{"taxonomy":"post_tag","embeddable":true,"href":"https:\/\/bitacora.eniac2000.com\/index.php?rest_route=%2Fwp%2Fv2%2Ftags&post=5239"},{"taxonomy":"series","embeddable":true,"href":"https:\/\/bitacora.eniac2000.com\/index.php?rest_route=%2Fwp%2Fv2%2Fseries&post=5239"}],"curies":[{"name":"wp","href":"https:\/\/api.w.org\/{rel}","templated":true}]}}