{"id":5246,"date":"2023-08-02T09:07:15","date_gmt":"2023-08-02T08:07:15","guid":{"rendered":"https:\/\/bitacora.eniac2000.com\/?p=5246"},"modified":"2023-08-02T09:07:15","modified_gmt":"2023-08-02T08:07:15","slug":"puente-medieval-de-pontevea-a-vista-de-dron-26022023","status":"publish","type":"post","link":"https:\/\/bitacora.eniac2000.com\/?p=5246","title":{"rendered":"Puente Medieval de Pontevea a vista de dron (26\/02\/2023)"},"content":{"rendered":"<p><iframe loading=\"lazy\" width=\"560\" height=\"315\" src=\"https:\/\/www.youtube.com\/embed\/UeoxqLqf1Gw\" title=\"YouTube video player\" frameborder=\"0\" allow=\"accelerometer; autoplay; clipboard-write; encrypted-media; gyroscope; picture-in-picture; web-share\" allowfullscreen><\/iframe><\/p>\n<p>Puente Medieval de Pontevea, que cruza el r\u00edo Ulla y une las poblaciones de La Estrada (Pontevedra) y Teo (La Coru\u00f1a). Grabaci\u00f3n efectuada el 26 de febrero de 2023 con un dron DJI Mini 3 Pro.<br \/>\nM\u00fasica:<br \/>\nBring Me The Sky by Scott Buckley | https:\/\/soundcloud.com\/scottbuckley<br \/>\nMusic promoted by https:\/\/www.free-stock-music.com<br \/>\nCreative Commons \/ Attribution 4.0 International (CC BY 4.0)<\/p>\n","protected":false},"excerpt":{"rendered":"<p>Puente Medieval de Pontevea, que cruza el r\u00edo Ulla y<\/p>\n","protected":false},"author":1,"featured_media":0,"comment_status":"open","ping_status":"open","sticky":false,"template":"","format":"standard","meta":{"advanced_seo_description":"","jetpack_seo_html_title":"","jetpack_seo_noindex":false,"_jetpack_memberships_contains_paid_content":false,"footnotes":"","jetpack_publicize_message":"","jetpack_publicize_feature_enabled":true,"jetpack_social_post_already_shared":false,"jetpack_social_options":{"image_generator_settings":{"template":"highway","default_image_id":0,"font":"","enabled":false},"version":2}},"categories":[10],"tags":[537,551,1294],"series":[],"class_list":["post-5246","post","type-post","status-publish","format-standard","hentry","category-espana-a-vista-de-dron","tag-dji-mini-3-pro","tag-dron","tag-pontevea"],"jetpack_publicize_connections":[],"jetpack_featured_media_url":"","jetpack_sharing_enabled":true,"_links":{"self":[{"href":"https:\/\/bitacora.eniac2000.com\/index.php?rest_route=\/wp\/v2\/posts\/5246","targetHints":{"allow":["GET"]}}],"collection":[{"href":"https:\/\/bitacora.eniac2000.com\/index.php?rest_route=\/wp\/v2\/posts"}],"about":[{"href":"https:\/\/bitacora.eniac2000.com\/index.php?rest_route=\/wp\/v2\/types\/post"}],"author":[{"embeddable":true,"href":"https:\/\/bitacora.eniac2000.com\/index.php?rest_route=\/wp\/v2\/users\/1"}],"replies":[{"embeddable":true,"href":"https:\/\/bitacora.eniac2000.com\/index.php?rest_route=%2Fwp%2Fv2%2Fcomments&post=5246"}],"version-history":[{"count":0,"href":"https:\/\/bitacora.eniac2000.com\/index.php?rest_route=\/wp\/v2\/posts\/5246\/revisions"}],"wp:attachment":[{"href":"https:\/\/bitacora.eniac2000.com\/index.php?rest_route=%2Fwp%2Fv2%2Fmedia&parent=5246"}],"wp:term":[{"taxonomy":"category","embeddable":true,"href":"https:\/\/bitacora.eniac2000.com\/index.php?rest_route=%2Fwp%2Fv2%2Fcategories&post=5246"},{"taxonomy":"post_tag","embeddable":true,"href":"https:\/\/bitacora.eniac2000.com\/index.php?rest_route=%2Fwp%2Fv2%2Ftags&post=5246"},{"taxonomy":"series","embeddable":true,"href":"https:\/\/bitacora.eniac2000.com\/index.php?rest_route=%2Fwp%2Fv2%2Fseries&post=5246"}],"curies":[{"name":"wp","href":"https:\/\/api.w.org\/{rel}","templated":true}]}}