{"id":5248,"date":"2023-08-03T15:19:48","date_gmt":"2023-08-03T14:19:48","guid":{"rendered":"https:\/\/bitacora.eniac2000.com\/?p=5248"},"modified":"2023-08-03T15:19:48","modified_gmt":"2023-08-03T14:19:48","slug":"monasterio-de-aciveiro-forcarey-a-vista-de-dron-12032023","status":"publish","type":"post","link":"https:\/\/bitacora.eniac2000.com\/?p=5248","title":{"rendered":"Monasterio de Aciveiro (Forcarey) a vista de dron (12\/03\/2023)"},"content":{"rendered":"<p><iframe loading=\"lazy\" width=\"560\" height=\"315\" src=\"https:\/\/www.youtube.com\/embed\/FiSnghtX0u8\" title=\"YouTube video player\" frameborder=\"0\" allow=\"accelerometer; autoplay; clipboard-write; encrypted-media; gyroscope; picture-in-picture; web-share\" allowfullscreen><\/iframe><\/p>\n<p>Grabaci\u00f3n del Monasterio de Santa Mar\u00eda de Aciveiro, monasterio cisterciense fundado en el siglo XII en Forcarey (Forcarei). Grabaci\u00f3n efectuada con un dron DJI Mini 3 Pro, el 12\/03\/2023.<br \/>\nM\u00fasica:<br \/>\nLife Blossom by Keys of Moon | https:\/\/soundcloud.com\/keysofmoon<br \/>\nMusic promoted by https:\/\/www.free-stock-music.com<br \/>\nCreative Commons \/ Attribution 4.0 International (CC BY 4.0)<\/p>\n","protected":false},"excerpt":{"rendered":"<p>Grabaci\u00f3n del Monasterio de Santa Mar\u00eda de Aciveiro, monasterio cisterciense<\/p>\n","protected":false},"author":1,"featured_media":0,"comment_status":"open","ping_status":"open","sticky":false,"template":"","format":"standard","meta":{"advanced_seo_description":"","jetpack_seo_html_title":"","jetpack_seo_noindex":false,"_jetpack_memberships_contains_paid_content":false,"footnotes":"","jetpack_publicize_message":"","jetpack_publicize_feature_enabled":true,"jetpack_social_post_already_shared":false,"jetpack_social_options":{"image_generator_settings":{"template":"highway","default_image_id":0,"font":"","enabled":false},"version":2}},"categories":[10],"tags":[537,551,683,1101],"series":[],"class_list":["post-5248","post","type-post","status-publish","format-standard","hentry","category-espana-a-vista-de-dron","tag-dji-mini-3-pro","tag-dron","tag-forcarey","tag-monasterio-de-aciveiro"],"jetpack_publicize_connections":[],"jetpack_featured_media_url":"","jetpack_sharing_enabled":true,"_links":{"self":[{"href":"https:\/\/bitacora.eniac2000.com\/index.php?rest_route=\/wp\/v2\/posts\/5248","targetHints":{"allow":["GET"]}}],"collection":[{"href":"https:\/\/bitacora.eniac2000.com\/index.php?rest_route=\/wp\/v2\/posts"}],"about":[{"href":"https:\/\/bitacora.eniac2000.com\/index.php?rest_route=\/wp\/v2\/types\/post"}],"author":[{"embeddable":true,"href":"https:\/\/bitacora.eniac2000.com\/index.php?rest_route=\/wp\/v2\/users\/1"}],"replies":[{"embeddable":true,"href":"https:\/\/bitacora.eniac2000.com\/index.php?rest_route=%2Fwp%2Fv2%2Fcomments&post=5248"}],"version-history":[{"count":0,"href":"https:\/\/bitacora.eniac2000.com\/index.php?rest_route=\/wp\/v2\/posts\/5248\/revisions"}],"wp:attachment":[{"href":"https:\/\/bitacora.eniac2000.com\/index.php?rest_route=%2Fwp%2Fv2%2Fmedia&parent=5248"}],"wp:term":[{"taxonomy":"category","embeddable":true,"href":"https:\/\/bitacora.eniac2000.com\/index.php?rest_route=%2Fwp%2Fv2%2Fcategories&post=5248"},{"taxonomy":"post_tag","embeddable":true,"href":"https:\/\/bitacora.eniac2000.com\/index.php?rest_route=%2Fwp%2Fv2%2Ftags&post=5248"},{"taxonomy":"series","embeddable":true,"href":"https:\/\/bitacora.eniac2000.com\/index.php?rest_route=%2Fwp%2Fv2%2Fseries&post=5248"}],"curies":[{"name":"wp","href":"https:\/\/api.w.org\/{rel}","templated":true}]}}