{"id":5253,"date":"2023-08-04T10:14:21","date_gmt":"2023-08-04T09:14:21","guid":{"rendered":"https:\/\/bitacora.eniac2000.com\/?p=5253"},"modified":"2023-08-04T10:14:21","modified_gmt":"2023-08-04T09:14:21","slug":"ciudad-romana-de-caparra-a-vista-de-dron-01042023","status":"publish","type":"post","link":"https:\/\/bitacora.eniac2000.com\/?p=5253","title":{"rendered":"Ciudad Romana de C\u00e1parra a vista de dron (01\/04\/2023)"},"content":{"rendered":"<p><iframe loading=\"lazy\" width=\"560\" height=\"315\" src=\"https:\/\/www.youtube.com\/embed\/YOOMMY2amm4\" title=\"YouTube video player\" frameborder=\"0\" allow=\"accelerometer; autoplay; clipboard-write; encrypted-media; gyroscope; picture-in-picture; web-share\" allowfullscreen><\/iframe><\/p>\n<p>Grabaci\u00f3n de la ciudad romana de C\u00e1parra, en Extremadura, a vista de dron, en la que aparecen su arco tetr\u00e1pilo, las termas, el foro y el anfiteatro. Grabaci\u00f3n efectuada con un dron DJI Mini 3 Pro.<br \/>\nM\u00fasica:<br \/>\nLegacy by Scott Buckley | https:\/\/soundcloud.com\/scottbuckley<br \/>\nMusic promoted by https:\/\/www.free-stock-music.com<br \/>\nCreative Commons \/ Attribution 4.0 International (CC BY 4.0)<\/p>\n","protected":false},"excerpt":{"rendered":"<p>Grabaci\u00f3n de la ciudad romana de C\u00e1parra, en Extremadura, a<\/p>\n","protected":false},"author":1,"featured_media":0,"comment_status":"open","ping_status":"open","sticky":false,"template":"","format":"standard","meta":{"advanced_seo_description":"","jetpack_seo_html_title":"","jetpack_seo_noindex":false,"_jetpack_memberships_contains_paid_content":false,"footnotes":"","jetpack_publicize_message":"","jetpack_publicize_feature_enabled":true,"jetpack_social_post_already_shared":false,"jetpack_social_options":{"image_generator_settings":{"template":"highway","default_image_id":0,"font":"","enabled":false},"version":2}},"categories":[10],"tags":[387,537,551,636],"series":[],"class_list":["post-5253","post","type-post","status-publish","format-standard","hentry","category-espana-a-vista-de-dron","tag-caparra","tag-dji-mini-3-pro","tag-dron","tag-extrremadura"],"jetpack_publicize_connections":[],"jetpack_featured_media_url":"","jetpack_sharing_enabled":true,"_links":{"self":[{"href":"https:\/\/bitacora.eniac2000.com\/index.php?rest_route=\/wp\/v2\/posts\/5253","targetHints":{"allow":["GET"]}}],"collection":[{"href":"https:\/\/bitacora.eniac2000.com\/index.php?rest_route=\/wp\/v2\/posts"}],"about":[{"href":"https:\/\/bitacora.eniac2000.com\/index.php?rest_route=\/wp\/v2\/types\/post"}],"author":[{"embeddable":true,"href":"https:\/\/bitacora.eniac2000.com\/index.php?rest_route=\/wp\/v2\/users\/1"}],"replies":[{"embeddable":true,"href":"https:\/\/bitacora.eniac2000.com\/index.php?rest_route=%2Fwp%2Fv2%2Fcomments&post=5253"}],"version-history":[{"count":0,"href":"https:\/\/bitacora.eniac2000.com\/index.php?rest_route=\/wp\/v2\/posts\/5253\/revisions"}],"wp:attachment":[{"href":"https:\/\/bitacora.eniac2000.com\/index.php?rest_route=%2Fwp%2Fv2%2Fmedia&parent=5253"}],"wp:term":[{"taxonomy":"category","embeddable":true,"href":"https:\/\/bitacora.eniac2000.com\/index.php?rest_route=%2Fwp%2Fv2%2Fcategories&post=5253"},{"taxonomy":"post_tag","embeddable":true,"href":"https:\/\/bitacora.eniac2000.com\/index.php?rest_route=%2Fwp%2Fv2%2Ftags&post=5253"},{"taxonomy":"series","embeddable":true,"href":"https:\/\/bitacora.eniac2000.com\/index.php?rest_route=%2Fwp%2Fv2%2Fseries&post=5253"}],"curies":[{"name":"wp","href":"https:\/\/api.w.org\/{rel}","templated":true}]}}