{"id":5263,"date":"2023-08-08T07:57:09","date_gmt":"2023-08-08T06:57:09","guid":{"rendered":"https:\/\/bitacora.eniac2000.com\/?p=5263"},"modified":"2023-08-08T07:57:09","modified_gmt":"2023-08-08T06:57:09","slug":"poniendo-a-prueba-el-sistema-anticolision-del-dron-en-santiponce-26042023","status":"publish","type":"post","link":"https:\/\/bitacora.eniac2000.com\/?p=5263","title":{"rendered":"Poniendo a prueba el sistema anticolisi\u00f3n del dron en Santiponce (26\/04\/2023)"},"content":{"rendered":"<p><iframe loading=\"lazy\" width=\"800\" height=\"450\" src=\"https:\/\/www.youtube.com\/embed\/tx2X5UQbCRw\" title=\"YouTube video player\" frameborder=\"0\" allow=\"accelerometer; autoplay; clipboard-write; encrypted-media; gyroscope; picture-in-picture; web-share\" allowfullscreen><\/iframe><\/p>\n<p>Salida corta por los alrededores de Santiponce, donde puse a prueba los sistemas de seguimiento y anticolisi\u00f3n del dron. Recorrido por la V\u00eda de la Plata entre Santiponce y Guillena, Ca\u00f1ada Real de la Isla en las cercan\u00edas de Salteras y V\u00eda Verde de It\u00e1lica entre Valencina de la Concepci\u00f3n y Santiponce.<br \/>\nGrabaci\u00f3n efectuada con un DJI Mini 3 Pro el 26\/04\/2023.<br \/>\nM\u00fasica:<br \/>\nENGINE by Alex-Productions | https:\/\/onsound.eu\/<br \/>\nMusic promoted by https:\/\/www.free-stock-music.com<br \/>\nCreative Commons \/ Attribution 3.0 Unported License (CC BY 3.0)<\/p>\n","protected":false},"excerpt":{"rendered":"<p>Salida corta por los alrededores de Santiponce, donde puse a<\/p>\n","protected":false},"author":1,"featured_media":0,"comment_status":"open","ping_status":"open","sticky":false,"template":"","format":"standard","meta":{"advanced_seo_description":"","jetpack_seo_html_title":"","jetpack_seo_noindex":false,"_jetpack_memberships_contains_paid_content":false,"footnotes":"","jetpack_publicize_message":"","jetpack_publicize_feature_enabled":true,"jetpack_social_post_already_shared":false,"jetpack_social_options":{"image_generator_settings":{"template":"highway","default_image_id":0,"font":"","enabled":false},"version":2}},"categories":[24,8,10],"tags":[266,537,551,1135,1500,1704,1707],"series":[],"class_list":["post-5263","post","type-post","status-publish","format-standard","hentry","category-ciclismo","category-deporte","category-espana-a-vista-de-dron","tag-canada-real-de-las-islas","tag-dji-mini-3-pro","tag-dron","tag-mtb","tag-santiponce","tag-via-de-la-plata","tag-via-verde-de-italica"],"jetpack_publicize_connections":[],"jetpack_featured_media_url":"","jetpack_sharing_enabled":true,"_links":{"self":[{"href":"https:\/\/bitacora.eniac2000.com\/index.php?rest_route=\/wp\/v2\/posts\/5263","targetHints":{"allow":["GET"]}}],"collection":[{"href":"https:\/\/bitacora.eniac2000.com\/index.php?rest_route=\/wp\/v2\/posts"}],"about":[{"href":"https:\/\/bitacora.eniac2000.com\/index.php?rest_route=\/wp\/v2\/types\/post"}],"author":[{"embeddable":true,"href":"https:\/\/bitacora.eniac2000.com\/index.php?rest_route=\/wp\/v2\/users\/1"}],"replies":[{"embeddable":true,"href":"https:\/\/bitacora.eniac2000.com\/index.php?rest_route=%2Fwp%2Fv2%2Fcomments&post=5263"}],"version-history":[{"count":0,"href":"https:\/\/bitacora.eniac2000.com\/index.php?rest_route=\/wp\/v2\/posts\/5263\/revisions"}],"wp:attachment":[{"href":"https:\/\/bitacora.eniac2000.com\/index.php?rest_route=%2Fwp%2Fv2%2Fmedia&parent=5263"}],"wp:term":[{"taxonomy":"category","embeddable":true,"href":"https:\/\/bitacora.eniac2000.com\/index.php?rest_route=%2Fwp%2Fv2%2Fcategories&post=5263"},{"taxonomy":"post_tag","embeddable":true,"href":"https:\/\/bitacora.eniac2000.com\/index.php?rest_route=%2Fwp%2Fv2%2Ftags&post=5263"},{"taxonomy":"series","embeddable":true,"href":"https:\/\/bitacora.eniac2000.com\/index.php?rest_route=%2Fwp%2Fv2%2Fseries&post=5263"}],"curies":[{"name":"wp","href":"https:\/\/api.w.org\/{rel}","templated":true}]}}