{"id":5278,"date":"2023-08-12T18:11:35","date_gmt":"2023-08-12T17:11:35","guid":{"rendered":"https:\/\/bitacora.eniac2000.com\/?p=5278"},"modified":"2023-08-12T18:11:35","modified_gmt":"2023-08-12T17:11:35","slug":"descenso-mtb-de-sierra-castrelada-rio-verdugo-a-vista-de-dron-13052023","status":"publish","type":"post","link":"https:\/\/bitacora.eniac2000.com\/?p=5278","title":{"rendered":"Descenso MTB de Sierra Castrelada &#8211; R\u00edo Verdugo a vista de dron (13\/05\/2023)"},"content":{"rendered":"<p><iframe loading=\"lazy\" width=\"800\" height=\"450\" src=\"https:\/\/www.youtube.com\/embed\/1Xxa8Xc0vGY\" title=\"YouTube video player\" frameborder=\"0\" allow=\"accelerometer; autoplay; clipboard-write; encrypted-media; gyroscope; picture-in-picture; web-share\" allowfullscreen><\/iframe><\/p>\n<p>Descenso de Sierra Castrelada desde P\u00e9 da M\u00faa a vista de dron, y recorrido por la calzada junto al R\u00edo Verdugo, en Puente Caldelas. Grabaci\u00f3n efectuada el 13 de mayo de 2023 con un dron DJI Mini 3 Pro.<br \/>\nM\u00fasica:<br \/>\nI Can\u2019t Stop by Punch Deck | https:\/\/soundcloud.com\/punch-deck<br \/>\nMusic promoted by https:\/\/www.free-stock-music.com<br \/>\nCreative Commons \/ Attribution 3.0 Unported License (CC BY 3.0)<\/p>\n","protected":false},"excerpt":{"rendered":"<p>Descenso de Sierra Castrelada desde P\u00e9 da M\u00faa a vista<\/p>\n","protected":false},"author":1,"featured_media":0,"comment_status":"open","ping_status":"open","sticky":false,"template":"","format":"standard","meta":{"advanced_seo_description":"","jetpack_seo_html_title":"","jetpack_seo_noindex":false,"_jetpack_memberships_contains_paid_content":false,"footnotes":"","jetpack_publicize_message":"","jetpack_publicize_feature_enabled":true,"jetpack_social_post_already_shared":false,"jetpack_social_options":{"image_generator_settings":{"template":"highway","default_image_id":0,"font":"","enabled":false},"version":2}},"categories":[24,8,10],"tags":[537,551,1135,1318,1536],"series":[],"class_list":["post-5278","post","type-post","status-publish","format-standard","hentry","category-ciclismo","category-deporte","category-espana-a-vista-de-dron","tag-dji-mini-3-pro","tag-dron","tag-mtb","tag-puente-caldelas","tag-sierra-castrelada"],"jetpack_publicize_connections":[],"jetpack_featured_media_url":"","jetpack_sharing_enabled":true,"_links":{"self":[{"href":"https:\/\/bitacora.eniac2000.com\/index.php?rest_route=\/wp\/v2\/posts\/5278","targetHints":{"allow":["GET"]}}],"collection":[{"href":"https:\/\/bitacora.eniac2000.com\/index.php?rest_route=\/wp\/v2\/posts"}],"about":[{"href":"https:\/\/bitacora.eniac2000.com\/index.php?rest_route=\/wp\/v2\/types\/post"}],"author":[{"embeddable":true,"href":"https:\/\/bitacora.eniac2000.com\/index.php?rest_route=\/wp\/v2\/users\/1"}],"replies":[{"embeddable":true,"href":"https:\/\/bitacora.eniac2000.com\/index.php?rest_route=%2Fwp%2Fv2%2Fcomments&post=5278"}],"version-history":[{"count":0,"href":"https:\/\/bitacora.eniac2000.com\/index.php?rest_route=\/wp\/v2\/posts\/5278\/revisions"}],"wp:attachment":[{"href":"https:\/\/bitacora.eniac2000.com\/index.php?rest_route=%2Fwp%2Fv2%2Fmedia&parent=5278"}],"wp:term":[{"taxonomy":"category","embeddable":true,"href":"https:\/\/bitacora.eniac2000.com\/index.php?rest_route=%2Fwp%2Fv2%2Fcategories&post=5278"},{"taxonomy":"post_tag","embeddable":true,"href":"https:\/\/bitacora.eniac2000.com\/index.php?rest_route=%2Fwp%2Fv2%2Ftags&post=5278"},{"taxonomy":"series","embeddable":true,"href":"https:\/\/bitacora.eniac2000.com\/index.php?rest_route=%2Fwp%2Fv2%2Fseries&post=5278"}],"curies":[{"name":"wp","href":"https:\/\/api.w.org\/{rel}","templated":true}]}}