{"id":5391,"date":"2023-10-06T20:07:00","date_gmt":"2023-10-06T19:07:00","guid":{"rendered":"https:\/\/bitacora.eniac2000.com\/?p=5391"},"modified":"2023-10-06T20:07:00","modified_gmt":"2023-10-06T19:07:00","slug":"area-recreativa-de-xirimbao-a-vista-de-dron-30092023","status":"publish","type":"post","link":"https:\/\/bitacora.eniac2000.com\/?p=5391","title":{"rendered":"\u00c1rea Recreativa de Xirimbao a vista de dron (30\/09\/2023)"},"content":{"rendered":"<p><iframe loading=\"lazy\" width=\"800\" height=\"450\" src=\"https:\/\/www.youtube.com\/embed\/rj-7cgUGx3U?si=lshZy_21Vm7u9eKq\" title=\"YouTube video player\" frameborder=\"0\" allow=\"accelerometer; autoplay; clipboard-write; encrypted-media; gyroscope; picture-in-picture; web-share\" allowfullscreen><\/iframe><\/p>\n<p>Grabaci\u00f3n del \u00c1rea Recreativa de Xirimbao (Pontevea, Teo, La Coru\u00f1a) grabada a vista de dron, con un DJI Mini 3 Pro el 30\/09\/2023.<\/p>\n<p>M\u00fasica:<br \/>\nMemories by Roa Music | https:\/\/soundcloud.com\/roa_music1031<br \/>\nMusic promoted by https:\/\/www.free-stock-music.com<br \/>\nCreative Commons \/ Attribution 3.0 Unported License (CC BY 3.0)<\/p>\n","protected":false},"excerpt":{"rendered":"<p>Grabaci\u00f3n del \u00c1rea Recreativa de Xirimbao (Pontevea, Teo, La Coru\u00f1a)<\/p>\n","protected":false},"author":1,"featured_media":0,"comment_status":"open","ping_status":"open","sticky":false,"template":"","format":"standard","meta":{"advanced_seo_description":"","jetpack_seo_html_title":"","jetpack_seo_noindex":false,"_jetpack_memberships_contains_paid_content":false,"footnotes":"","jetpack_publicize_message":"","jetpack_publicize_feature_enabled":true,"jetpack_social_post_already_shared":false,"jetpack_social_options":{"image_generator_settings":{"template":"highway","default_image_id":0,"font":"","enabled":false},"version":2}},"categories":[10,20],"tags":[537,551,926,1294,1612,1800],"series":[],"class_list":["post-5391","post","type-post","status-publish","format-standard","hentry","category-espana-a-vista-de-dron","category-vida-corriente","tag-dji-mini-3-pro","tag-dron","tag-la-coruna","tag-pontevea","tag-teo","tag-xirimbao"],"jetpack_publicize_connections":[],"jetpack_featured_media_url":"","jetpack_sharing_enabled":true,"_links":{"self":[{"href":"https:\/\/bitacora.eniac2000.com\/index.php?rest_route=\/wp\/v2\/posts\/5391","targetHints":{"allow":["GET"]}}],"collection":[{"href":"https:\/\/bitacora.eniac2000.com\/index.php?rest_route=\/wp\/v2\/posts"}],"about":[{"href":"https:\/\/bitacora.eniac2000.com\/index.php?rest_route=\/wp\/v2\/types\/post"}],"author":[{"embeddable":true,"href":"https:\/\/bitacora.eniac2000.com\/index.php?rest_route=\/wp\/v2\/users\/1"}],"replies":[{"embeddable":true,"href":"https:\/\/bitacora.eniac2000.com\/index.php?rest_route=%2Fwp%2Fv2%2Fcomments&post=5391"}],"version-history":[{"count":0,"href":"https:\/\/bitacora.eniac2000.com\/index.php?rest_route=\/wp\/v2\/posts\/5391\/revisions"}],"wp:attachment":[{"href":"https:\/\/bitacora.eniac2000.com\/index.php?rest_route=%2Fwp%2Fv2%2Fmedia&parent=5391"}],"wp:term":[{"taxonomy":"category","embeddable":true,"href":"https:\/\/bitacora.eniac2000.com\/index.php?rest_route=%2Fwp%2Fv2%2Fcategories&post=5391"},{"taxonomy":"post_tag","embeddable":true,"href":"https:\/\/bitacora.eniac2000.com\/index.php?rest_route=%2Fwp%2Fv2%2Ftags&post=5391"},{"taxonomy":"series","embeddable":true,"href":"https:\/\/bitacora.eniac2000.com\/index.php?rest_route=%2Fwp%2Fv2%2Fseries&post=5391"}],"curies":[{"name":"wp","href":"https:\/\/api.w.org\/{rel}","templated":true}]}}