{"id":5409,"date":"2023-10-13T19:30:37","date_gmt":"2023-10-13T18:30:37","guid":{"rendered":"https:\/\/bitacora.eniac2000.com\/?p=5409"},"modified":"2023-10-13T19:30:37","modified_gmt":"2023-10-13T18:30:37","slug":"tres-campanas-de-fira-santorini","status":"publish","type":"post","link":"https:\/\/bitacora.eniac2000.com\/?p=5409","title":{"rendered":"Tres Campanas de Fira, Santorini"},"content":{"rendered":"<p>El segundo d\u00eda de nuestra estancia en Santorini lo empleamos en conocer el pueblo de Fira. Como era de esperar, tuvimos que afrontar la enorme cantidad de gente que hab\u00eda en el mismo, dada la llegada de cruceros a Santorini. Y eso que, como nos dijeron los lugare\u00f1os, \u00a1en septiembre no era nada comparado con agosto! Aun as\u00ed, pudimos disfrutar, a poco que lo buscaras, puntos tranquilos, como la imagen que comparto a continuaci\u00f3n: una vista de la caldera de Santorini tomada desde la Iglesia de las Tres Campanas, uno de los lugares m\u00e1s conocidos de Fira.<\/p>\n<figure id=\"attachment_5410\" aria-describedby=\"caption-attachment-5410\" style=\"width: 800px\" class=\"wp-caption aligncenter\"><a href=\"https:\/\/bitacora.eniac2000.com\/wp-content\/uploads\/2023\/10\/tres-campanas-fira.jpg\"><img loading=\"lazy\" decoding=\"async\" src=\"https:\/\/bitacora.eniac2000.com\/wp-content\/uploads\/2023\/10\/tres-campanas-fira-1024x575.jpg\" alt=\"Tres Campanas de Fira y caldera de Santorini\" title=\"Tres Campanas de Fira y caldera de Santorini\" width=\"800\" height=\"450\" class=\"size-large wp-image-5410\" \/><\/a><figcaption id=\"caption-attachment-5410\" class=\"wp-caption-text\">Tres Campanas de Fira y caldera de Santorini<\/figcaption><\/figure>\n","protected":false},"excerpt":{"rendered":"<p>El segundo d\u00eda de nuestra estancia en Santorini lo empleamos<\/p>\n","protected":false},"author":1,"featured_media":0,"comment_status":"open","ping_status":"open","sticky":false,"template":"","format":"standard","meta":{"advanced_seo_description":"","jetpack_seo_html_title":"","jetpack_seo_noindex":false,"_jetpack_memberships_contains_paid_content":false,"footnotes":"","jetpack_publicize_message":"","jetpack_publicize_feature_enabled":true,"jetpack_social_post_already_shared":false,"jetpack_social_options":{"image_generator_settings":{"template":"highway","default_image_id":0,"font":"","enabled":false},"version":2}},"categories":[20],"tags":[278,670,759,1502,1666],"series":[],"class_list":["post-5409","post","type-post","status-publish","format-standard","hentry","category-vida-corriente","tag-caldera","tag-fira","tag-grecia","tag-santorini","tag-tres-campanas"],"jetpack_publicize_connections":[],"jetpack_featured_media_url":"","jetpack_sharing_enabled":true,"_links":{"self":[{"href":"https:\/\/bitacora.eniac2000.com\/index.php?rest_route=\/wp\/v2\/posts\/5409","targetHints":{"allow":["GET"]}}],"collection":[{"href":"https:\/\/bitacora.eniac2000.com\/index.php?rest_route=\/wp\/v2\/posts"}],"about":[{"href":"https:\/\/bitacora.eniac2000.com\/index.php?rest_route=\/wp\/v2\/types\/post"}],"author":[{"embeddable":true,"href":"https:\/\/bitacora.eniac2000.com\/index.php?rest_route=\/wp\/v2\/users\/1"}],"replies":[{"embeddable":true,"href":"https:\/\/bitacora.eniac2000.com\/index.php?rest_route=%2Fwp%2Fv2%2Fcomments&post=5409"}],"version-history":[{"count":0,"href":"https:\/\/bitacora.eniac2000.com\/index.php?rest_route=\/wp\/v2\/posts\/5409\/revisions"}],"wp:attachment":[{"href":"https:\/\/bitacora.eniac2000.com\/index.php?rest_route=%2Fwp%2Fv2%2Fmedia&parent=5409"}],"wp:term":[{"taxonomy":"category","embeddable":true,"href":"https:\/\/bitacora.eniac2000.com\/index.php?rest_route=%2Fwp%2Fv2%2Fcategories&post=5409"},{"taxonomy":"post_tag","embeddable":true,"href":"https:\/\/bitacora.eniac2000.com\/index.php?rest_route=%2Fwp%2Fv2%2Ftags&post=5409"},{"taxonomy":"series","embeddable":true,"href":"https:\/\/bitacora.eniac2000.com\/index.php?rest_route=%2Fwp%2Fv2%2Fseries&post=5409"}],"curies":[{"name":"wp","href":"https:\/\/api.w.org\/{rel}","templated":true}]}}