{"id":5455,"date":"2023-12-21T09:07:03","date_gmt":"2023-12-21T08:07:03","guid":{"rendered":"https:\/\/bitacora.eniac2000.com\/?p=5455"},"modified":"2025-10-04T23:14:54","modified_gmt":"2025-10-04T21:14:54","slug":"ermita-de-na-sa-de-la-encarnacion-de-gerena-a-vista-de-dron-19112023-eachine-e520s","status":"publish","type":"post","link":"https:\/\/bitacora.eniac2000.com\/?p=5455","title":{"rendered":"Ermita de N\u00aa S\u00aa de la Encarnaci\u00f3n de Gerena a vista de dron (19\/11\/2023) | Eachine E520S"},"content":{"rendered":"<p><iframe loading=\"lazy\" width=\"800\" height=\"450\" src=\"https:\/\/www.youtube.com\/embed\/fRDXTHPrzE8?si=4WrtEcxx1H6G1HKw\" title=\"YouTube video player\" frameborder=\"0\" allow=\"accelerometer; autoplay; clipboard-write; encrypted-media; gyroscope; picture-in-picture; web-share\" allowfullscreen><\/iframe><\/p>\n<p>Para esta grabaci\u00f3n he sacado de su letargo a mi primer dron, un Eachine E520S. Se trata de un vuelo sobre la Ermita de Nuestra Se\u00f1ora de la Encarnaci\u00f3n, de Gerena, efectuado el 19\/11\/2023 durante una salida ciclista por la zona.<\/p>\n<p>M\u00fasica:<br \/>\nAwakening by Vlad Gluschenko | https:\/\/soundcloud.com\/vgl9<br \/>\nMusic promoted by https:\/\/www.free-stock-music.com<br \/>\nCreative Commons \/ Attribution 3.0 Unported License (CC BY 3.0)<br \/>\nhttps:\/\/creativecommons.org\/licenses\/by\/3.0\/deed.en_US<\/p>\n","protected":false},"excerpt":{"rendered":"<p>Para esta grabaci\u00f3n he sacado de su letargo a mi<\/p>\n","protected":false},"author":1,"featured_media":0,"comment_status":"open","ping_status":"open","sticky":false,"template":"","format":"standard","meta":{"advanced_seo_description":"","jetpack_seo_html_title":"","jetpack_seo_noindex":false,"_jetpack_memberships_contains_paid_content":false,"footnotes":"","jetpack_publicize_message":"","jetpack_publicize_feature_enabled":true,"jetpack_social_post_already_shared":false,"jetpack_social_options":{"image_generator_settings":{"template":"highway","default_image_id":0,"font":"","enabled":false},"version":2}},"categories":[24,8,10,20],"tags":[551,558,610,725,758],"series":[],"class_list":["post-5455","post","type-post","status-publish","format-standard","hentry","category-ciclismo","category-deporte","category-espana-a-vista-de-dron","category-vida-corriente","tag-dron","tag-eachine-e520s","tag-ermita-de-nuestra-senora-de-la-encarnacion","tag-gerena","tag-gravel"],"jetpack_publicize_connections":[],"jetpack_featured_media_url":"","jetpack_sharing_enabled":true,"_links":{"self":[{"href":"https:\/\/bitacora.eniac2000.com\/index.php?rest_route=\/wp\/v2\/posts\/5455","targetHints":{"allow":["GET"]}}],"collection":[{"href":"https:\/\/bitacora.eniac2000.com\/index.php?rest_route=\/wp\/v2\/posts"}],"about":[{"href":"https:\/\/bitacora.eniac2000.com\/index.php?rest_route=\/wp\/v2\/types\/post"}],"author":[{"embeddable":true,"href":"https:\/\/bitacora.eniac2000.com\/index.php?rest_route=\/wp\/v2\/users\/1"}],"replies":[{"embeddable":true,"href":"https:\/\/bitacora.eniac2000.com\/index.php?rest_route=%2Fwp%2Fv2%2Fcomments&post=5455"}],"version-history":[{"count":1,"href":"https:\/\/bitacora.eniac2000.com\/index.php?rest_route=\/wp\/v2\/posts\/5455\/revisions"}],"predecessor-version":[{"id":5944,"href":"https:\/\/bitacora.eniac2000.com\/index.php?rest_route=\/wp\/v2\/posts\/5455\/revisions\/5944"}],"wp:attachment":[{"href":"https:\/\/bitacora.eniac2000.com\/index.php?rest_route=%2Fwp%2Fv2%2Fmedia&parent=5455"}],"wp:term":[{"taxonomy":"category","embeddable":true,"href":"https:\/\/bitacora.eniac2000.com\/index.php?rest_route=%2Fwp%2Fv2%2Fcategories&post=5455"},{"taxonomy":"post_tag","embeddable":true,"href":"https:\/\/bitacora.eniac2000.com\/index.php?rest_route=%2Fwp%2Fv2%2Ftags&post=5455"},{"taxonomy":"series","embeddable":true,"href":"https:\/\/bitacora.eniac2000.com\/index.php?rest_route=%2Fwp%2Fv2%2Fseries&post=5455"}],"curies":[{"name":"wp","href":"https:\/\/api.w.org\/{rel}","templated":true}]}}