{"id":5512,"date":"2024-01-17T20:07:04","date_gmt":"2024-01-17T19:07:04","guid":{"rendered":"https:\/\/bitacora.eniac2000.com\/?p=5512"},"modified":"2025-10-04T23:12:45","modified_gmt":"2025-10-04T21:12:45","slug":"mina-de-cobre-las-cruces-a-vista-de-dron-dji-mini-3-pro","status":"publish","type":"post","link":"https:\/\/bitacora.eniac2000.com\/?p=5512","title":{"rendered":"Mina de cobre Las Cruces a vista de dron | DJI Mini 3 Pro"},"content":{"rendered":"<p><iframe loading=\"lazy\" width=\"800\" height=\"450\" src=\"https:\/\/www.youtube.com\/embed\/V3gDn2oscDQ?si=gPGZrWx187txF1dk\" title=\"YouTube video player\" frameborder=\"0\" allow=\"accelerometer; autoplay; clipboard-write; encrypted-media; gyroscope; picture-in-picture; web-share\" allowfullscreen><\/iframe><\/p>\n<p>Grabaci\u00f3n de la mina de cobre Las Cruces, ubicada entre Guillena, Gerena y Salteras, a vista de dron, efectuada el 2 de enero de 2024 con un dron DJI Mini 3 Pro, durante una salida de ciclismo de monta\u00f1a.<\/p>\n<p>Esta mina es la segunda mayor mina a cielo abierto activa de Europa y segunda mayor productora de cobre de Europa, adem\u00e1s de producir en menores cantidades de zinc, plata y plomo. El punto m\u00e1s profundo de la explotaci\u00f3n minera es el lugar m\u00e1s bajo de la pen\u00ednsula ib\u00e9rica: 190 metros bajo el nivel del mar.<\/p>\n<p>En la actualidad est\u00e1 en un proceso de conversi\u00f3n de mina a cielo abierto a mina en galer\u00eda, a fin de permitir un per\u00edodo de explotaci\u00f3n m\u00e1s amplio.<\/p>\n<p>M\u00fasica:<br \/>\nACTION by Alex-Productions | https:\/\/onsound.eu\/<br \/>\nMusic promoted by https:\/\/www.free-stock-music.com<br \/>\nCreative Commons \/ Attribution 3.0 Unported License (CC BY 3.0)<br \/>\nhttps:\/\/creativecommons.org\/licenses\/by\/3.0\/deed.en_US<\/p>\n","protected":false},"excerpt":{"rendered":"<p>Grabaci\u00f3n de la mina de cobre Las Cruces, ubicada entre<\/p>\n","protected":false},"author":1,"featured_media":0,"comment_status":"open","ping_status":"open","sticky":false,"template":"","format":"standard","meta":{"advanced_seo_description":"","jetpack_seo_html_title":"","jetpack_seo_noindex":false,"_jetpack_memberships_contains_paid_content":false,"footnotes":"","jetpack_publicize_message":"","jetpack_publicize_feature_enabled":true,"jetpack_social_post_already_shared":false,"jetpack_social_options":{"image_generator_settings":{"template":"highway","default_image_id":0,"font":"","enabled":false},"version":2}},"categories":[10],"tags":[431,537,725],"series":[],"class_list":["post-5512","post","type-post","status-publish","format-standard","hentry","category-espana-a-vista-de-dron","tag-cobre-las-cruces","tag-dji-mini-3-pro","tag-gerena"],"jetpack_publicize_connections":[],"jetpack_featured_media_url":"","jetpack_sharing_enabled":true,"_links":{"self":[{"href":"https:\/\/bitacora.eniac2000.com\/index.php?rest_route=\/wp\/v2\/posts\/5512","targetHints":{"allow":["GET"]}}],"collection":[{"href":"https:\/\/bitacora.eniac2000.com\/index.php?rest_route=\/wp\/v2\/posts"}],"about":[{"href":"https:\/\/bitacora.eniac2000.com\/index.php?rest_route=\/wp\/v2\/types\/post"}],"author":[{"embeddable":true,"href":"https:\/\/bitacora.eniac2000.com\/index.php?rest_route=\/wp\/v2\/users\/1"}],"replies":[{"embeddable":true,"href":"https:\/\/bitacora.eniac2000.com\/index.php?rest_route=%2Fwp%2Fv2%2Fcomments&post=5512"}],"version-history":[{"count":1,"href":"https:\/\/bitacora.eniac2000.com\/index.php?rest_route=\/wp\/v2\/posts\/5512\/revisions"}],"predecessor-version":[{"id":5936,"href":"https:\/\/bitacora.eniac2000.com\/index.php?rest_route=\/wp\/v2\/posts\/5512\/revisions\/5936"}],"wp:attachment":[{"href":"https:\/\/bitacora.eniac2000.com\/index.php?rest_route=%2Fwp%2Fv2%2Fmedia&parent=5512"}],"wp:term":[{"taxonomy":"category","embeddable":true,"href":"https:\/\/bitacora.eniac2000.com\/index.php?rest_route=%2Fwp%2Fv2%2Fcategories&post=5512"},{"taxonomy":"post_tag","embeddable":true,"href":"https:\/\/bitacora.eniac2000.com\/index.php?rest_route=%2Fwp%2Fv2%2Ftags&post=5512"},{"taxonomy":"series","embeddable":true,"href":"https:\/\/bitacora.eniac2000.com\/index.php?rest_route=%2Fwp%2Fv2%2Fseries&post=5512"}],"curies":[{"name":"wp","href":"https:\/\/api.w.org\/{rel}","templated":true}]}}