{"id":5578,"date":"2024-07-06T09:28:32","date_gmt":"2024-07-06T08:28:32","guid":{"rendered":"https:\/\/bitacora.eniac2000.com\/?p=5578"},"modified":"2025-10-04T23:10:47","modified_gmt":"2025-10-04T21:10:47","slug":"ponte-nova-de-fentans-a-vista-de-dron-dji-mini-3-pro-17052024","status":"publish","type":"post","link":"https:\/\/bitacora.eniac2000.com\/?p=5578","title":{"rendered":"Ponte Nova de Fent\u00e1ns a vista de dron | DJI Mini 3 Pro (17\/05\/2024)"},"content":{"rendered":"<p>rabaci\u00f3n del Puente Nuevo de Fent\u00e1ns (Ponte Nova), ubicado en San Jorge de Sacos, Cerdedo-Cotobade, Pontevedra. Se trata de un puente del s. XVIII, construido sobre el r\u00edo L\u00e9rez, que comunica los lugares de Fent\u00e1ns y San Jorge de Sacos.<\/p>\n<p><iframe loading=\"lazy\" width=\"800\" height=\"450\" src=\"https:\/\/www.youtube.com\/embed\/jen1CzfixqM?si=HOEG7ulWEQvz60iy\" title=\"YouTube video player\" frameborder=\"0\" allow=\"accelerometer; autoplay; clipboard-write; encrypted-media; gyroscope; picture-in-picture; web-share\" referrerpolicy=\"strict-origin-when-cross-origin\" allowfullscreen><\/iframe><\/p>\n<p>Es un puente de un solo arco, construido entre 1721 y 1730 por el cantero Pedro Garc\u00eda, natural de Sacos, qui\u00e9n trabajo tambi\u00e9n en la ampliaci\u00f3n del Colegio Fonseca. Tiene 19,2 metros de luz, uno de los puentes con m\u00e1s luz de Galicia tras el de Proba (Navia de Suarna), Ponte Cigarrosa (A R\u00faa) y Ponte Labrada (Pobra do Broll\u00f3n).<\/p>\n<p>La grabaci\u00f3n fue efectuada con un dron DJI Mini 3 Pro el 17\/05\/2024.<\/p>\n<p>M\u00fasica:<br \/>\nS\u00ednfon\u00eda de Agua y Piedra para una tarde de primavera.<br \/>\nComposici\u00f3n propia efectuada con apoyo de IA mediante Udio.<br \/>\nhttps:\/\/www.udio.com\/songs\/fRyAzxSDhk2PbrMq5GeXVu<\/p>\n","protected":false},"excerpt":{"rendered":"<p>rabaci\u00f3n del Puente Nuevo de Fent\u00e1ns (Ponte Nova), ubicado en<\/p>\n","protected":false},"author":1,"featured_media":0,"comment_status":"open","ping_status":"open","sticky":false,"template":"","format":"standard","meta":{"advanced_seo_description":"","jetpack_seo_html_title":"","jetpack_seo_noindex":false,"_jetpack_memberships_contains_paid_content":false,"footnotes":"","jetpack_publicize_message":"","jetpack_publicize_feature_enabled":true,"jetpack_social_post_already_shared":false,"jetpack_social_options":{"image_generator_settings":{"template":"highway","default_image_id":0,"font":"","enabled":false},"version":2}},"categories":[10,20],"tags":[537,551,652,1295,1678],"series":[],"class_list":["post-5578","post","type-post","status-publish","format-standard","hentry","category-espana-a-vista-de-dron","category-vida-corriente","tag-dji-mini-3-pro","tag-dron","tag-fentans","tag-pontevedra","tag-udio"],"jetpack_publicize_connections":[],"jetpack_featured_media_url":"","jetpack_sharing_enabled":true,"_links":{"self":[{"href":"https:\/\/bitacora.eniac2000.com\/index.php?rest_route=\/wp\/v2\/posts\/5578","targetHints":{"allow":["GET"]}}],"collection":[{"href":"https:\/\/bitacora.eniac2000.com\/index.php?rest_route=\/wp\/v2\/posts"}],"about":[{"href":"https:\/\/bitacora.eniac2000.com\/index.php?rest_route=\/wp\/v2\/types\/post"}],"author":[{"embeddable":true,"href":"https:\/\/bitacora.eniac2000.com\/index.php?rest_route=\/wp\/v2\/users\/1"}],"replies":[{"embeddable":true,"href":"https:\/\/bitacora.eniac2000.com\/index.php?rest_route=%2Fwp%2Fv2%2Fcomments&post=5578"}],"version-history":[{"count":1,"href":"https:\/\/bitacora.eniac2000.com\/index.php?rest_route=\/wp\/v2\/posts\/5578\/revisions"}],"predecessor-version":[{"id":5930,"href":"https:\/\/bitacora.eniac2000.com\/index.php?rest_route=\/wp\/v2\/posts\/5578\/revisions\/5930"}],"wp:attachment":[{"href":"https:\/\/bitacora.eniac2000.com\/index.php?rest_route=%2Fwp%2Fv2%2Fmedia&parent=5578"}],"wp:term":[{"taxonomy":"category","embeddable":true,"href":"https:\/\/bitacora.eniac2000.com\/index.php?rest_route=%2Fwp%2Fv2%2Fcategories&post=5578"},{"taxonomy":"post_tag","embeddable":true,"href":"https:\/\/bitacora.eniac2000.com\/index.php?rest_route=%2Fwp%2Fv2%2Ftags&post=5578"},{"taxonomy":"series","embeddable":true,"href":"https:\/\/bitacora.eniac2000.com\/index.php?rest_route=%2Fwp%2Fv2%2Fseries&post=5578"}],"curies":[{"name":"wp","href":"https:\/\/api.w.org\/{rel}","templated":true}]}}