{"id":5583,"date":"2024-07-09T07:50:35","date_gmt":"2024-07-09T06:50:35","guid":{"rendered":"https:\/\/bitacora.eniac2000.com\/?p=5583"},"modified":"2025-10-04T23:07:59","modified_gmt":"2025-10-04T21:07:59","slug":"minas-de-presqueiras-a-vista-de-dron-19052024-dji-mini-3-pro","status":"publish","type":"post","link":"https:\/\/bitacora.eniac2000.com\/?p=5583","title":{"rendered":"Minas de Presqueiras a vista de dron (19\/05\/2024) | DJI Mini 3 Pro"},"content":{"rendered":"<p><iframe loading=\"lazy\" width=\"800\" height=\"450\" src=\"https:\/\/www.youtube.com\/embed\/H1p476iCgDk?si=07ZS7OTgXeXluquA\" title=\"YouTube video player\" frameborder=\"0\" allow=\"accelerometer; autoplay; clipboard-write; encrypted-media; gyroscope; picture-in-picture; web-share\" referrerpolicy=\"strict-origin-when-cross-origin\" allowfullscreen><\/iframe><\/p>\n<p>Vuelo realizado sobre Monte Seixo, en la zona de las Minas de Presqueiras (Monte Seixo, Forcarey, Pontevedra). Esta zona contiene minas que fueron explotadas desde mediados del s. XIX hasta los a\u00f1os 50-60 del s. XX. Principalmente dedicadas a la extracci\u00f3n de esta\u00f1o (lo que es atestiguado por la presencia de la f\u00e1brica de Esta\u00f1\u00edferas de Galicia, a\u00fan en pie), tambi\u00e9n se extrajeron metales como el wolframio durante la II Guerra Mundial, y tienen potencial de albergar tierras raras.<\/p>\n<p>Existen abundantes restos mineros en la zona, que son complicados de ubicar por la abundante maleza existente en la zona. Igualmente destacable es la impactante belleza del valle excavado por el r\u00edo do Castro, que desagua en el r\u00edo L\u00e9rez a la altura de Cerdedo.<\/p>\n<p>Vuelo efectuado con un dron DJI Mini 3 Pro, el 19\/05\/2024, durante una etapa ciclista MTB por la zona.<\/p>\n<p>M\u00fasica:<br \/>\nPink Sunrise by NikoWrightsonFX | https:\/\/soundcloud.com\/nikowrightsonfx<br \/>\nMusic promoted by https:\/\/www.free-stock-music.com<br \/>\nCreative Commons \/ Attribution-NoDerivs 3.0 Unported (CC BY-ND 3.0)<br \/>\nhttps:\/\/creativecommons.org\/licenses\/by-nd\/3.0\/<\/p>\n","protected":false},"excerpt":{"rendered":"<p>Vuelo realizado sobre Monte Seixo, en la zona de las<\/p>\n","protected":false},"author":1,"featured_media":0,"comment_status":"open","ping_status":"open","sticky":false,"template":"","format":"standard","meta":{"advanced_seo_description":"","jetpack_seo_html_title":"","jetpack_seo_noindex":false,"_jetpack_memberships_contains_paid_content":false,"footnotes":"","jetpack_publicize_message":"","jetpack_publicize_feature_enabled":true,"jetpack_social_post_already_shared":false,"jetpack_social_options":{"image_generator_settings":{"template":"highway","default_image_id":0,"font":"","enabled":false},"version":2}},"categories":[10,20],"tags":[537,551,683,1118,1304],"series":[],"class_list":["post-5583","post","type-post","status-publish","format-standard","hentry","category-espana-a-vista-de-dron","category-vida-corriente","tag-dji-mini-3-pro","tag-dron","tag-forcarey","tag-monte-seixo","tag-presqueiras"],"jetpack_publicize_connections":[],"jetpack_featured_media_url":"","jetpack_sharing_enabled":true,"_links":{"self":[{"href":"https:\/\/bitacora.eniac2000.com\/index.php?rest_route=\/wp\/v2\/posts\/5583","targetHints":{"allow":["GET"]}}],"collection":[{"href":"https:\/\/bitacora.eniac2000.com\/index.php?rest_route=\/wp\/v2\/posts"}],"about":[{"href":"https:\/\/bitacora.eniac2000.com\/index.php?rest_route=\/wp\/v2\/types\/post"}],"author":[{"embeddable":true,"href":"https:\/\/bitacora.eniac2000.com\/index.php?rest_route=\/wp\/v2\/users\/1"}],"replies":[{"embeddable":true,"href":"https:\/\/bitacora.eniac2000.com\/index.php?rest_route=%2Fwp%2Fv2%2Fcomments&post=5583"}],"version-history":[{"count":1,"href":"https:\/\/bitacora.eniac2000.com\/index.php?rest_route=\/wp\/v2\/posts\/5583\/revisions"}],"predecessor-version":[{"id":5928,"href":"https:\/\/bitacora.eniac2000.com\/index.php?rest_route=\/wp\/v2\/posts\/5583\/revisions\/5928"}],"wp:attachment":[{"href":"https:\/\/bitacora.eniac2000.com\/index.php?rest_route=%2Fwp%2Fv2%2Fmedia&parent=5583"}],"wp:term":[{"taxonomy":"category","embeddable":true,"href":"https:\/\/bitacora.eniac2000.com\/index.php?rest_route=%2Fwp%2Fv2%2Fcategories&post=5583"},{"taxonomy":"post_tag","embeddable":true,"href":"https:\/\/bitacora.eniac2000.com\/index.php?rest_route=%2Fwp%2Fv2%2Ftags&post=5583"},{"taxonomy":"series","embeddable":true,"href":"https:\/\/bitacora.eniac2000.com\/index.php?rest_route=%2Fwp%2Fv2%2Fseries&post=5583"}],"curies":[{"name":"wp","href":"https:\/\/api.w.org\/{rel}","templated":true}]}}