{"id":5585,"date":"2024-07-09T18:33:41","date_gmt":"2024-07-09T17:33:41","guid":{"rendered":"https:\/\/bitacora.eniac2000.com\/?p=5585"},"modified":"2025-10-04T23:07:43","modified_gmt":"2025-10-04T21:07:43","slug":"iglesia-de-san-miguel-de-presqueiras-a-vista-de-dron-19052024-dji-mini-3-pro","status":"publish","type":"post","link":"https:\/\/bitacora.eniac2000.com\/?p=5585","title":{"rendered":"Iglesia de San Miguel de Presqueiras a vista de dron (19\/05\/2024) | DJI Mini 3 Pro"},"content":{"rendered":"<p><iframe loading=\"lazy\" width=\"800\" height=\"450\" src=\"https:\/\/www.youtube.com\/embed\/O0b_7jyglas?si=8_Jp46MqQLdTDXzL\" title=\"YouTube video player\" frameborder=\"0\" allow=\"accelerometer; autoplay; clipboard-write; encrypted-media; gyroscope; picture-in-picture; web-share\" referrerpolicy=\"strict-origin-when-cross-origin\" allowfullscreen><\/iframe><\/p>\n<p>Grabaci\u00f3n de la Iglesia de San Miguel de Presqueiras, parroquia de Forcarey (Forcarei). La iglesia se sit\u00faa a casi 600 metros de altitud, en el punto m\u00e1s alto de la villa de Presqueiras. La iglesia es de estilo barroco y de planta basilical, separada en tres cuerpos, de los cuales el \u00e1bside es rectangular. Desde ella se tienen unas estupendas vistas de los valles del L\u00e9rez y del r\u00edo Castro.<\/p>\n<p>Vuelo efectuado con un dron DJI Mini 3 Pro, el 19\/05\/2024.<\/p>\n<p>M\u00fasica:<br \/>\nPiedra y Esta\u00f1o camino del Cielo, composici\u00f3n propia asistida mediante IA con Udio: https:\/\/www.udio.com\/songs\/9iEdwMYWkkG2epoymttoQo<\/p>\n","protected":false},"excerpt":{"rendered":"<p>Grabaci\u00f3n de la Iglesia de San Miguel de Presqueiras, parroquia<\/p>\n","protected":false},"author":1,"featured_media":0,"comment_status":"open","ping_status":"open","sticky":false,"template":"","format":"standard","meta":{"advanced_seo_description":"","jetpack_seo_html_title":"","jetpack_seo_noindex":false,"_jetpack_memberships_contains_paid_content":false,"footnotes":"","jetpack_publicize_message":"","jetpack_publicize_feature_enabled":true,"jetpack_social_post_already_shared":false,"jetpack_social_options":{"image_generator_settings":{"template":"highway","default_image_id":0,"font":"","enabled":false},"version":2}},"categories":[10,20],"tags":[537,551,683,1481,1678],"series":[],"class_list":["post-5585","post","type-post","status-publish","format-standard","hentry","category-espana-a-vista-de-dron","category-vida-corriente","tag-dji-mini-3-pro","tag-dron","tag-forcarey","tag-san-miguel-de-presqueiras","tag-udio"],"jetpack_publicize_connections":[],"jetpack_featured_media_url":"","jetpack_sharing_enabled":true,"_links":{"self":[{"href":"https:\/\/bitacora.eniac2000.com\/index.php?rest_route=\/wp\/v2\/posts\/5585","targetHints":{"allow":["GET"]}}],"collection":[{"href":"https:\/\/bitacora.eniac2000.com\/index.php?rest_route=\/wp\/v2\/posts"}],"about":[{"href":"https:\/\/bitacora.eniac2000.com\/index.php?rest_route=\/wp\/v2\/types\/post"}],"author":[{"embeddable":true,"href":"https:\/\/bitacora.eniac2000.com\/index.php?rest_route=\/wp\/v2\/users\/1"}],"replies":[{"embeddable":true,"href":"https:\/\/bitacora.eniac2000.com\/index.php?rest_route=%2Fwp%2Fv2%2Fcomments&post=5585"}],"version-history":[{"count":1,"href":"https:\/\/bitacora.eniac2000.com\/index.php?rest_route=\/wp\/v2\/posts\/5585\/revisions"}],"predecessor-version":[{"id":5927,"href":"https:\/\/bitacora.eniac2000.com\/index.php?rest_route=\/wp\/v2\/posts\/5585\/revisions\/5927"}],"wp:attachment":[{"href":"https:\/\/bitacora.eniac2000.com\/index.php?rest_route=%2Fwp%2Fv2%2Fmedia&parent=5585"}],"wp:term":[{"taxonomy":"category","embeddable":true,"href":"https:\/\/bitacora.eniac2000.com\/index.php?rest_route=%2Fwp%2Fv2%2Fcategories&post=5585"},{"taxonomy":"post_tag","embeddable":true,"href":"https:\/\/bitacora.eniac2000.com\/index.php?rest_route=%2Fwp%2Fv2%2Ftags&post=5585"},{"taxonomy":"series","embeddable":true,"href":"https:\/\/bitacora.eniac2000.com\/index.php?rest_route=%2Fwp%2Fv2%2Fseries&post=5585"}],"curies":[{"name":"wp","href":"https:\/\/api.w.org\/{rel}","templated":true}]}}