{"id":5587,"date":"2024-07-10T17:17:41","date_gmt":"2024-07-10T16:17:41","guid":{"rendered":"https:\/\/bitacora.eniac2000.com\/?p=5587"},"modified":"2025-10-04T23:07:21","modified_gmt":"2025-10-04T21:07:21","slug":"capilla-de-santo-domingo-de-beariz-a-vista-de-dron-30052024-dji-mini-3-pro","status":"publish","type":"post","link":"https:\/\/bitacora.eniac2000.com\/?p=5587","title":{"rendered":"Capilla de Santo Domingo de Beariz a vista de dron (30\/05\/2024) | DJI Mini 3 Pro"},"content":{"rendered":"<p><iframe loading=\"lazy\" width=\"800\" height=\"450\" src=\"https:\/\/www.youtube.com\/embed\/tKyaG1y89bI?si=7clFsNPatf2jtFhl\" title=\"YouTube video player\" frameborder=\"0\" allow=\"accelerometer; autoplay; clipboard-write; encrypted-media; gyroscope; picture-in-picture; web-share\" referrerpolicy=\"strict-origin-when-cross-origin\" allowfullscreen><\/iframe><\/p>\n<p>Vuelo en la ubicaci\u00f3n de la Capilla (o Ermita) de Santo Domingo, en Beariz. Est\u00e1 ubicada en el l\u00edmite provincial de Pontevedra, a 600 metros de altitud sobre el nivel del mar, entre las sierras del Suido y Testeiro. Cuenta con una amplia zona de esparcimiento, en la que destaca la existencia de la M\u00e1moa de Xirazga, anterior an 1600 a.C. Durante los trabajos de puesta en valor de la misma fue hallado un \u00eddolo funerario en el corredor de acceso a la misma.<\/p>\n<p>Grabaci\u00f3n efectuada con un dron DJI Mini 3 Pro el 30\/05\/2024.<\/p>\n<p>M\u00fasica:<br \/>\nLost At Sea, de Robert E James, creada con asistencia de IA en Udio.<\/p>\n","protected":false},"excerpt":{"rendered":"<p>Vuelo en la ubicaci\u00f3n de la Capilla (o Ermita) de<\/p>\n","protected":false},"author":1,"featured_media":0,"comment_status":"open","ping_status":"open","sticky":false,"template":"","format":"standard","meta":{"advanced_seo_description":"","jetpack_seo_html_title":"","jetpack_seo_noindex":false,"_jetpack_memberships_contains_paid_content":false,"footnotes":"","jetpack_publicize_message":"","jetpack_publicize_feature_enabled":true,"jetpack_social_post_already_shared":false,"jetpack_social_options":{"image_generator_settings":{"template":"highway","default_image_id":0,"font":"","enabled":false},"version":2}},"categories":[10,20],"tags":[212,537,551,1118,1678],"series":[],"class_list":["post-5587","post","type-post","status-publish","format-standard","hentry","category-espana-a-vista-de-dron","category-vida-corriente","tag-beariz","tag-dji-mini-3-pro","tag-dron","tag-monte-seixo","tag-udio"],"jetpack_publicize_connections":[],"jetpack_featured_media_url":"","jetpack_sharing_enabled":true,"_links":{"self":[{"href":"https:\/\/bitacora.eniac2000.com\/index.php?rest_route=\/wp\/v2\/posts\/5587","targetHints":{"allow":["GET"]}}],"collection":[{"href":"https:\/\/bitacora.eniac2000.com\/index.php?rest_route=\/wp\/v2\/posts"}],"about":[{"href":"https:\/\/bitacora.eniac2000.com\/index.php?rest_route=\/wp\/v2\/types\/post"}],"author":[{"embeddable":true,"href":"https:\/\/bitacora.eniac2000.com\/index.php?rest_route=\/wp\/v2\/users\/1"}],"replies":[{"embeddable":true,"href":"https:\/\/bitacora.eniac2000.com\/index.php?rest_route=%2Fwp%2Fv2%2Fcomments&post=5587"}],"version-history":[{"count":1,"href":"https:\/\/bitacora.eniac2000.com\/index.php?rest_route=\/wp\/v2\/posts\/5587\/revisions"}],"predecessor-version":[{"id":5926,"href":"https:\/\/bitacora.eniac2000.com\/index.php?rest_route=\/wp\/v2\/posts\/5587\/revisions\/5926"}],"wp:attachment":[{"href":"https:\/\/bitacora.eniac2000.com\/index.php?rest_route=%2Fwp%2Fv2%2Fmedia&parent=5587"}],"wp:term":[{"taxonomy":"category","embeddable":true,"href":"https:\/\/bitacora.eniac2000.com\/index.php?rest_route=%2Fwp%2Fv2%2Fcategories&post=5587"},{"taxonomy":"post_tag","embeddable":true,"href":"https:\/\/bitacora.eniac2000.com\/index.php?rest_route=%2Fwp%2Fv2%2Ftags&post=5587"},{"taxonomy":"series","embeddable":true,"href":"https:\/\/bitacora.eniac2000.com\/index.php?rest_route=%2Fwp%2Fv2%2Fseries&post=5587"}],"curies":[{"name":"wp","href":"https:\/\/api.w.org\/{rel}","templated":true}]}}