{"id":5593,"date":"2024-07-13T07:43:31","date_gmt":"2024-07-13T06:43:31","guid":{"rendered":"https:\/\/bitacora.eniac2000.com\/?p=5593"},"modified":"2025-10-04T23:05:52","modified_gmt":"2025-10-04T21:05:52","slug":"monasterio-de-san-benito-de-lerez-a-vista-de-dron-22062024-dji-mini-3-pro","status":"publish","type":"post","link":"https:\/\/bitacora.eniac2000.com\/?p=5593","title":{"rendered":"Monasterio de San Benito de L\u00e9rez a vista de dron (22\/06\/2024) | DJI Mini 3 Pro"},"content":{"rendered":"<p><iframe loading=\"lazy\" width=\"800\" height=\"450\" src=\"https:\/\/www.youtube.com\/embed\/PxKZp1sepeQ?si=uslgIK1NEaU98KAQ\" title=\"YouTube video player\" frameborder=\"0\" allow=\"accelerometer; autoplay; clipboard-write; encrypted-media; gyroscope; picture-in-picture; web-share\" referrerpolicy=\"strict-origin-when-cross-origin\" allowfullscreen><\/iframe><\/p>\n<p>Vuelo efectuado el 22\/06\/2024 en el entorno del Monasterio de San Salvador de L\u00e9rez, tambi\u00e9n conocido con San Beniti\u00f1o, o San Benito. El monasterio fue fundadopor monjes benedictinos en el s. IX, si bien la f\u00e1brica actual es del s. XVIII, aunque con algunos restos del claustro del s. XVI. Es, por tanto, de estilo principalmente neocl\u00e1sico. Es bien conocido por haber sido Colegio de Humanidad y Filosof\u00eda, donde destacaron los Padres Feij\u00f3o y Sarmiento.<\/p>\n<p>El monasterio fue desamortizado en el s. XIX, siendo en la actualidad iglesia parroquial de L\u00e9rez, en Pontevedra.<\/p>\n<p>El vuelo fue efectuado con un dron DJI Mini 3 Pro.<\/p>\n<p>M\u00fasica:<br \/>\nTraveling Around The World by Alex-Productions | https:\/\/onsound.eu\/<br \/>\nMusic promoted by https:\/\/www.free-stock-music.com<br \/>\nCreative Commons \/ Attribution 3.0 Unported License (CC BY 3.0)<br \/>\nhttps:\/\/creativecommons.org\/licenses\/by\/3.0\/deed.en_US<\/p>\n","protected":false},"excerpt":{"rendered":"<p>Vuelo efectuado el 22\/06\/2024 en el entorno del Monasterio de<\/p>\n","protected":false},"author":1,"featured_media":0,"comment_status":"open","ping_status":"open","sticky":false,"template":"","format":"standard","meta":{"advanced_seo_description":"","jetpack_seo_html_title":"","jetpack_seo_noindex":false,"_jetpack_memberships_contains_paid_content":false,"footnotes":"","jetpack_publicize_message":"","jetpack_publicize_feature_enabled":true,"jetpack_social_post_already_shared":false,"jetpack_social_options":{"image_generator_settings":{"template":"highway","default_image_id":0,"font":"","enabled":false},"version":2}},"categories":[10,20],"tags":[537,551,1295,1472],"series":[],"class_list":["post-5593","post","type-post","status-publish","format-standard","hentry","category-espana-a-vista-de-dron","category-vida-corriente","tag-dji-mini-3-pro","tag-dron","tag-pontevedra","tag-san-benito-de-lerez"],"jetpack_publicize_connections":[],"jetpack_featured_media_url":"","jetpack_sharing_enabled":true,"_links":{"self":[{"href":"https:\/\/bitacora.eniac2000.com\/index.php?rest_route=\/wp\/v2\/posts\/5593","targetHints":{"allow":["GET"]}}],"collection":[{"href":"https:\/\/bitacora.eniac2000.com\/index.php?rest_route=\/wp\/v2\/posts"}],"about":[{"href":"https:\/\/bitacora.eniac2000.com\/index.php?rest_route=\/wp\/v2\/types\/post"}],"author":[{"embeddable":true,"href":"https:\/\/bitacora.eniac2000.com\/index.php?rest_route=\/wp\/v2\/users\/1"}],"replies":[{"embeddable":true,"href":"https:\/\/bitacora.eniac2000.com\/index.php?rest_route=%2Fwp%2Fv2%2Fcomments&post=5593"}],"version-history":[{"count":1,"href":"https:\/\/bitacora.eniac2000.com\/index.php?rest_route=\/wp\/v2\/posts\/5593\/revisions"}],"predecessor-version":[{"id":5924,"href":"https:\/\/bitacora.eniac2000.com\/index.php?rest_route=\/wp\/v2\/posts\/5593\/revisions\/5924"}],"wp:attachment":[{"href":"https:\/\/bitacora.eniac2000.com\/index.php?rest_route=%2Fwp%2Fv2%2Fmedia&parent=5593"}],"wp:term":[{"taxonomy":"category","embeddable":true,"href":"https:\/\/bitacora.eniac2000.com\/index.php?rest_route=%2Fwp%2Fv2%2Fcategories&post=5593"},{"taxonomy":"post_tag","embeddable":true,"href":"https:\/\/bitacora.eniac2000.com\/index.php?rest_route=%2Fwp%2Fv2%2Ftags&post=5593"},{"taxonomy":"series","embeddable":true,"href":"https:\/\/bitacora.eniac2000.com\/index.php?rest_route=%2Fwp%2Fv2%2Fseries&post=5593"}],"curies":[{"name":"wp","href":"https:\/\/api.w.org\/{rel}","templated":true}]}}