{"id":5616,"date":"2024-08-26T15:39:16","date_gmt":"2024-08-26T14:39:16","guid":{"rendered":"https:\/\/bitacora.eniac2000.com\/?p=5616"},"modified":"2024-08-26T15:39:16","modified_gmt":"2024-08-26T14:39:16","slug":"tres-en-la-carretera","status":"publish","type":"post","link":"https:\/\/bitacora.eniac2000.com\/?p=5616","title":{"rendered":"Tres en la carretera"},"content":{"rendered":"<p>Al principio s\u00f3lo vi a dos de ellos. Circul\u00e1bamos por la SS 131, la especie de autov\u00eda -cuatro carriles, mediana de hormig\u00f3n y, en ese tramo, muros, tambi\u00e9n de hormig\u00f3n, para contener sendos taludes de la trinchera por la que transcurr\u00eda la carretera- que une las ciudades de Cagliari y Sassari. Nos dirig\u00edamos hacia Cagliari, camino de las ruinas de una ciudad fenicia que \u00edbamos a visitar. Y cuando llegamos a un cambio de rasante, all\u00ed estaban. Un perro mediano, tirando a grande, de color negro. Y junto a \u00e9l, otro de ese marr\u00f3n indefinido que suele denominarse en animales <em>color canela<\/em>. Juntos, los dos, cerca del muro de hormig\u00f3n, asustados por el tr\u00e1fico que rodaba cerca de ellos a m\u00e1s de 100 kil\u00f3metros por hora. Era algo llamativo, apartados en el arc\u00e9n, a merced del tr\u00e1fico. A\u00fan no hab\u00eda terminado de preguntarme qu\u00e9 podr\u00edan hacer esos dos pobres perros en ese lugar, a varios kil\u00f3metros del pueblo m\u00e1s cercano, cerrado de hormig\u00f3n y de vallas (demasiado bien lo s\u00e9, pero no es algo f\u00e1cil de asumir) cuando llegamos a su altura. Fue entonces cuando vi al tercero.<\/p>\n<p>Un perrillo peque\u00f1o, de un blanco sucio m\u00e1s producto de la vida que de la naturaleza y que, custodiado por los otros dos, apoyaba sus patas delanteras en el muro de hormig\u00f3n, como intentando escapar de all\u00ed. La escena era conmovedora en su tristeza, pero fueron sus ojos los que me partieron el coraz\u00f3n. Una mezcla de terror, tristeza e indefensi\u00f3n que se me clavaron muy adentro. Los dos m\u00e1s grandes, m\u00e1s hacia el tr\u00e1fico, como tratando de defender al peque\u00f1o, que no hac\u00eda sino intentar huir. Una huida imposible, rodeados de muros, sin agua, y sin una mala sobra en la que cobijarse del sol, que a esa hora de un d\u00eda cualquiera de agosto empezaba a ser inclemente.<\/p>\n<p>Poco a poco los fui viendo perderse por el retrovisor. Pens\u00e9 en llamar a emergencias, pero en un pa\u00eds extranjero, sin dominar el idioma y sin saber c\u00f3mo orientar a quien descolgarar el tel\u00e9fono no vi c\u00f3mo poder hacerlo. No le dije nada a Ana, por no causarle inquietud. Y as\u00ed, poco a poco, desaparecieron de mi vista. En mi ingenuidad, pensaba que tambi\u00e9n, poco a poco, desaparecer\u00edan de mi memoria. Pero la sensaci\u00f3n de tristeza y de impotencia, por mucho que pasaran los kil\u00f3metros, no menguaba. No puedo decir que me arruinara la visita, pero algo en el fondo de mi conciencia repiqueteaba de manera insistente, y no disfrut\u00e9 tanto como deb\u00eda. Y esa tarde, a la vuelta hacia nuestro hotel, me sorprend\u00ed mirando hacia la cuneta cuando pasamos por ese mismo punto. Huelga decir que, para entonces, ya no estaban all\u00ed.<\/p>\n<p>No he podido olvidarlos.<\/p>\n","protected":false},"excerpt":{"rendered":"<p>Al principio s\u00f3lo vi a dos de ellos. Circul\u00e1bamos por<\/p>\n","protected":false},"author":1,"featured_media":0,"comment_status":"open","ping_status":"open","sticky":false,"template":"","format":"standard","meta":{"advanced_seo_description":"","jetpack_seo_html_title":"","jetpack_seo_noindex":false,"_jetpack_memberships_contains_paid_content":false,"footnotes":"","jetpack_publicize_message":"","jetpack_publicize_feature_enabled":true,"jetpack_social_post_already_shared":false,"jetpack_social_options":{"image_generator_settings":{"template":"highway","default_image_id":0,"font":"","enabled":false},"version":2}},"categories":[20],"tags":[399],"series":[],"class_list":["post-5616","post","type-post","status-publish","format-standard","hentry","category-vida-corriente","tag-cerdena"],"jetpack_publicize_connections":[],"jetpack_featured_media_url":"","jetpack_sharing_enabled":true,"_links":{"self":[{"href":"https:\/\/bitacora.eniac2000.com\/index.php?rest_route=\/wp\/v2\/posts\/5616","targetHints":{"allow":["GET"]}}],"collection":[{"href":"https:\/\/bitacora.eniac2000.com\/index.php?rest_route=\/wp\/v2\/posts"}],"about":[{"href":"https:\/\/bitacora.eniac2000.com\/index.php?rest_route=\/wp\/v2\/types\/post"}],"author":[{"embeddable":true,"href":"https:\/\/bitacora.eniac2000.com\/index.php?rest_route=\/wp\/v2\/users\/1"}],"replies":[{"embeddable":true,"href":"https:\/\/bitacora.eniac2000.com\/index.php?rest_route=%2Fwp%2Fv2%2Fcomments&post=5616"}],"version-history":[{"count":0,"href":"https:\/\/bitacora.eniac2000.com\/index.php?rest_route=\/wp\/v2\/posts\/5616\/revisions"}],"wp:attachment":[{"href":"https:\/\/bitacora.eniac2000.com\/index.php?rest_route=%2Fwp%2Fv2%2Fmedia&parent=5616"}],"wp:term":[{"taxonomy":"category","embeddable":true,"href":"https:\/\/bitacora.eniac2000.com\/index.php?rest_route=%2Fwp%2Fv2%2Fcategories&post=5616"},{"taxonomy":"post_tag","embeddable":true,"href":"https:\/\/bitacora.eniac2000.com\/index.php?rest_route=%2Fwp%2Fv2%2Ftags&post=5616"},{"taxonomy":"series","embeddable":true,"href":"https:\/\/bitacora.eniac2000.com\/index.php?rest_route=%2Fwp%2Fv2%2Fseries&post=5616"}],"curies":[{"name":"wp","href":"https:\/\/api.w.org\/{rel}","templated":true}]}}