{"id":5661,"date":"2025-01-20T18:12:50","date_gmt":"2025-01-20T17:12:50","guid":{"rendered":"https:\/\/bitacora.eniac2000.com\/?p=5661"},"modified":"2025-10-04T20:27:32","modified_gmt":"2025-10-04T18:27:32","slug":"bosa-y-bosa-marina-cerdena-a-vista-de-dron-13082024-dji-mini-3-pro","status":"publish","type":"post","link":"https:\/\/bitacora.eniac2000.com\/?p=5661","title":{"rendered":"Bosa y Bosa Marina (Cerde\u00f1a) a vista de Dron (13\/08\/2024) | DJI Mini 3 Pro"},"content":{"rendered":"<p><iframe loading=\"lazy\" width=\"800\" height=\"450\" src=\"https:\/\/www.youtube.com\/embed\/Sr9h52IOyF4?si=LdlRIrtwHCwOx20V\" title=\"YouTube video player\" frameborder=\"0\" allow=\"accelerometer; autoplay; clipboard-write; encrypted-media; gyroscope; picture-in-picture; web-share\" referrerpolicy=\"strict-origin-when-cross-origin\" allowfullscreen><\/iframe><\/p>\n<p>El primero de nuestros d\u00edas de vacaciones en Cerde\u00f1a visitamos la espl\u00e9ndida ciudad de Bosa. Se trata de una preciosa poblaci\u00f3n de origen fenicio, que prosper\u00f3 bajo la dominaci\u00f3n romana y en \u00e9poca medieval, y que ha recibido una serie de premios a su conservaci\u00f3n, que sin duda son bien merecidos. Se encuentra ubicado en el noroeste de la isla, en la provincia de Orist\u00e1n (Oristano en italiano). Destacan en ella el puente sobre el r\u00edo Termo, la catedral de la Inmaculada, y el castillo de los siglos XII-XIII, de origen toscano y mandado construir por la familia Malaspina, todo ello sin desmerecer el estupendo casco hist\u00f3rico de la ciudad.<\/p>\n<p>En sus cercan\u00edas se halla el barrio costero de Bosa Marina, dominado por la impresionante presencia de una torre aragonesa, en la que a\u00fan puede verse el escudo de armas de la Corona de Arag\u00f3n sobre su puerta. La torre domina el puerto, la playa, y la desembocadura del r\u00edo Termo, junto a la que puede encontrarse una estupenda playa de aguas cristalinas, as\u00ed como una serie de calas escondidas junto a la torre.<\/p>\n<p>Visitamos Bosa el 13 de agosto de 2024, y la grabaci\u00f3n ha sido efectuada con un dron DJI Mini 3 Pro.<\/p>\n<p>&#8212;&#8212;&#8212;&#8212;-<\/p>\n<p>On the first day of our vacation in Sardinia, we visited the splendid city of Bosa. It&#8217;s a beautiful town of Phoenician origin that prospered under Roman rule and in medieval times, and has received several awards for its preservation, which are undoubtedly well-deserved. It&#8217;s located in the northwest of the island, in the province of Oristano. Notable features include the bridge over the Temo River, the Cathedral of the Immaculate Conception, and the 12th-13th century castle of Tuscan origin commissioned by the Malaspina family, all without detracting from the city&#8217;s wonderful historic center.<br \/>\nNearby is the coastal district of Bosa Marina, dominated by the impressive presence of an Aragonese tower, which still bears the coat of arms of the Crown of Aragon above its door. The tower overlooks the port, the beach, and the mouth of the Temo River, next to which you can find a stunning beach with crystal-clear waters, as well as a series of hidden coves near the tower.<\/p>\n<p>We visited Bosa on August 13, 2024, and the recording was made with a DJI Mini 3 Pro drone.<\/p>\n<p>M\u00fasica:<br \/>\nSummer Spliffs by Broke For Free | https:\/\/soundcloud.com\/broke-for-free<br \/>\nMusic promoted by https:\/\/www.free-stock-music.com<br \/>\nCreative Commons \/ Attribution 3.0 Unported License (CC BY 3.0)<br \/>\nhttps:\/\/creativecommons.org\/licenses\/by\/3.0\/deed.en_US<\/p>\n","protected":false},"excerpt":{"rendered":"<p>El primero de nuestros d\u00edas de vacaciones en Cerde\u00f1a visitamos<\/p>\n","protected":false},"author":1,"featured_media":0,"comment_status":"open","ping_status":"open","sticky":false,"template":"","format":"standard","meta":{"advanced_seo_description":"","jetpack_seo_html_title":"","jetpack_seo_noindex":false,"_jetpack_memberships_contains_paid_content":false,"footnotes":"","jetpack_publicize_message":"","jetpack_publicize_feature_enabled":true,"jetpack_social_post_already_shared":false,"jetpack_social_options":{"image_generator_settings":{"template":"highway","default_image_id":0,"font":"","enabled":false},"version":2}},"categories":[14,20],"tags":[240,241,399,537,862],"series":[],"class_list":["post-5661","post","type-post","status-publish","format-standard","hentry","category-italia-a-vista-de-dron","category-vida-corriente","tag-bosa","tag-bosa-marina","tag-cerdena","tag-dji-mini-3-pro","tag-italia"],"jetpack_publicize_connections":[],"jetpack_featured_media_url":"","jetpack_sharing_enabled":true,"_links":{"self":[{"href":"https:\/\/bitacora.eniac2000.com\/index.php?rest_route=\/wp\/v2\/posts\/5661","targetHints":{"allow":["GET"]}}],"collection":[{"href":"https:\/\/bitacora.eniac2000.com\/index.php?rest_route=\/wp\/v2\/posts"}],"about":[{"href":"https:\/\/bitacora.eniac2000.com\/index.php?rest_route=\/wp\/v2\/types\/post"}],"author":[{"embeddable":true,"href":"https:\/\/bitacora.eniac2000.com\/index.php?rest_route=\/wp\/v2\/users\/1"}],"replies":[{"embeddable":true,"href":"https:\/\/bitacora.eniac2000.com\/index.php?rest_route=%2Fwp%2Fv2%2Fcomments&post=5661"}],"version-history":[{"count":1,"href":"https:\/\/bitacora.eniac2000.com\/index.php?rest_route=\/wp\/v2\/posts\/5661\/revisions"}],"predecessor-version":[{"id":5916,"href":"https:\/\/bitacora.eniac2000.com\/index.php?rest_route=\/wp\/v2\/posts\/5661\/revisions\/5916"}],"wp:attachment":[{"href":"https:\/\/bitacora.eniac2000.com\/index.php?rest_route=%2Fwp%2Fv2%2Fmedia&parent=5661"}],"wp:term":[{"taxonomy":"category","embeddable":true,"href":"https:\/\/bitacora.eniac2000.com\/index.php?rest_route=%2Fwp%2Fv2%2Fcategories&post=5661"},{"taxonomy":"post_tag","embeddable":true,"href":"https:\/\/bitacora.eniac2000.com\/index.php?rest_route=%2Fwp%2Fv2%2Ftags&post=5661"},{"taxonomy":"series","embeddable":true,"href":"https:\/\/bitacora.eniac2000.com\/index.php?rest_route=%2Fwp%2Fv2%2Fseries&post=5661"}],"curies":[{"name":"wp","href":"https:\/\/api.w.org\/{rel}","templated":true}]}}