{"id":5742,"date":"2025-02-17T12:15:30","date_gmt":"2025-02-17T11:15:30","guid":{"rendered":"https:\/\/bitacora.eniac2000.com\/?p=5742"},"modified":"2025-10-04T20:18:55","modified_gmt":"2025-10-04T18:18:55","slug":"salvatierra-de-mino-a-vista-de-dron-20122024-dji-mini-3-pro","status":"publish","type":"post","link":"https:\/\/bitacora.eniac2000.com\/?p=5742","title":{"rendered":"Salvatierra de Mi\u00f1o a vista de Dron (20\/12\/2024) | DJI Mini 3 Pro"},"content":{"rendered":"<p><iframe loading=\"lazy\" width=\"800\" height=\"450\" src=\"https:\/\/www.youtube.com\/embed\/JAYKTQjMAEc?si=4jcKb5Ce-VgOt3AK\" title=\"YouTube video player\" frameborder=\"0\" allow=\"accelerometer; autoplay; clipboard-write; encrypted-media; gyroscope; picture-in-picture; web-share\" referrerpolicy=\"strict-origin-when-cross-origin\" allowfullscreen><\/iframe><\/p>\n<p>Grabaci\u00f3n de Salvatierra de Mi\u00f1o (Pontevedra) efectuada el 20\/12\/2024 con un dron DJI Mini 3 Pro, centrado en la zona del castillo, su estupenda muralla, as\u00ed como la iglesia y el puente internacional.<\/p>\n<p>Salvaterra de Mi\u00f1o es una joya hist\u00f3rica en la frontera entre Galicia y Portugal, que ha sido testigo de siglos de conflictos y alianzas. Esta villa, mencionada por primera vez en el a\u00f1o 991, jug\u00f3 un papel crucial en la defensa del Reino de Galicia. Su estrat\u00e9gica ubicaci\u00f3n a orillas del r\u00edo Mi\u00f1o la convirti\u00f3 en escenario de numerosas batallas y disputas territoriales a lo largo de la historia.<\/p>\n<p>El coraz\u00f3n de Salvaterra es su imponente castillo, conocido como el Castillo de Do\u00f1a Urraca. Esta fortaleza, con or\u00edgenes en los siglos X y XI, ha sido protagonista de leyendas y eventos hist\u00f3ricos. Desde sus muros, la reina Urraca dirigi\u00f3 ataques contra su hermanastra Teresa de Portugal en 1121. El castillo alberga el Pazo de Do\u00f1a Urraca y el Pazo do Conde, formando parte de un conjunto hist\u00f3rico que abarca casi 10.000 metros cuadrados.<\/p>\n<p>Durante la Guerra de Restauraci\u00f3n portuguesa, Salvaterra vivi\u00f3 uno de sus periodos m\u00e1s turbulentos. En 1643, el Conde de Castel-Melhor tom\u00f3 la villa, rebautiz\u00e1ndola como \u00abSalvaterra de Portugal\u00bb. Esta ocupaci\u00f3n portuguesa, que dur\u00f3 hasta 1659, dej\u00f3 una huella indeleble en la arquitectura de la fortaleza. Los portugueses mejoraron las defensas, construyeron nuevas murallas y reforzaron los baluartes, convirtiendo el castillo en una fortaleza casi inexpugnable.<\/p>\n<p>La reconquista de Salvaterra de Mi\u00f1o por las tropas espa\u00f1olas en 1659 fue el resultado de una estrategia militar meticulosa que culmin\u00f3 con la captura de Mon\u00e7ao el 7 de febrero, un punto de inflexi\u00f3n crucial que permiti\u00f3 a los espa\u00f1oles cortar las l\u00edneas de suministro de la guarnici\u00f3n portuguesa. La muerte inesperada del General Castel-Melhor y la p\u00e9rdida de recursos tras el aislamiento provocado por la ca\u00edda de Mon\u00e7ao debilitaron significativamente a las fuerzas portuguesas, que apenas diez d\u00edas despu\u00e9s de perder su punto de apoyo log\u00edstico se vieron obligadas a capitular, poniendo fin a 16 a\u00f1os de ocupaci\u00f3n portuguesa en Salvaterra de Mi\u00f1o y marcando un punto de inflexi\u00f3n en los conflictos fronterizos entre Espa\u00f1a y Portugal durante el siglo XVII.<\/p>\n<p>Hoy en d\u00eda, Salvaterra de Mi\u00f1o forma una eurociudad con la poblaci\u00f3n portuguesa de Mon\u00e7ao, unidas por el Ponte Joao Verde e Amadro Saavedra. Esta conexi\u00f3n simboliza la superaci\u00f3n de antiguas rivalidades y el fortalecimiento de lazos transfronterizos. Salvaterra se ha convertido en un destino tur\u00edstico que combina historia, cultura y la famosa producci\u00f3n vin\u00edcola de la regi\u00f3n, ofreciendo a los visitantes una experiencia \u00fanica en la frontera galaico-portuguesa.<\/p>\n<p>&#8212;&#8212;&#8212;&#8212;&#8212;&#8212;<\/p>\n<p>Recording of Salvatierra de Mi\u00f1o (Pontevedra) made on 20\/12\/2024 with a DJI Mini 3 Pro drone, focusing on the castle area, its impressive wall, as well as the church and the international bridge.<\/p>\n<p>Salvatierra de Mi\u00f1o is a historical gem on the border between Galicia and Portugal, which has witnessed centuries of conflicts and alliances. This town, first mentioned in the year 991, played a crucial role in the defence of the Kingdom of Galicia. Its strategic location on the banks of the Mi\u00f1o River made it the scene of numerous battles and territorial disputes throughout history.<\/p>\n<p>The heart of Salvatierra is its imposing castle, known as the Castle of Do\u00f1a Urraca. This fortress, with origins in the 10th and 11th centuries, has been the protagonist of legends and historical events. From its walls, Queen Urraca directed attacks against her half-sister Teresa of Portugal in 1121. The castle houses the Pazo de Do\u00f1a Urraca and the Pazo do Conde, forming part of a historical complex that covers almost 10,000 square metres.<\/p>\n<p>During the Portuguese War of Restoration, Salvatierra experienced one of its most turbulent periods. In 1643, the Count of Castel-Melhor took the town, renaming it \u00abSalvaterra de Portugal\u00bb. This Portuguese occupation, which lasted until 1659, left an indelible mark on the architecture of the fortress. The Portuguese improved the defences, built new walls and reinforced the bastions, turning the castle into an almost impregnable fortress.<\/p>\n<p>Today, Salvatierra de Mi\u00f1o forms a Eurocity with the Portuguese town of Mon\u00e7\u00e3o, connected by the Jo\u00e3o Verde e Amadro Saavedra Bridge. This connection symbolises the overcoming of old rivalries and the strengthening of cross-border ties. Salvaterra has become a tourist destination that combines history, culture and the famous wine production of the region, offering visitors a unique experience on the Galician-Portuguese border.<br \/>\n&#8212;&#8212;&#8212;&#8212;&#8212;&#8212;<br \/>\nM\u00fasica:<br \/>\nThe Things That Keep Us Here by Scott Buckley | https:\/\/soundcloud.com\/scottbuckley<br \/>\nMusic promoted by https:\/\/www.free-stock-music.com<br \/>\nCreative Commons \/ Attribution 4.0 International (CC BY 4.0)<br \/>\nhttps:\/\/creativecommons.org\/licenses\/by\/4.0\/<\/p>\n<p>#dron #drone #dji #mini3pro #salvatierra #salvaterra #pontevedra<\/p>\n","protected":false},"excerpt":{"rendered":"<p>Grabaci\u00f3n de Salvatierra de Mi\u00f1o (Pontevedra) efectuada el 20\/12\/2024 con<\/p>\n","protected":false},"author":1,"featured_media":0,"comment_status":"open","ping_status":"open","sticky":false,"template":"","format":"standard","meta":{"advanced_seo_description":"","jetpack_seo_html_title":"","jetpack_seo_noindex":false,"_jetpack_memberships_contains_paid_content":false,"footnotes":"","jetpack_publicize_message":"","jetpack_publicize_feature_enabled":true,"jetpack_social_post_already_shared":false,"jetpack_social_options":{"image_generator_settings":{"template":"highway","default_image_id":0,"font":"","enabled":false},"version":2}},"categories":[10],"tags":[537,551,1467],"series":[],"class_list":["post-5742","post","type-post","status-publish","format-standard","hentry","category-espana-a-vista-de-dron","tag-dji-mini-3-pro","tag-dron","tag-salvatierra-de-mino"],"jetpack_publicize_connections":[],"jetpack_featured_media_url":"","jetpack_sharing_enabled":true,"_links":{"self":[{"href":"https:\/\/bitacora.eniac2000.com\/index.php?rest_route=\/wp\/v2\/posts\/5742","targetHints":{"allow":["GET"]}}],"collection":[{"href":"https:\/\/bitacora.eniac2000.com\/index.php?rest_route=\/wp\/v2\/posts"}],"about":[{"href":"https:\/\/bitacora.eniac2000.com\/index.php?rest_route=\/wp\/v2\/types\/post"}],"author":[{"embeddable":true,"href":"https:\/\/bitacora.eniac2000.com\/index.php?rest_route=\/wp\/v2\/users\/1"}],"replies":[{"embeddable":true,"href":"https:\/\/bitacora.eniac2000.com\/index.php?rest_route=%2Fwp%2Fv2%2Fcomments&post=5742"}],"version-history":[{"count":1,"href":"https:\/\/bitacora.eniac2000.com\/index.php?rest_route=\/wp\/v2\/posts\/5742\/revisions"}],"predecessor-version":[{"id":5898,"href":"https:\/\/bitacora.eniac2000.com\/index.php?rest_route=\/wp\/v2\/posts\/5742\/revisions\/5898"}],"wp:attachment":[{"href":"https:\/\/bitacora.eniac2000.com\/index.php?rest_route=%2Fwp%2Fv2%2Fmedia&parent=5742"}],"wp:term":[{"taxonomy":"category","embeddable":true,"href":"https:\/\/bitacora.eniac2000.com\/index.php?rest_route=%2Fwp%2Fv2%2Fcategories&post=5742"},{"taxonomy":"post_tag","embeddable":true,"href":"https:\/\/bitacora.eniac2000.com\/index.php?rest_route=%2Fwp%2Fv2%2Ftags&post=5742"},{"taxonomy":"series","embeddable":true,"href":"https:\/\/bitacora.eniac2000.com\/index.php?rest_route=%2Fwp%2Fv2%2Fseries&post=5742"}],"curies":[{"name":"wp","href":"https:\/\/api.w.org\/{rel}","templated":true}]}}