{"id":5744,"date":"2025-02-18T11:09:02","date_gmt":"2025-02-18T10:09:02","guid":{"rendered":"https:\/\/bitacora.eniac2000.com\/?p=5744"},"modified":"2025-10-04T20:18:38","modified_gmt":"2025-10-04T18:18:38","slug":"ategua-a-vista-de-dron-01012025-dji-mini-3-pro","status":"publish","type":"post","link":"https:\/\/bitacora.eniac2000.com\/?p=5744","title":{"rendered":"Ategua a vista de Dron (01\/01\/2025) | DJI Mini 3 Pro"},"content":{"rendered":"<p><iframe loading=\"lazy\" width=\"800\" height=\"450\" src=\"https:\/\/www.youtube.com\/embed\/vGkpMSYZ_2A?si=qxSkdj5SlqZW3hkm\" title=\"YouTube video player\" frameborder=\"0\" allow=\"accelerometer; autoplay; clipboard-write; encrypted-media; gyroscope; picture-in-picture; web-share\" referrerpolicy=\"strict-origin-when-cross-origin\" allowfullscreen><\/iframe><\/p>\n<p>Grabaci\u00f3n efectuada el d\u00eda de a\u00f1o nuevo de 2025 del yacimiento arqueol\u00f3gico de Ategua, antigua ciudad \u00edbero romana ubicado en las cercan\u00edas de Santa Cruz (C\u00f3rdoba) con un dron DJI Mini 3 Pro.<\/p>\n<p>Ategua, una antigua ciudad situada en la actual provincia de C\u00f3rdoba, Espa\u00f1a, tiene una historia que se remonta al menos al siglo IX a.C. Esta ciudad ib\u00e9rica adquiri\u00f3 gran importancia durante la Rep\u00fablica romana, especialmente en la Segunda guerra civil romana. El 19 de febrero del 45 a.C., Julio C\u00e9sar entr\u00f3 en Ategua, marcando un momento crucial en el conflicto contra los hijos de Pompeyo. Este evento, documentado en el \u00abBellum Hispaniense\u00bb, fue un preludio de la posterior toma de C\u00f3rdoba por C\u00e9sar.<\/p>\n<p>La ciudad romana de Ategua contaba con diversas estructuras t\u00edpicas de la \u00e9poca. Se han descubierto termas romanas, probablemente de \u00e9poca tardorepublicana o de comienzos del Imperio, as\u00ed como varias domus o casas romanas. Estas viviendas, algunas con suelos de opus signinum y patios con cisternas, fueron abandonadas en el siglo II d.C. La ciudad tambi\u00e9n aprovech\u00f3 los afloramientos de biocalcarenita en la ladera como canteras, aunque la cronolog\u00eda exacta de esta actividad a\u00fan no se ha determinado.<\/p>\n<p>Durante la \u00e9poca isl\u00e1mica, Ategua fue mencionada en el siglo X por el historiador Ibn Hayyan como la peque\u00f1a aldea de Ataba, perteneciente a la cora de C\u00f3rdoba. En el siglo XII, la ciudad fue descrita como desierta. Sin embargo, hacia finales del periodo isl\u00e1mico, se construy\u00f3 una fortaleza en su cima, que continu\u00f3 siendo ocupada en siglos posteriores. La ciudad de Ategua fue finalmente abandonada en el siglo XV, tras la conquista cristiana en el siglo XIV, dejando tras de s\u00ed un rico legado arqueol\u00f3gico que contin\u00faa siendo estudiado y valorado en la actualidad<\/p>\n<p>Recientemente, en diciembre de 2024, una cuarta campa\u00f1a de excavaciones ha sacado a la luz un complejo religioso de la etapa republicana y un anfiteatro. Este anfiteatro, construido en el primer tercio del siglo I y abandonado en el siglo II, ha sido descrito como un elemento clave para entender la transici\u00f3n entre la \u00e9poca republicana y el Alto Imperio en Hispania.<\/p>\n<p>___________<\/p>\n<p>Recording made on New Year&#8217;s Day 2025 of the archaeological site of Ategua, an ancient Iberian-Roman city located near Santa Cruz (C\u00f3rdoba), using a DJI Mini 3 Pro drone.<\/p>\n<p>Ategua, an ancient city situated in the present-day province of C\u00f3rdoba, Spain, has a history dating back to at least the 9th century BC. This Iberian city gained great importance during the Roman Republic, especially during the Second Roman Civil War. On 19th February 45 BC, Julius Caesar entered Ategua, marking a crucial moment in the conflict against Pompey&#8217;s sons. This event, documented in the \u00abBellum Hispaniense\u00bb, was a prelude to Caesar&#8217;s subsequent capture of C\u00f3rdoba.<\/p>\n<p>The Roman city of Ategua featured various typical structures of the period. Roman baths have been discovered, likely from the late Republican era or the beginning of the Empire, as well as several domus or Roman houses. These dwellings, some with opus signinum floors and courtyards with cisterns, were abandoned in the 2nd century AD. The city also utilised biocalcarenite outcrops on the hillside as quarries, although the exact chronology of this activity has not yet been determined.<\/p>\n<p>During the Islamic period, Ategua was mentioned in the 10th century by the historian Ibn Hayyan as the small village of Ataba, belonging to the cora of C\u00f3rdoba. In the 12th century, the city was described as deserted. However, towards the end of the Islamic period, a fortress was built on its summit, which continued to be occupied in subsequent centuries. The city of Ategua was finally abandoned in the 15th century, following the Christian conquest in the 14th century, leaving behind a rich archaeological legacy that continues to be studied and valued today.<\/p>\n<p>Recently, in December 2024, a fourth excavation campaign unearthed a religious complex from the Republican period and an amphitheatre. This amphitheatre, built in the first third of the 1st century and abandoned in the 2nd century, has been described as a key element in understanding the transition between the Republican era and the High Empire in Hispania.<br \/>\n___________<\/p>\n<p>M\u00fasica:<br \/>\nHelios by Scott Buckley | https:\/\/soundcloud.com\/scottbuckley<br \/>\nMusic promoted by https:\/\/www.free-stock-music.com<br \/>\nCreative Commons \/ Attribution 4.0 International (CC BY 4.0)<br \/>\nhttps:\/\/creativecommons.org\/licenses\/by\/4.0\/<\/p>\n<p>#dron #drone #cordoba #djimini3pro #ategua<\/p>\n","protected":false},"excerpt":{"rendered":"<p>Grabaci\u00f3n efectuada el d\u00eda de a\u00f1o nuevo de 2025 del<\/p>\n","protected":false},"author":1,"featured_media":0,"comment_status":"open","ping_status":"open","sticky":false,"template":"","format":"standard","meta":{"advanced_seo_description":"","jetpack_seo_html_title":"","jetpack_seo_noindex":false,"_jetpack_memberships_contains_paid_content":false,"footnotes":"","jetpack_publicize_message":"","jetpack_publicize_feature_enabled":true,"jetpack_social_post_already_shared":false,"jetpack_social_options":{"image_generator_settings":{"template":"highway","default_image_id":0,"font":"","enabled":false},"version":2}},"categories":[10],"tags":[162,392,537,551],"series":[],"class_list":["post-5744","post","type-post","status-publish","format-standard","hentry","category-espana-a-vista-de-dron","tag-ategua","tag-cordoba","tag-dji-mini-3-pro","tag-dron"],"jetpack_publicize_connections":[],"jetpack_featured_media_url":"","jetpack_sharing_enabled":true,"_links":{"self":[{"href":"https:\/\/bitacora.eniac2000.com\/index.php?rest_route=\/wp\/v2\/posts\/5744","targetHints":{"allow":["GET"]}}],"collection":[{"href":"https:\/\/bitacora.eniac2000.com\/index.php?rest_route=\/wp\/v2\/posts"}],"about":[{"href":"https:\/\/bitacora.eniac2000.com\/index.php?rest_route=\/wp\/v2\/types\/post"}],"author":[{"embeddable":true,"href":"https:\/\/bitacora.eniac2000.com\/index.php?rest_route=\/wp\/v2\/users\/1"}],"replies":[{"embeddable":true,"href":"https:\/\/bitacora.eniac2000.com\/index.php?rest_route=%2Fwp%2Fv2%2Fcomments&post=5744"}],"version-history":[{"count":1,"href":"https:\/\/bitacora.eniac2000.com\/index.php?rest_route=\/wp\/v2\/posts\/5744\/revisions"}],"predecessor-version":[{"id":5897,"href":"https:\/\/bitacora.eniac2000.com\/index.php?rest_route=\/wp\/v2\/posts\/5744\/revisions\/5897"}],"wp:attachment":[{"href":"https:\/\/bitacora.eniac2000.com\/index.php?rest_route=%2Fwp%2Fv2%2Fmedia&parent=5744"}],"wp:term":[{"taxonomy":"category","embeddable":true,"href":"https:\/\/bitacora.eniac2000.com\/index.php?rest_route=%2Fwp%2Fv2%2Fcategories&post=5744"},{"taxonomy":"post_tag","embeddable":true,"href":"https:\/\/bitacora.eniac2000.com\/index.php?rest_route=%2Fwp%2Fv2%2Ftags&post=5744"},{"taxonomy":"series","embeddable":true,"href":"https:\/\/bitacora.eniac2000.com\/index.php?rest_route=%2Fwp%2Fv2%2Fseries&post=5744"}],"curies":[{"name":"wp","href":"https:\/\/api.w.org\/{rel}","templated":true}]}}