{"id":5763,"date":"2025-03-29T21:26:05","date_gmt":"2025-03-29T20:26:05","guid":{"rendered":"https:\/\/bitacora.eniac2000.com\/?p=5763"},"modified":"2025-03-29T21:26:05","modified_gmt":"2025-03-29T20:26:05","slug":"eclipse-anular-de-sol-de-2025","status":"publish","type":"post","link":"https:\/\/bitacora.eniac2000.com\/?p=5763","title":{"rendered":"Eclipse anular de sol de 2025"},"content":{"rendered":"<p>Este 29 de marzo ha sido visible desde Espa\u00f1a un eclipse anular de sol. Ha sido el primer e<a href=\"https:\/\/bitacora.eniac2000.com\/?p=206\" title=\"Prepar\u00e1ndonos para el eclipse\" target=\"_blank\">clipse visible en Espa\u00f1a desde el a\u00f1o 2005<\/a>, que ya tuve la oportunidad de ver y de narrar en esta bit\u00e1cora. Qu\u00e9 barbaridad, han pasado ya 20 a\u00f1os. Incre\u00edble.<\/p>\n<p>Esta vez lo hemos visto en Pontevedra, una de las ciudades de Espa\u00f1a donde mejor se ha podido contemplar. Y es que, adem\u00e1s de estar en el trazado del eclipse, hoy hemos disfrutado de un d\u00eda excelente, lo que no suele ser habitual en Pontevedra, a\u00fan a finales del mes de marzo. Pero llevamos unos d\u00edas estupendos, lo que ha contrastado con el tiempo hecho en el resto de Espa\u00f1a. Cuando me plante\u00e9 c\u00f3mo ver el eclipse, record\u00e9 el art\u00edculo de 2005, y aunque no pude preparar una configuraci\u00f3n con tr\u00edpode y pantalla, s\u00ed que pude hacerme con unos prism\u00e1ticos. As\u00ed que nos fuimos al Parque de la Alameda de Pontevedra, y nos pusimos a jugar un poco con las sombras.<\/p>\n<figure id=\"attachment_5766\" aria-describedby=\"caption-attachment-5766\" style=\"width: 400px\" class=\"wp-caption aligncenter\"><a href=\"https:\/\/bitacora.eniac2000.com\/wp-content\/uploads\/2025\/03\/IMG_20250329_111948242.jpg\"><img loading=\"lazy\" decoding=\"async\" src=\"https:\/\/bitacora.eniac2000.com\/wp-content\/uploads\/2025\/03\/IMG_20250329_111948242-400x225.jpg\" alt=\"Foto 1 del eclipse\" title=\"Foto 1 del eclipse\" width=\"400\" height=\"225\" class=\"size-medium wp-image-5766\" \/><\/a><figcaption id=\"caption-attachment-5766\" class=\"wp-caption-text\">Foto 1 del eclipse<\/figcaption><\/figure>\n<figure id=\"attachment_5765\" aria-describedby=\"caption-attachment-5765\" style=\"width: 400px\" class=\"wp-caption aligncenter\"><a href=\"https:\/\/bitacora.eniac2000.com\/wp-content\/uploads\/2025\/03\/IMG_20250329_111901055.jpg\"><img loading=\"lazy\" decoding=\"async\" src=\"https:\/\/bitacora.eniac2000.com\/wp-content\/uploads\/2025\/03\/IMG_20250329_111901055-400x225.jpg\" alt=\"Foto 2 del eclipse\" title=\"Foto 2 del eclipse\" width=\"400\" height=\"225\" class=\"size-medium wp-image-5765\" \/><\/a><figcaption id=\"caption-attachment-5765\" class=\"wp-caption-text\">Foto 2 del eclipse<\/figcaption><\/figure>\n<figure id=\"attachment_5764\" aria-describedby=\"caption-attachment-5764\" style=\"width: 225px\" class=\"wp-caption aligncenter\"><a href=\"https:\/\/bitacora.eniac2000.com\/wp-content\/uploads\/2025\/03\/IMG_20250329_111839647.jpg\"><img loading=\"lazy\" decoding=\"async\" src=\"https:\/\/bitacora.eniac2000.com\/wp-content\/uploads\/2025\/03\/IMG_20250329_111839647-225x400.jpg\" alt=\"Foto 3 del eclipse\" title=\"Foto 3 del eclipse\" width=\"225\" height=\"400\" class=\"size-medium wp-image-5764\" \/><\/a><figcaption id=\"caption-attachment-5764\" class=\"wp-caption-text\">Foto 3 del eclipse<\/figcaption><\/figure>\n<figure id=\"attachment_5768\" aria-describedby=\"caption-attachment-5768\" style=\"width: 400px\" class=\"wp-caption aligncenter\"><a href=\"https:\/\/bitacora.eniac2000.com\/wp-content\/uploads\/2025\/03\/IMG_20250329_112542339.jpg\"><img loading=\"lazy\" decoding=\"async\" src=\"https:\/\/bitacora.eniac2000.com\/wp-content\/uploads\/2025\/03\/IMG_20250329_112542339-400x225.jpg\" alt=\"Foto 4 del eclipse\" title=\"Foto 4 del eclipse\" width=\"400\" height=\"225\" class=\"size-medium wp-image-5768\" \/><\/a><figcaption id=\"caption-attachment-5768\" class=\"wp-caption-text\">Foto 4 del eclipse<\/figcaption><\/figure>\n<p>Las fotos est\u00e1n tomadas sobre las 11:30h de la ma\u00f1ana, en el momento \u00e1lgido del eclipse, cuando en la zona de Pontevedra el eclipse cubr\u00eda sobre un 40% de la superficie del sol. Como comentaba, se trata de un eclipse anular, el primero en Espa\u00f1a desde 2005. Pero para el 12 de agosto de 2026 se espera un eclipse total de sol. Esperemos verlo entonces. \ud83d\ude42<\/p>\n<p>Adem\u00e1s de usar los prism\u00e1ticos para ver el eclipse, pudimos experimentar un fen\u00f3meno bastante interesante: es posible contemplar de igual manera el eclipse a trav\u00e9s de la copas de los \u00e1rboles. El proceso es el equivalente al de la c\u00e1mara oscura, que es b\u00e1sicamente lo mismo que se realiza con los prism\u00e1ticos, ya que el sol al pasar por los huecos del follaje, proyecta el eclipse en el suelo, repetido m\u00faltiples veces. Si la distancia al suelo es la adecuada, puede apreciarse bastante bien. En este caso, no es perfecto, pero s\u00ed bastante distinguible:<\/p>\n<figure id=\"attachment_5767\" aria-describedby=\"caption-attachment-5767\" style=\"width: 400px\" class=\"wp-caption aligncenter\"><a href=\"https:\/\/bitacora.eniac2000.com\/wp-content\/uploads\/2025\/03\/IMG_20250329_112229670_085519.jpg\"><img loading=\"lazy\" decoding=\"async\" src=\"https:\/\/bitacora.eniac2000.com\/wp-content\/uploads\/2025\/03\/IMG_20250329_112229670_085519-400x179.jpg\" alt=\"Eclipse a trav\u00e9s del follaje de un \u00e1rbol en La Alameda\" title=\"Eclipse a trav\u00e9s del follaje de un \u00e1rbol en La Alameda\" width=\"400\" height=\"179\" class=\"size-medium wp-image-5767\" \/><\/a><figcaption id=\"caption-attachment-5767\" class=\"wp-caption-text\">Eclipse a trav\u00e9s del follaje de un \u00e1rbol en La Alameda<\/figcaption><\/figure>\n<p>\u00a1Nos leemos en 2026!<\/p>\n","protected":false},"excerpt":{"rendered":"<p>Este 29 de marzo ha sido visible desde Espa\u00f1a un<\/p>\n","protected":false},"author":1,"featured_media":0,"comment_status":"open","ping_status":"open","sticky":false,"template":"","format":"standard","meta":{"advanced_seo_description":"","jetpack_seo_html_title":"","jetpack_seo_noindex":false,"_jetpack_memberships_contains_paid_content":false,"footnotes":"","jetpack_publicize_message":"","jetpack_publicize_feature_enabled":true,"jetpack_social_post_already_shared":false,"jetpack_social_options":{"image_generator_settings":{"template":"highway","default_image_id":0,"font":"","enabled":false},"version":2}},"categories":[20],"tags":[55,561,1295],"series":[],"class_list":["post-5763","post","type-post","status-publish","format-standard","hentry","category-vida-corriente","tag-alameda","tag-eclipse","tag-pontevedra"],"jetpack_publicize_connections":[],"jetpack_featured_media_url":"","jetpack_sharing_enabled":true,"_links":{"self":[{"href":"https:\/\/bitacora.eniac2000.com\/index.php?rest_route=\/wp\/v2\/posts\/5763","targetHints":{"allow":["GET"]}}],"collection":[{"href":"https:\/\/bitacora.eniac2000.com\/index.php?rest_route=\/wp\/v2\/posts"}],"about":[{"href":"https:\/\/bitacora.eniac2000.com\/index.php?rest_route=\/wp\/v2\/types\/post"}],"author":[{"embeddable":true,"href":"https:\/\/bitacora.eniac2000.com\/index.php?rest_route=\/wp\/v2\/users\/1"}],"replies":[{"embeddable":true,"href":"https:\/\/bitacora.eniac2000.com\/index.php?rest_route=%2Fwp%2Fv2%2Fcomments&post=5763"}],"version-history":[{"count":0,"href":"https:\/\/bitacora.eniac2000.com\/index.php?rest_route=\/wp\/v2\/posts\/5763\/revisions"}],"wp:attachment":[{"href":"https:\/\/bitacora.eniac2000.com\/index.php?rest_route=%2Fwp%2Fv2%2Fmedia&parent=5763"}],"wp:term":[{"taxonomy":"category","embeddable":true,"href":"https:\/\/bitacora.eniac2000.com\/index.php?rest_route=%2Fwp%2Fv2%2Fcategories&post=5763"},{"taxonomy":"post_tag","embeddable":true,"href":"https:\/\/bitacora.eniac2000.com\/index.php?rest_route=%2Fwp%2Fv2%2Ftags&post=5763"},{"taxonomy":"series","embeddable":true,"href":"https:\/\/bitacora.eniac2000.com\/index.php?rest_route=%2Fwp%2Fv2%2Fseries&post=5763"}],"curies":[{"name":"wp","href":"https:\/\/api.w.org\/{rel}","templated":true}]}}