{"id":5786,"date":"2025-06-08T13:03:10","date_gmt":"2025-06-08T12:03:10","guid":{"rendered":"https:\/\/bitacora.eniac2000.com\/?p=5786"},"modified":"2025-06-08T13:03:10","modified_gmt":"2025-06-08T12:03:10","slug":"mac-mini-m4","status":"publish","type":"post","link":"https:\/\/bitacora.eniac2000.com\/?p=5786","title":{"rendered":"Mac Mini M4"},"content":{"rendered":"<p>Una vez tuve un Mac. Fue en 2017, cuando a\u00fan trabajaba en IBM; la compa\u00f1\u00eda hab\u00eda iniciado una campa\u00f1a para reemplazar el equipamiento Lenovo y Android que proporcionaba a sus empleados por productos de Apple: tanto iPhones como MacBooks. El caso es que conmigo empezaron por un MacBook Pro, un port\u00e1til estupendo, pero con el que no me hice. Y no porque no fuera un equipo estupendo, que lo era, sino porque hab\u00eda algo que no me gustaba en absoluto, y era el ser cautivo, tanto en hardware como en software, de la compa\u00f1\u00eda de la manzana. En lo referente a puertos, ese MacBook Pro s\u00f3lo ten\u00eda un par de puertos USB-C, que a\u00fan no se hab\u00edan impuesto como un est\u00e1ndar, y para de contar. Ni puerto HDMI, ni de red, ni nada. Para cada perif\u00e9rico que quisiera conectar ten\u00eda que comprar un <em>dongle<\/em> externo, y pasar por caja claro. Pagaba IBM, pero no era ese el caso: <em>dongle<\/em> para toma de red, <em>dongle<\/em> para cada monitor (usaba dos), <em>dongle<\/em> para teclado, <em>dongle<\/em> para rat\u00f3n&#8230; Iba a acabar con un saco de <em>dongles<\/em>. Y en cuanto al software, tres cuartos de lo mismo: aplicaci\u00f3n para manejar m\u00faltiples sesiones de red simult\u00e1neamente, para visualizar carpetas al modo en que me gustaba, para tener un cliente gr\u00e1fico para las VPNs&#8230; todo a pasar por caja. As\u00ed que us\u00e9 el MacBook un par de semanas, y lo devolv\u00ed. Prefer\u00eda quedarme con mi ThinkPad con RedHat, que era una roca.<\/p>\n<p>Hasta ahora, y ya han pasado 8 a\u00f1os desde entonces, no me hab\u00eda planteado hacerme con nada de Apple. Me gustan los m\u00f3viles Android, y el en trabajo sigo teniendo un ThinkPad (un X13) con 16 GB de RAM y 1 TB de espacio en disco. M\u00e1s que de sobra para mis necesidades. Pero de un tiempo a esta parte, con la cosa de los drones, vengo haciendo bastante edici\u00f3n de v\u00eddeo, y ya se va notando que el ThinkPad, sobre todo cuando tiene que mover v\u00eddeo a 4K, se queda algo corto. Y m\u00e1s desde que en el trabajo andan metiendo gran cantidad de <em>bloatware<\/em> de control del equipo, lo que hace que cada vez se arrastre m\u00e1s miserablemente. Pero el caso es que no ve\u00eda la necesidad de comprarme un segundo port\u00e1til, y andar arrastrando dos cacharros por ah\u00ed.<\/p>\n<p>Y entonces fue cuando me recomendaron considerar los Mac Mini para estos temas. Ya con los M2 su rendimiento con DaVinci Resolve era m\u00e1s que notable, cu\u00e1nto m\u00e1s con los M4 sacados hace algunos meses. Y el caso es que las cr\u00edticas han sido buenas. Muy buenas. Y con un tama\u00f1o rid\u00edculo. Ya no necesitaba plantearme viajar con dos port\u00e1tiles, sino con un port\u00e1til, el de trabajo, y un equipo personal que casi cabe en la palma de la mano (vale, tengo manos de jugador de balonmano, pero es un equipo rid\u00edculamente compacto.<\/p>\n<figure id=\"attachment_5787\" aria-describedby=\"caption-attachment-5787\" style=\"width: 400px\" class=\"wp-caption aligncenter\"><a href=\"https:\/\/bitacora.eniac2000.com\/wp-content\/uploads\/2025\/06\/IMG_20250605_200042788.jpg\"><img loading=\"lazy\" decoding=\"async\" src=\"https:\/\/bitacora.eniac2000.com\/wp-content\/uploads\/2025\/06\/IMG_20250605_200042788-400x179.jpg\" alt=\"Caja del Mac Mini M4\" title=\"Caja del Mac Mini M4\" width=\"400\" height=\"179\" class=\"size-medium wp-image-5787\" \/><\/a><figcaption id=\"caption-attachment-5787\" class=\"wp-caption-text\">Caja del Mac Mini M4<\/figcaption><\/figure>\n<p>Adem\u00e1s, me enter\u00e9 de que Ana, por ser docente, ten\u00eda precios especiales en productos Apple. As\u00ed que me puse a mirarlo, y el M4 se me quedaba por debajo de los 600\u20ac. Dicho y hecho. No pod\u00eda dejarlo pasar. Y as\u00ed, 8 a\u00f1os despu\u00e9s, volv\u00ed a hacerme con un Mac. En este caso, el M4 de 16 GB de memoria, 10 <em>cores<\/em>, 10 GPUs, y 256 GB de espacio en disco.<\/p>\n<figure id=\"attachment_5788\" aria-describedby=\"caption-attachment-5788\" style=\"width: 400px\" class=\"wp-caption aligncenter\"><a href=\"https:\/\/bitacora.eniac2000.com\/wp-content\/uploads\/2025\/06\/IMG_20250605_202113997.jpg\"><img loading=\"lazy\" decoding=\"async\" src=\"https:\/\/bitacora.eniac2000.com\/wp-content\/uploads\/2025\/06\/IMG_20250605_202113997-400x179.jpg\" alt=\"Mac Mini M4 frente al ThinkPad de 13&#039;&#039;\" title=\"Mac Mini M4 frente al ThinkPad de 13&#039;&#039;\" width=\"400\" height=\"179\" class=\"size-medium wp-image-5788\" \/><\/a><figcaption id=\"caption-attachment-5788\" class=\"wp-caption-text\">Mac Mini M4 frente al ThinkPad de 13\u00bb<\/figcaption><\/figure>\n<p>Lo que son las cosas. Este equipo viene con 5 puertos USB-C, lo que a d\u00eda de hoy es una ventaja (aunque a\u00fan tengo que usar un adaptador de USB-C a USB convencional para el teclado y rat\u00f3n) fue lo que me ech\u00f3 para atr\u00e1s en el pasado. Aunque no exactamente. Algo han aprendido los de Apple, y el equipo viene con conector HDMI y Ethernet a 1 Gbps. Nada de <em>dongles<\/em>.<\/p>\n<figure id=\"attachment_5789\" aria-describedby=\"caption-attachment-5789\" style=\"width: 400px\" class=\"wp-caption aligncenter\"><a href=\"https:\/\/bitacora.eniac2000.com\/wp-content\/uploads\/2025\/06\/IMG_20250605_213132234.jpg\"><img loading=\"lazy\" decoding=\"async\" src=\"https:\/\/bitacora.eniac2000.com\/wp-content\/uploads\/2025\/06\/IMG_20250605_213132234-400x179.jpg\" alt=\"Mac Mini M4 con el DJI Neo conectado\" title=\"Mac Mini M4 con el DJI Neo conectado\" width=\"400\" height=\"179\" class=\"size-medium wp-image-5789\" \/><\/a><figcaption id=\"caption-attachment-5789\" class=\"wp-caption-text\">Mac Mini M4 con el DJI Neo conectado<\/figcaption><\/figure>\n<p>El equipo viene con el sistema operativo macOS Sequoia 15.5. Vuela. Y, la verdad, me gusta mucho m\u00e1s que el Windows 11 que ven\u00eda usando hasta ahora. Es de la familia UNIX, al fin y al cabo. Y con el gestor de terminal iTerm2 he recuperado el uso del terminal emergente tipo Quake que tanto echaba en falta&#8230; <img src=\"https:\/\/bitacora.eniac2000.com\/wp-includes\/images\/smilies\/mrgreen.png\" alt=\":mrgreen:\" class=\"wp-smiley\" style=\"height: 1em; max-height: 1em;\" \/> En cuanto al resto del software, estoy encantado. En este tiempo observo que hay mucho m\u00e1s software libre para Mac del que hab\u00eda hace 8 a\u00f1os, as\u00ed que todo lo que pod\u00eda necesitar, lo tengo a mi disposici\u00f3n.<\/p>\n<p>\u00bfY en el tema de edici\u00f3n de v\u00eddeo? Espectacular. Hago uso de DaVinci Resolve 20 (en el Windows ten\u00eda el 19), y vuela, incluso con edici\u00f3n de v\u00eddeo 4K. Es verdaderamente espectacular. Estoy enormemente contento con la compra.<\/p>\n<p>Y, por cierto, esta ha sido mi primera entrada hecha con el Mini M4. \ud83d\ude42<\/p>\n","protected":false},"excerpt":{"rendered":"<p>Una vez tuve un Mac. Fue en 2017, cuando a\u00fan<\/p>\n","protected":false},"author":1,"featured_media":0,"comment_status":"open","ping_status":"open","sticky":false,"template":"","format":"standard","meta":{"advanced_seo_description":"","jetpack_seo_html_title":"","jetpack_seo_noindex":false,"_jetpack_memberships_contains_paid_content":false,"footnotes":"","jetpack_publicize_message":"","jetpack_publicize_feature_enabled":true,"jetpack_social_post_already_shared":false,"jetpack_social_options":{"image_generator_settings":{"template":"highway","default_image_id":0,"font":"","enabled":false},"version":2}},"categories":[13],"tags":[121,507,1020,1021],"series":[],"class_list":["post-5786","post","type-post","status-publish","format-standard","hentry","category-informatica","tag-apple","tag-davinci-resolve","tag-mac-mini-m4","tag-macbook-pro"],"jetpack_publicize_connections":[],"jetpack_featured_media_url":"","jetpack_sharing_enabled":true,"_links":{"self":[{"href":"https:\/\/bitacora.eniac2000.com\/index.php?rest_route=\/wp\/v2\/posts\/5786","targetHints":{"allow":["GET"]}}],"collection":[{"href":"https:\/\/bitacora.eniac2000.com\/index.php?rest_route=\/wp\/v2\/posts"}],"about":[{"href":"https:\/\/bitacora.eniac2000.com\/index.php?rest_route=\/wp\/v2\/types\/post"}],"author":[{"embeddable":true,"href":"https:\/\/bitacora.eniac2000.com\/index.php?rest_route=\/wp\/v2\/users\/1"}],"replies":[{"embeddable":true,"href":"https:\/\/bitacora.eniac2000.com\/index.php?rest_route=%2Fwp%2Fv2%2Fcomments&post=5786"}],"version-history":[{"count":0,"href":"https:\/\/bitacora.eniac2000.com\/index.php?rest_route=\/wp\/v2\/posts\/5786\/revisions"}],"wp:attachment":[{"href":"https:\/\/bitacora.eniac2000.com\/index.php?rest_route=%2Fwp%2Fv2%2Fmedia&parent=5786"}],"wp:term":[{"taxonomy":"category","embeddable":true,"href":"https:\/\/bitacora.eniac2000.com\/index.php?rest_route=%2Fwp%2Fv2%2Fcategories&post=5786"},{"taxonomy":"post_tag","embeddable":true,"href":"https:\/\/bitacora.eniac2000.com\/index.php?rest_route=%2Fwp%2Fv2%2Ftags&post=5786"},{"taxonomy":"series","embeddable":true,"href":"https:\/\/bitacora.eniac2000.com\/index.php?rest_route=%2Fwp%2Fv2%2Fseries&post=5786"}],"curies":[{"name":"wp","href":"https:\/\/api.w.org\/{rel}","templated":true}]}}