{"id":5793,"date":"2025-07-04T15:06:12","date_gmt":"2025-07-04T14:06:12","guid":{"rendered":"https:\/\/bitacora.eniac2000.com\/?p=5793"},"modified":"2025-07-04T15:06:12","modified_gmt":"2025-07-04T14:06:12","slug":"cancion-del-dia-xlv","status":"publish","type":"post","link":"https:\/\/bitacora.eniac2000.com\/?p=5793","title":{"rendered":"Canci\u00f3n del d\u00eda (XLV)"},"content":{"rendered":"<p>No podr\u00eda decir cu\u00e1ndo fue la primera vez que escuch\u00e9 a Georges Moustaki, pero es seguro que tuvo que ser muy, muy pronto. S\u00ed puedo decir, sin embargo, que hab\u00eda un tema en concreto suyo que me resultaba extra\u00f1amente familiar. Y recuerdo la divertida sonrisa de mi padre cuando se lo coment\u00e9. Y su respuesta fue algo as\u00ed como \u00abes porque es la canci\u00f3n que te tarareaba como nana\u00bb. Esa canci\u00f3n no era otra que la siguiente:<\/p>\n<p><iframe loading=\"lazy\" width=\"800\" height=\"450\" src=\"https:\/\/www.youtube.com\/embed\/gGeFEBKits0?si=hFJB8QGV7eA8NY6p\" title=\"YouTube video player\" frameborder=\"0\" allow=\"accelerometer; autoplay; clipboard-write; encrypted-media; gyroscope; picture-in-picture; web-share\" referrerpolicy=\"strict-origin-when-cross-origin\" allowfullscreen><\/iframe><\/p>\n<p><strong>Georges Moustaki &#8211; Marche de Sacco et Vanzetti<\/strong><\/p>\n<p>La Marcha de Sacco y Vanzetti no es sino la versi\u00f3n del cantautor franco-griego-egipcio Georges Moustaki, basada en el tema original compuesto por Joan Baez y Ennio Morricone (casi nada al aparato) para la pel\u00edcula de 1971 Sacco &#038; Vanzetti, que narra la historia de dos trabajadores y anarquistas italianos condenados a muerte y ejecutados por terrorismo anarquista en la Estados Unidos de los a\u00f1os 20 del siglo XX, sobre cuyo juicio siempre se tuvo la sospecha de que estuvo fuertemente influenciado por sentimientos antiitalianos, antiinmigrantes y antianarquistas en fiscal, juez y jurado.<\/p>\n<p>La canci\u00f3n original pronto se convirti\u00f3 en un himno anarquista y proletario, como as\u00ed lo hizo la versi\u00f3n de Georges Moustaki, que en algunas interpretaciones llega a mezclar franc\u00e9s con ingl\u00e9s y espa\u00f1ol.<\/p>\n<p>Joan Baez, Ennio Morricone y Georges Moustaki. No le puedo negar el buen criterio a mi padre a la hora de escoger nanas para su primog\u00e9nito&#8230;<\/p>\n","protected":false},"excerpt":{"rendered":"<p>No podr\u00eda decir cu\u00e1ndo fue la primera vez que escuch\u00e9<\/p>\n","protected":false},"author":1,"featured_media":0,"comment_status":"open","ping_status":"open","sticky":false,"template":"","format":"standard","meta":{"advanced_seo_description":"","jetpack_seo_html_title":"","jetpack_seo_noindex":false,"_jetpack_memberships_contains_paid_content":false,"footnotes":"","jetpack_publicize_message":"","jetpack_publicize_feature_enabled":true,"jetpack_social_post_already_shared":false,"jetpack_social_options":{"image_generator_settings":{"template":"highway","default_image_id":0,"font":"","enabled":false},"version":2}},"categories":[20],"tags":[312,603,724,883,1460],"series":[],"class_list":["post-5793","post","type-post","status-publish","format-standard","hentry","category-vida-corriente","tag-cancion-del-dia","tag-ennio-morricone","tag-georges-moustaki","tag-joan-baez","tag-sacco-e-vanzetti"],"jetpack_publicize_connections":[],"jetpack_featured_media_url":"","jetpack_sharing_enabled":true,"_links":{"self":[{"href":"https:\/\/bitacora.eniac2000.com\/index.php?rest_route=\/wp\/v2\/posts\/5793","targetHints":{"allow":["GET"]}}],"collection":[{"href":"https:\/\/bitacora.eniac2000.com\/index.php?rest_route=\/wp\/v2\/posts"}],"about":[{"href":"https:\/\/bitacora.eniac2000.com\/index.php?rest_route=\/wp\/v2\/types\/post"}],"author":[{"embeddable":true,"href":"https:\/\/bitacora.eniac2000.com\/index.php?rest_route=\/wp\/v2\/users\/1"}],"replies":[{"embeddable":true,"href":"https:\/\/bitacora.eniac2000.com\/index.php?rest_route=%2Fwp%2Fv2%2Fcomments&post=5793"}],"version-history":[{"count":0,"href":"https:\/\/bitacora.eniac2000.com\/index.php?rest_route=\/wp\/v2\/posts\/5793\/revisions"}],"wp:attachment":[{"href":"https:\/\/bitacora.eniac2000.com\/index.php?rest_route=%2Fwp%2Fv2%2Fmedia&parent=5793"}],"wp:term":[{"taxonomy":"category","embeddable":true,"href":"https:\/\/bitacora.eniac2000.com\/index.php?rest_route=%2Fwp%2Fv2%2Fcategories&post=5793"},{"taxonomy":"post_tag","embeddable":true,"href":"https:\/\/bitacora.eniac2000.com\/index.php?rest_route=%2Fwp%2Fv2%2Ftags&post=5793"},{"taxonomy":"series","embeddable":true,"href":"https:\/\/bitacora.eniac2000.com\/index.php?rest_route=%2Fwp%2Fv2%2Fseries&post=5793"}],"curies":[{"name":"wp","href":"https:\/\/api.w.org\/{rel}","templated":true}]}}