{"id":5815,"date":"2025-07-18T10:14:06","date_gmt":"2025-07-18T09:14:06","guid":{"rendered":"https:\/\/bitacora.eniac2000.com\/?p=5815"},"modified":"2025-10-04T20:13:42","modified_gmt":"2025-10-04T18:13:42","slug":"caballos-salvajes-en-monte-seixo-a-vista-de-dron-27042025-dji-mini-3-pro","status":"publish","type":"post","link":"https:\/\/bitacora.eniac2000.com\/?p=5815","title":{"rendered":"Caballos Salvajes en Monte Seixo a vista de Dron (27\/04\/2025) | DJI Mini 3 Pro"},"content":{"rendered":"<p><iframe loading=\"lazy\" width=\"800\" height=\"450\" src=\"https:\/\/www.youtube.com\/embed\/ARiM-8wmnOc?si=LRzDl5I64RXJlH9o\" title=\"YouTube video player\" frameborder=\"0\" allow=\"accelerometer; autoplay; clipboard-write; encrypted-media; gyroscope; picture-in-picture; web-share\" referrerpolicy=\"strict-origin-when-cross-origin\" allowfullscreen><\/iframe><\/p>\n<p>El 27 de abril subimos a Monte Seixo a disfrutar de una estupenda ma\u00f1ana de primavera. El aire fresco y el aroma de la vegetaci\u00f3n nos envolv\u00edan mientras ascend\u00edamos por los senderos rodeados de tojos y helechos. Al llegar cerca de la ermita de Santa Mar\u00eda del Seixo, nos sorprendi\u00f3 la presencia majestuosa de una manada de caballos salvajes que pastaban tranquilamente en las praderas. Con el DJI Mini 3 Pro en mano, capturamos im\u00e1genes a\u00e9reas que muestran la libertad y belleza de estos animales en plena naturaleza gallega, galopando entre las rocas de granito y el verde intenso del paisaje. La luz suave de la ma\u00f1ana realza cada detalle, desde el movimiento de sus crines hasta la textura del terreno, creando una experiencia visual \u00fanica que invita a conectar con la esencia salvaje de Galicia.<br \/>\n&#8212;&#8212;&#8212;&#8212;<br \/>\nOn April 27th, we climbed Monte Seixo to enjoy a splendid spring morning. The fresh air and the scent of vegetation surrounded us as we walked along paths lined with gorse and ferns. Near the chapel of Santa Mar\u00eda del Seixo, we were astonished by the majestic presence of a herd of wild horses peacefully grazing in the meadows. With the DJI Mini 3 Pro in hand, we captured aerial footage showcasing the freedom and beauty of these animals in the heart of Galician nature, galloping among granite rocks and the lush green landscape. The soft morning light highlights every detail, from the movement of their manes to the texture of the terrain, creating a unique visual experience that invites you to connect with the wild spirit of Galicia.<br \/>\n&#8212;&#8212;&#8212;&#8211;<\/p>\n<p>M\u00fasica:<br \/>\nInto The Wilds by Scott Buckley | https:\/\/soundcloud.com\/scottbuckley<br \/>\nMusic promoted by https:\/\/www.free-stock-music.com<br \/>\nCreative Commons \/ Attribution 4.0 International (CC BY 4.0)<br \/>\nhttps:\/\/creativecommons.org\/licenses\/by\/4.0\/<\/p>\n<p>#MonteSeixo #pontevedra  #wildhorses  #djimini3pro  #galicia  #RapaDasBestas<\/p>\n","protected":false},"excerpt":{"rendered":"<p>El 27 de abril subimos a Monte Seixo a disfrutar<\/p>\n","protected":false},"author":1,"featured_media":0,"comment_status":"open","ping_status":"open","sticky":false,"template":"","format":"standard","meta":{"advanced_seo_description":"","jetpack_seo_html_title":"","jetpack_seo_noindex":false,"_jetpack_memberships_contains_paid_content":false,"footnotes":"","jetpack_publicize_message":"","jetpack_publicize_feature_enabled":true,"jetpack_social_post_already_shared":false,"jetpack_social_options":{"image_generator_settings":{"template":"highway","default_image_id":0,"font":"","enabled":false},"version":2}},"categories":[20],"tags":[537,551,1118],"series":[],"class_list":["post-5815","post","type-post","status-publish","format-standard","hentry","category-vida-corriente","tag-dji-mini-3-pro","tag-dron","tag-monte-seixo"],"jetpack_publicize_connections":[],"jetpack_featured_media_url":"","jetpack_sharing_enabled":true,"_links":{"self":[{"href":"https:\/\/bitacora.eniac2000.com\/index.php?rest_route=\/wp\/v2\/posts\/5815","targetHints":{"allow":["GET"]}}],"collection":[{"href":"https:\/\/bitacora.eniac2000.com\/index.php?rest_route=\/wp\/v2\/posts"}],"about":[{"href":"https:\/\/bitacora.eniac2000.com\/index.php?rest_route=\/wp\/v2\/types\/post"}],"author":[{"embeddable":true,"href":"https:\/\/bitacora.eniac2000.com\/index.php?rest_route=\/wp\/v2\/users\/1"}],"replies":[{"embeddable":true,"href":"https:\/\/bitacora.eniac2000.com\/index.php?rest_route=%2Fwp%2Fv2%2Fcomments&post=5815"}],"version-history":[{"count":1,"href":"https:\/\/bitacora.eniac2000.com\/index.php?rest_route=\/wp\/v2\/posts\/5815\/revisions"}],"predecessor-version":[{"id":5881,"href":"https:\/\/bitacora.eniac2000.com\/index.php?rest_route=\/wp\/v2\/posts\/5815\/revisions\/5881"}],"wp:attachment":[{"href":"https:\/\/bitacora.eniac2000.com\/index.php?rest_route=%2Fwp%2Fv2%2Fmedia&parent=5815"}],"wp:term":[{"taxonomy":"category","embeddable":true,"href":"https:\/\/bitacora.eniac2000.com\/index.php?rest_route=%2Fwp%2Fv2%2Fcategories&post=5815"},{"taxonomy":"post_tag","embeddable":true,"href":"https:\/\/bitacora.eniac2000.com\/index.php?rest_route=%2Fwp%2Fv2%2Ftags&post=5815"},{"taxonomy":"series","embeddable":true,"href":"https:\/\/bitacora.eniac2000.com\/index.php?rest_route=%2Fwp%2Fv2%2Fseries&post=5815"}],"curies":[{"name":"wp","href":"https:\/\/api.w.org\/{rel}","templated":true}]}}