{"id":601,"date":"2007-04-17T00:04:15","date_gmt":"2007-04-16T22:04:15","guid":{"rendered":"http:\/\/bitacora.eniac2000.com\/?p=601"},"modified":"2025-10-11T00:01:15","modified_gmt":"2025-10-10T22:01:15","slug":"cronica-del-camino-frances-dia-1","status":"publish","type":"post","link":"https:\/\/bitacora.eniac2000.com\/?p=601","title":{"rendered":"Cr\u00f3nica del Camino Franc\u00e9s: D\u00eda 1"},"content":{"rendered":"<div class=\"seriesmeta\">Esta entrada es la parte 1 de 5 de la serie <a href=\"https:\/\/bitacora.eniac2000.com\/?series=camino-de-santiago-2007\" class=\"series-1828\" title=\"Camino de Santiago 2007\">Camino de Santiago 2007<\/a><\/div><p>La tercera vez que realizaba el Camino de Santiago, siendo esta vez por el ramal Franc\u00e9s, empez\u00f3 con tristeza y con incertidumbre. Tristeza porque, de las tres patas del banco, una de ellas se ca\u00eda, y nunca mejor dicho, el fin de semana anterior a la salida. Pablo, con el que llevaba planeando desde finales de verano de 2006 esta magn\u00edfica aventura, sufr\u00eda una inoportuna lesi\u00f3n de rodilla fruto de una mala ca\u00edda <em>en<\/em> la bici. As\u00ed que finalmente s\u00f3lo qued\u00e1bamos dos intr\u00e9pidos ciclistas para afrontar los algo m\u00e1s de 200 kil\u00f3metros que separan Ponferrada de Santiago de Compostela.<\/p>\n<p><figure class=\"wp-block-piwigo-gallery-single-image piwigo-single-image\"><a href=\"https:\/\/www.eniac2000.com\/piwigo\/picture.php?\/1102\" target=\"_blank\" rel=\"noopener noreferrer\"><img decoding=\"async\" src=\"https:\/\/www.eniac2000.com\/piwigo\/_data\/i\/galleries\/albums\/2007-04-camino-frances\/fotografias-javi\/DSC08475-me.JPG\" alt=\"DSC08475\" \/><\/a><figcaption><strong>DSC08475<\/strong><\/figcaption><\/figure><br \/>\n<strong>Fran y Javi en la estaci\u00f3n de Virgen del Roc\u00edo (Sevilla)<\/strong><\/p>\n<p>En cuanto a la incertidumbre, \u00e9sta ven\u00eda marcada por las inclemencias meteorol\u00f3gicas. El tiempo llevaba toda la semana siendo no s\u00f3lo desapacible, sino francamente hostil. Nieve, y fr\u00edo se adivinaban desde las neblinosas vistas que ofrec\u00eda una c\u00e1mara web emplezada en Cebreiro, y cuando la vista era clara, no era mucho mejor: nieve, nieve y m\u00e1s nieve. Pero era tarde para volverse atr\u00e1s. Todo estaba ya dispuesto, y no cab\u00eda sino seguir hacia delante. Sin embargo, antes de empezar a dar pedales, habr\u00eda que afrontar una dura prueba en forma de once horas de autob\u00fas hasta el punto de partida. Sin duda, algo que amendrantar\u00eda a m\u00e1s de uno.<\/p>\n<p>Once horas que, a la postre, se convirtieron en doce. Y que dieron para mucho: ventolera en Sevilla, lluvias torrenciales en C\u00e1ceres, fr\u00edo cortante en Salamanca, un amanecer lluvioso en Zamora, y una ma\u00f1ana magn\u00edfica en La Ba\u00f1eza (donde, incre\u00edble, pudimos disfrutar de un molletes \u00bfde Antequera? con aceite de oliva aceptables) y en Ponferrada.<\/p>\n<p><figure class=\"wp-block-piwigo-gallery-single-image piwigo-single-image\"><a href=\"https:\/\/www.eniac2000.com\/piwigo\/picture.php?\/1112\" target=\"_blank\" rel=\"noopener noreferrer\"><img decoding=\"async\" src=\"https:\/\/www.eniac2000.com\/piwigo\/_data\/i\/galleries\/albums\/2007-04-camino-frances\/fotografias-javi\/DSC08485-me.JPG\" alt=\"DSC08485\" \/><\/a><figcaption><strong>DSC08485<\/strong><\/figcaption><\/figure><br \/>\n<strong>Castillo templario de Ponferrada<\/strong><\/p>\n<p>Ponferrada, nuestro lugar de partida. Desde el albergue de peregrinos la distancia marcada hasta Santiago era de 202&#8217;5 km. Nosotros, a la postre, har\u00edamos algo m\u00e1s, dado que tuvimos que recorrer parte del Camino en direcci\u00f3n contraria hasta el albergue de peregrinos, a fin de sellar por vez primera en el Camino las credenciales. Hecho que nos proporcion\u00f3, a la postre, la posibilidad de contemplar el castillo templario de la ciudad, as\u00ed como tener una <em>interesante<\/em> charla con un se\u00f1or en el albergue, que se quejaba de la banalizaci\u00f3n del Camino, y que amenazaba con una futura reforma de los requisitos para obtener la Compostela, elevando el kilometraje requerido hasta los 1000 kil\u00f3metros. Por esa vez nos \u00edbamos a escapar, pero para la siguiente ya se ver\u00eda.<\/p>\n<p>Empezamos el Camino con fuerza, con mucha fuerza. Se notaba que ten\u00edamos ganas de estirar las piernas tras el pesado viaje en autob\u00fas. Adem\u00e1s, el perfil pr\u00e1cticamente plano de la etapa, en este comienzo, animaba a ello. Parec\u00eda que m\u00e1s que en bicicletas estuvi\u00e9ramos montados en otra cosa:<\/p>\n<p><figure class=\"wp-block-piwigo-gallery-single-image piwigo-single-image\"><a href=\"https:\/\/www.eniac2000.com\/piwigo\/picture.php?\/1311\" target=\"_blank\" rel=\"noopener noreferrer\"><img decoding=\"async\" src=\"https:\/\/www.eniac2000.com\/piwigo\/_data\/i\/galleries\/albums\/2007-04-camino-frances\/fotografias_fran\/Imagen003-me.jpg\" alt=\"Imagen003\" \/><\/a><figcaption><strong>Imagen003<\/strong><\/figcaption><\/figure><br \/>\n<strong>Ferrari en Cacabelos<\/strong><\/p>\n<p>\u00bfQu\u00e9 hac\u00eda un Ferrari en Cacabelos? La respuesta llegar\u00eda el Martes Santo, en Santiago. Hab\u00eda una concentraci\u00f3n de Ferraris por el 60\u00ba aniversario de la creaci\u00f3n del primer Ferrari de competici\u00f3n. Tras deleitarnos un rato con las vistas, seguimos hacia delante.<\/p>\n<p>Algunos kil\u00f3metros despu\u00e9s llegamos a la primera <em>tachuela<\/em> del Camino, poco antes de Villafranca del Bierzo. Tachuela que se me atragant\u00f3 de mala manera, ya que sufr\u00ed dos amagos de tirones, en el gemelo derecho, y un mastuerzo en todoterreno se quiso pelear conmigo porque, en plena subida, por el cansancio, hice oscilar la bici m\u00e1s de la cuenta y le asust\u00e9. Tras unas recias palabras, la cosa no lleg\u00f3 a mayores.<\/p>\n<p><figure class=\"wp-block-piwigo-gallery-single-image piwigo-single-image\"><a href=\"https:\/\/www.eniac2000.com\/piwigo\/picture.php?\/1316\" target=\"_blank\" rel=\"noopener noreferrer\"><img decoding=\"async\" src=\"https:\/\/www.eniac2000.com\/piwigo\/_data\/i\/galleries\/albums\/2007-04-camino-frances\/fotografias_fran\/Imagen008-me.jpg\" alt=\"Imagen008\" \/><\/a><figcaption><strong>Imagen008<\/strong><\/figcaption><\/figure><br \/>\n<strong>Entrada de Villafranca del Bierzo<\/strong><\/p>\n<p>La llegada a Villafranca del Bierzo no pudo ser m\u00e1s oportuna. A la hora de comer, y cuando un sospechoso viento arrastraba desde las cercanas monta\u00f1as unas nubes con -se ve\u00eda a la legua- aviesas intenciones. En el albergue de peregrinos nos indicaron que podr\u00edamos disfrutar de una excelente comida en el restaurante \u00abLa Puerta del Perd\u00f3n\u00bb, y acertaron de lleno. <\/p>\n<p><figure class=\"wp-block-piwigo-gallery-single-image piwigo-single-image\"><a href=\"https:\/\/www.eniac2000.com\/piwigo\/picture.php?\/1123\" target=\"_blank\" rel=\"noopener noreferrer\"><img decoding=\"async\" src=\"https:\/\/www.eniac2000.com\/piwigo\/_data\/i\/galleries\/albums\/2007-04-camino-frances\/fotografias-javi\/DSC08496-me.JPG\" alt=\"DSC08496\" \/><\/a><figcaption><strong>DSC08496<\/strong><\/figcaption><\/figure><br \/>\n<strong>Almuerzo en La Puerta del Perd\u00f3n<\/strong><\/p>\n<p>Tuvimos la oportunidad de compartir mesa y mantel con otros dos peregrinos, un jiennense y un vallisoletano que nos advirtieron, por cierto, de que el albergue de Cebreiro, donde ten\u00edamos intenci\u00f3n de hacer noche, se encontraba cerrado por obras. Negros nubarrones, s\u00ed, bajaban desde Cebreiro, y no s\u00f3lo en lo climatol\u00f3gico. \u00bfQu\u00e9 hacer? Nos apuntaron dos posibilidades: la primera, para en Ruitel\u00e1n, en un buen albergue privado, antes de la subida. La segunda, seguir hasta Li\u00f1ares, despu\u00e9s de Cebreiro, y hacer noche en Casa Jaime, buen sitio. Dejamos la decisi\u00f3n para mas adelante. Apenas eran las tres de la tarde y nos encontr\u00e1bamos fuertes. Y hab\u00eda empezado a llover.<\/p>\n","protected":false},"excerpt":{"rendered":"<div class=\"seriesmeta\">Esta entrada es la parte 1 de 5 de la serie <a href=\"https:\/\/bitacora.eniac2000.com\/?series=camino-de-santiago-2007\" class=\"series-1828\" title=\"Camino de Santiago 2007\">Camino de Santiago 2007<\/a><\/div><p>La tercera vez que realizaba el Camino de Santiago, siendo<\/p>\n","protected":false},"author":1,"featured_media":0,"comment_status":"open","ping_status":"open","sticky":false,"template":"","format":"standard","meta":{"advanced_seo_description":"","jetpack_seo_html_title":"","jetpack_seo_noindex":false,"_jetpack_memberships_contains_paid_content":false,"footnotes":"","jetpack_publicize_message":"","jetpack_publicize_feature_enabled":true,"jetpack_social_post_already_shared":false,"jetpack_social_options":{"image_generator_settings":{"template":"highway","default_image_id":0,"font":"","enabled":false},"version":2}},"categories":[2],"tags":[],"series":[1828],"class_list":["post-601","post","type-post","status-publish","format-standard","hentry","category-camino-de-santiago","series-camino-de-santiago-2007"],"jetpack_publicize_connections":[],"jetpack_featured_media_url":"","jetpack_sharing_enabled":true,"_links":{"self":[{"href":"https:\/\/bitacora.eniac2000.com\/index.php?rest_route=\/wp\/v2\/posts\/601","targetHints":{"allow":["GET"]}}],"collection":[{"href":"https:\/\/bitacora.eniac2000.com\/index.php?rest_route=\/wp\/v2\/posts"}],"about":[{"href":"https:\/\/bitacora.eniac2000.com\/index.php?rest_route=\/wp\/v2\/types\/post"}],"author":[{"embeddable":true,"href":"https:\/\/bitacora.eniac2000.com\/index.php?rest_route=\/wp\/v2\/users\/1"}],"replies":[{"embeddable":true,"href":"https:\/\/bitacora.eniac2000.com\/index.php?rest_route=%2Fwp%2Fv2%2Fcomments&post=601"}],"version-history":[{"count":1,"href":"https:\/\/bitacora.eniac2000.com\/index.php?rest_route=\/wp\/v2\/posts\/601\/revisions"}],"predecessor-version":[{"id":10967,"href":"https:\/\/bitacora.eniac2000.com\/index.php?rest_route=\/wp\/v2\/posts\/601\/revisions\/10967"}],"wp:attachment":[{"href":"https:\/\/bitacora.eniac2000.com\/index.php?rest_route=%2Fwp%2Fv2%2Fmedia&parent=601"}],"wp:term":[{"taxonomy":"category","embeddable":true,"href":"https:\/\/bitacora.eniac2000.com\/index.php?rest_route=%2Fwp%2Fv2%2Fcategories&post=601"},{"taxonomy":"post_tag","embeddable":true,"href":"https:\/\/bitacora.eniac2000.com\/index.php?rest_route=%2Fwp%2Fv2%2Ftags&post=601"},{"taxonomy":"series","embeddable":true,"href":"https:\/\/bitacora.eniac2000.com\/index.php?rest_route=%2Fwp%2Fv2%2Fseries&post=601"}],"curies":[{"name":"wp","href":"https:\/\/api.w.org\/{rel}","templated":true}]}}