{"id":602,"date":"2007-04-17T22:43:51","date_gmt":"2007-04-17T20:43:51","guid":{"rendered":"http:\/\/bitacora.eniac2000.com\/?p=602"},"modified":"2025-10-11T00:01:23","modified_gmt":"2025-10-10T22:01:23","slug":"cronica-del-camino-frances-dia-1-y-ii","status":"publish","type":"post","link":"https:\/\/bitacora.eniac2000.com\/?p=602","title":{"rendered":"Cr\u00f3nica del Camino Franc\u00e9s: D\u00eda 1 (y II)"},"content":{"rendered":"<div class=\"seriesmeta\">Esta entrada es la parte 2 de 5 de la serie <a href=\"https:\/\/bitacora.eniac2000.com\/?series=camino-de-santiago-2007\" class=\"series-1828\" title=\"Camino de Santiago 2007\">Camino de Santiago 2007<\/a><\/div><p>Efectivamente, hab\u00eda empezado a llover. No era una lluvia muy intensa, pero lo suficiente como para forzarnos a sacar los impermeables. El Camino se estaba empezando a complicar, y mucho antes de lo esperado. A\u00fan cont\u00e1bamos con disponer de 16 kil\u00f3metros de tregua, en terreno pr\u00e1cticamente plano antes de acometer la pared de 690 metros de ascenso en tan s\u00f3lo 9 kil\u00f3metros. Pero esos 16 kil\u00f3metros tampoco fueron, a la postre, ning\u00fan paseo. Lluvia y viento de cara dificultaban el pedaleo, de tal manera que incluso en zonas de descenso nos ve\u00edamos forzados a pedalear de firme para poder avanzar. La subida, desde Ruitel\u00e1n, se adivinaba dura. Muy dura.<\/p>\n<p><figure class=\"wp-block-piwigo-gallery-single-image piwigo-single-image\"><a href=\"https:\/\/www.eniac2000.com\/piwigo\/picture.php?\/1125\" target=\"_blank\" rel=\"noopener noreferrer\"><img decoding=\"async\" src=\"https:\/\/www.eniac2000.com\/piwigo\/_data\/i\/galleries\/albums\/2007-04-camino-frances\/fotografias-javi\/DSC08498-me.JPG\" alt=\"DSC08498\" \/><\/a><figcaption><strong>DSC08498<\/strong><\/figcaption><\/figure><br \/>\n<strong>Fran afrontando la primera pared<\/strong><\/p>\n<p>La subida fue atroz. Hab\u00edamos calculado unas dos horas, para salvar los 9 kil\u00f3metros que nos separaban de Cebreiro, y finalizar la etapa en torno a las 19:30h. Empleamos casi tres horas en el recorrido, que opon\u00eda paredes (<em>pat\u00e1senelpecho<\/em>) con rampas del 20%, viento en contra y fr\u00edo, mucho fr\u00edo. Y eso que nos decidimos a seguir la carretera, algo m\u00e1s c\u00f3moda, y evitar la senda de peregrinos, con fama de ser mucho m\u00e1s dura y dif\u00edcil, en especial con agua y barro, como era el caso.<\/p>\n<p><figure class=\"wp-block-piwigo-gallery-single-image piwigo-single-image\"><a href=\"https:\/\/www.eniac2000.com\/piwigo\/picture.php?\/1126\" target=\"_blank\" rel=\"noopener noreferrer\"><img decoding=\"async\" src=\"https:\/\/www.eniac2000.com\/piwigo\/_data\/i\/galleries\/albums\/2007-04-camino-frances\/fotografias-javi\/DSC08499-me.JPG\" alt=\"DSC08499\" \/><\/a><figcaption><strong>DSC08499<\/strong><\/figcaption><\/figure><br \/>\n<strong>Bifurcaci\u00f3n del Camino en senda y carretera<\/strong><\/p>\n<p>Entre bromas, record\u00e1bamos c\u00f3mo hab\u00edamos visto Cebreiro nevada a trav\u00e9s de la webcam de la RTVG, y Fran se lamentaba por no haberla podido ver en vivo. Apenas, coment\u00e1bamos, quedaba un poquito en lo alto de la monta\u00f1a m\u00e1s alta que se ve\u00eda al fondo, y brome\u00e1bamos con que ser\u00eda brutal que lleg\u00e1ramos hasta esa altura. Llegamos:<\/p>\n<p><figure class=\"wp-block-piwigo-gallery-single-image piwigo-single-image\"><a href=\"https:\/\/www.eniac2000.com\/piwigo\/picture.php?\/1130\" target=\"_blank\" rel=\"noopener noreferrer\"><img decoding=\"async\" src=\"https:\/\/www.eniac2000.com\/piwigo\/_data\/i\/galleries\/albums\/2007-04-camino-frances\/fotografias-javi\/DSC08503-me.JPG\" alt=\"DSC08503\" \/><\/a><figcaption><strong>DSC08503<\/strong><\/figcaption><\/figure><br \/>\n<strong>Nieve en la carretera<\/strong><\/p>\n<p>Si bien es verdad que en realidad <a href=\"http:\/\/bitacora.eniac2000.com\/wp-gallery2.php?g2_view=core.ShowItem&#038;g2_itemId=9597\">no era para tanto<\/a>. Al menos, aquel d\u00eda. Sin embargo, el fr\u00edo era enormemente cortante, y la subida parec\u00eda no acabar nunca. Especialmente porque hab\u00edamos advertido una curiosa discrepancia entre nuestros cuentakil\u00f3metros (que marcaban aproximadamente lo mismo) y la gu\u00eda y el libro de ruta que llev\u00e1bamos (que tambi\u00e9n coincid\u00edan entre s\u00ed). Por lo que se ve\u00eda, no s\u00f3lo a nosotros se nos estaban haciendo muy larga la etapa.<\/p>\n<p>Y sin embargo, coronamos el puerto. Puerto que se encontraba completamente pelado, salvo por unos peque\u00f1os arbolitos. Qu\u00e9 bonitos, con nieve y todo, como en las postales. Pero no. No era nieve. Cuando nos acercamos un poco m\u00e1s, pudimos ver que en realidad se encontraban helados, con car\u00e1mbanos colgando y todo. Ni \u00e1nimo para echarles una foto nos qued\u00f3. Y as\u00ed hicimos la entrada triunfal en la aldea de Cebreiro. El fr\u00edo era cortante y negros nubarrones amenazaban con volver a descargar sobre nosotros. El albergue, efectivamente, se encontraba cerrado, y en toda la aldea, un polo tur\u00edstico de primer orden en la zona, no quedaba ni una sola habitaci\u00f3n libre.<\/p>\n<p>Nos est\u00e1bamos pelando de fr\u00edo, y no ten\u00edamos donde caer muertos. Ni \u00e1nimo para echar unas fotos, ni para una peque\u00f1a posada que hab\u00eda pactado con Pablo ante la webcam de Cebreiro (con idea de colgarla a posteriori) nos quedaba. Y suerte que contaba con unas bolsas de calor qu\u00edmico (una de ellas regalada, tiempo ha, por mi buen amigo Jose Jaquotot) que nos permitieron entrar en calor. De esta manera afrontamos la \u00fanica soluci\u00f3n posible: prolongar la etapa y seguir avanzando.<\/p>\n<p>La siguiente aldea ten\u00eda como nombre Li\u00f1ares, y sab\u00edamos que all\u00ed habia una buena casa rural. Lamenteblemente, tambi\u00e9n se hallaba completa. Las vacaciones de Semana Santa estaban haciendo estragos. De nuevo nos ve\u00edamos forzados a reemprender la ruta. Eran ya casi las 21:00h y hab\u00eda empezado a nevar, as\u00ed como a bajar una sospechosa niebla que amenazaba con envolvernos totalmente. La situaci\u00f3n, o eso cre\u00edamos, no pod\u00eda ser m\u00e1s dram\u00e1tica. La pr\u00f3xima parada era Hospital de la Condesa, con albergue de peregrinos. Confi\u00e1bamos en tener algo m\u00e1s de suerte. Esquiva suerte: el albergue no s\u00f3lo se hallaba completo, sino que hab\u00eda gente durmiendo por los suelos, con aislantes. \u00bfQu\u00e9 hacer? Un se\u00f1or mayor, que parec\u00eda hacer las veces de hospitalero, o que acud\u00eda al albergue en busca de conversaci\u00f3n, me coment\u00f3 que a la salida de la aldea hab\u00eda un restaurante que ten\u00eda habitaciones. Quiz\u00e1s all\u00ed pudi\u00e9ramos encontrar algo. Y si no, la alternativa era seguir hasta Fonfr\u00eda, a unos 6 kil\u00f3metros de all\u00ed. Desesperanzado, le transmit\u00ed las malas nuevas a Fran. El alma se nos cay\u00f3 a los pies. Segu\u00eda nevando, la niebla bajando y estaba cada vez m\u00e1s oscuro: hab\u00eda pasando ampliamente las 21:00h.<\/p>\n<p>Y sin embargo, la suerte nos cambi\u00f3. Fran entr\u00f3 a preguntar en el restaurante, Mes\u00f3n \u00abO Tear\u00bb, y debi\u00f3 de poner tal cara de pena, que la chica que se encontraba al cargo accedi\u00f3 a abrirnos las habitaciones, pese a que, como nos dijo, en realidad no abr\u00edan hasta el d\u00eda siguiente y se encontraban all\u00ed por casualidad, preparando las habitaciones. Pero que no dispon\u00edan de nada que comer, pues no hac\u00eda acopio de alimentos hasta el d\u00eda siguiente. No era problema, aquello nos son\u00f3 a m\u00fasica celestial. Y aparte, llev\u00e1bamos raciones de comida energ\u00e9tica, para casos de emergencia. Al menos aquella noche podr\u00edamos dormir calientes en las dos \u00fanicas habitaciones que ten\u00edan disponibles.<\/p>\n<p><figure class=\"wp-block-piwigo-gallery-single-image piwigo-single-image\"><a href=\"https:\/\/www.eniac2000.com\/piwigo\/picture.php?\/1326\" target=\"_blank\" rel=\"noopener noreferrer\"><img decoding=\"async\" src=\"https:\/\/www.eniac2000.com\/piwigo\/_data\/i\/galleries\/albums\/2007-04-camino-frances\/fotografias_fran\/Imagen018-me.jpg\" alt=\"Imagen018\" \/><\/a><figcaption><strong>Imagen018<\/strong><\/figcaption><\/figure><br \/>\n<strong>Habitaci\u00f3n de Fran<\/strong><\/p>\n<p>La etapa hab\u00eda terminado. Hab\u00eda sido larga, dura, dif\u00edcil y con climatolog\u00eda tremendamente adversa. Pero lo peor de todo el Camino hab\u00eda pasado. Una ducha bien caliente y un masaje con alcohol de romero, poco despu\u00e9s, hicieron maravillas. Y adem\u00e1s, tuvimos la agradable sorpresa de que la chica del mes\u00f3n consigui\u00f3 hacerse con algo de pan, embutidos y queso para preparnos unos bocadillos. Hay cosas, desde luego, que no se pueden pagar con dinero. Fuera la ventisca segu\u00eda arreciando. \u00bfCon qu\u00e9 sorpresas nos encontrar\u00edamos al d\u00eda siguiente?<\/p>\n<p><figure class=\"wp-block-piwigo-gallery-single-image piwigo-single-image\"><a href=\"https:\/\/www.eniac2000.com\/piwigo\/picture.php?\/1141\" target=\"_blank\" rel=\"noopener noreferrer\"><img decoding=\"async\" src=\"https:\/\/www.eniac2000.com\/piwigo\/_data\/i\/galleries\/albums\/2007-04-camino-frances\/fotografias-javi\/DSC08514-me.JPG\" alt=\"DSC08514\" \/><\/a><figcaption><strong>DSC08514<\/strong><\/figcaption><\/figure><br \/>\n<strong>Telar que daba nombre al sitio<\/strong><\/p>\n<p><strong>Resumen de la etapa:<\/strong><\/p>\n<ul>\n<li><strong>Recorrido previsto:<\/strong> Ponferrada &#8211; O Cebreiro<\/li>\n<li><strong>Recorrido realizado:<\/strong> Ponferrada &#8211; Hospital de la Condesa<\/li>\n<li><strong>Distancia indicada en la gu\u00eda:<\/strong> 57&#8217;0 km.<\/li>\n<li><strong>Distancia marcada: <\/strong>62&#8217;9  km.<\/li>\n<li><strong>Comida en:<\/strong> Villafranca del Bierzo. Restaurante \u00abLa Puerta del Perd\u00f3n\u00bb. Excelente<\/li>\n<li><strong>Cena y noche en:<\/strong> Hospital de la Condesa. Mes\u00f3n \u00abO Tear\u00bb (mes\u00f3n y albergue rural). Bueno<\/li>\n<\/ul>\n","protected":false},"excerpt":{"rendered":"<div class=\"seriesmeta\">Esta entrada es la parte 2 de 5 de la serie <a href=\"https:\/\/bitacora.eniac2000.com\/?series=camino-de-santiago-2007\" class=\"series-1828\" title=\"Camino de Santiago 2007\">Camino de Santiago 2007<\/a><\/div><p>Efectivamente, hab\u00eda empezado a llover. No era una lluvia muy<\/p>\n","protected":false},"author":1,"featured_media":0,"comment_status":"open","ping_status":"open","sticky":false,"template":"","format":"standard","meta":{"advanced_seo_description":"","jetpack_seo_html_title":"","jetpack_seo_noindex":false,"_jetpack_memberships_contains_paid_content":false,"footnotes":"","jetpack_publicize_message":"","jetpack_publicize_feature_enabled":true,"jetpack_social_post_already_shared":false,"jetpack_social_options":{"image_generator_settings":{"template":"highway","default_image_id":0,"font":"","enabled":false},"version":2}},"categories":[2],"tags":[],"series":[1828],"class_list":["post-602","post","type-post","status-publish","format-standard","hentry","category-camino-de-santiago","series-camino-de-santiago-2007"],"jetpack_publicize_connections":[],"jetpack_featured_media_url":"","jetpack_sharing_enabled":true,"_links":{"self":[{"href":"https:\/\/bitacora.eniac2000.com\/index.php?rest_route=\/wp\/v2\/posts\/602","targetHints":{"allow":["GET"]}}],"collection":[{"href":"https:\/\/bitacora.eniac2000.com\/index.php?rest_route=\/wp\/v2\/posts"}],"about":[{"href":"https:\/\/bitacora.eniac2000.com\/index.php?rest_route=\/wp\/v2\/types\/post"}],"author":[{"embeddable":true,"href":"https:\/\/bitacora.eniac2000.com\/index.php?rest_route=\/wp\/v2\/users\/1"}],"replies":[{"embeddable":true,"href":"https:\/\/bitacora.eniac2000.com\/index.php?rest_route=%2Fwp%2Fv2%2Fcomments&post=602"}],"version-history":[{"count":1,"href":"https:\/\/bitacora.eniac2000.com\/index.php?rest_route=\/wp\/v2\/posts\/602\/revisions"}],"predecessor-version":[{"id":10968,"href":"https:\/\/bitacora.eniac2000.com\/index.php?rest_route=\/wp\/v2\/posts\/602\/revisions\/10968"}],"wp:attachment":[{"href":"https:\/\/bitacora.eniac2000.com\/index.php?rest_route=%2Fwp%2Fv2%2Fmedia&parent=602"}],"wp:term":[{"taxonomy":"category","embeddable":true,"href":"https:\/\/bitacora.eniac2000.com\/index.php?rest_route=%2Fwp%2Fv2%2Fcategories&post=602"},{"taxonomy":"post_tag","embeddable":true,"href":"https:\/\/bitacora.eniac2000.com\/index.php?rest_route=%2Fwp%2Fv2%2Ftags&post=602"},{"taxonomy":"series","embeddable":true,"href":"https:\/\/bitacora.eniac2000.com\/index.php?rest_route=%2Fwp%2Fv2%2Fseries&post=602"}],"curies":[{"name":"wp","href":"https:\/\/api.w.org\/{rel}","templated":true}]}}