{"id":604,"date":"2007-04-19T00:07:36","date_gmt":"2007-04-18T22:07:36","guid":{"rendered":"http:\/\/bitacora.eniac2000.com\/?p=604"},"modified":"2025-10-11T00:01:28","modified_gmt":"2025-10-10T22:01:28","slug":"cronica-del-camino-frances-dia-2","status":"publish","type":"post","link":"https:\/\/bitacora.eniac2000.com\/?p=604","title":{"rendered":"Cr\u00f3nica del Camino Franc\u00e9s: D\u00eda 2"},"content":{"rendered":"<div class=\"seriesmeta\">Esta entrada es la parte 3 de 5 de la serie <a href=\"https:\/\/bitacora.eniac2000.com\/?series=camino-de-santiago-2007\" class=\"series-1828\" title=\"Camino de Santiago 2007\">Camino de Santiago 2007<\/a><\/div><p>La ma\u00f1ana del Domingo de Ramos, segundo d\u00eda de Camino, despert\u00e9 con una intensa sensaci\u00f3n de fr\u00edo. Dentro de la cama, se estaba en la gloria, pero pese a la existencia de un buen radiador en la habitaci\u00f3n hac\u00eda fr\u00edo, mucho fr\u00edo. Las casas de piedra, como era la que albergaba el mes\u00f3n, son fr\u00edas, y \u00e9sa no era una excepci\u00f3n. Aun as\u00ed aquello era demasiado, por lo que me tem\u00eda que la nevada habr\u00eda continuado durante toda la noche. Y no en balde est\u00e1bamos a unos 1300 metros de altitud. As\u00ed era. Cuando me asom\u00e9 a la ventana el espect\u00e1culo que se ofrec\u00eda ante mis ojos confirmaba mis temores: hab\u00eda estado nevando toda la noche.<\/p>\n<p><figure class=\"wp-block-piwigo-gallery-single-image piwigo-single-image\"><a href=\"https:\/\/www.eniac2000.com\/piwigo\/picture.php?\/1136\" target=\"_blank\" rel=\"noopener noreferrer\"><img decoding=\"async\" src=\"https:\/\/www.eniac2000.com\/piwigo\/_data\/i\/galleries\/albums\/2007-04-camino-frances\/fotografias-javi\/DSC08509-me.JPG\" alt=\"DSC08509\" \/><\/a><figcaption><strong>DSC08509<\/strong><\/figcaption><\/figure><br \/>\n<strong>Vista de la entrada de \u00abO Tear\u00bb desde la habitaci\u00f3n de Fran<\/strong><\/p>\n<p>Era un bonito espect\u00e1culo pero&#8230; \u00bfpodr\u00edamos afrontar la etapa sin problemas, teniendo en cuenta que ten\u00edamos una intensa bajada hasta Triacastela para abrir boca, o tendr\u00edamos que quemar el d\u00eda que dispon\u00edamos de margen para llegar a Santiago en una aldea de las monta\u00f1as lucenses? A\u00fan estaba oscuro, pero la respuesta no tardar\u00eda en llegar, junto con el amanecer. Mientras tanto, ten\u00edamos que hacer lo \u00fanico que estaba en nuestras manos: preparar el equipaje y tomar un buen desayuno.<\/p>\n<p>El desayuno fue algo frugal, debido a que la despensa del mes\u00f3n se encontraba bajo m\u00ednimos. Aun as\u00ed pudieron prepararnos sendos tazones de leche caliente y pan tostado (s\u00f3lo con mermelada) para desayunar. Una vez terminado el desayuno, y ya pasado el amanecer, pudimos contemplar el estado del d\u00eda. Era mejor de lo esperado. Hab\u00eda dejado de nevar, y la niebla se hab\u00eda levantado. Adem\u00e1s los quitanieves hab\u00edan hecho acto de presencia y hab\u00edan despejado la carretera. Pod\u00edamos reemprender el camino.<\/p>\n<p>La etapa del d\u00eda, merced a los kil\u00f3metros extra realizados el d\u00eda anterior, promet\u00eda ser mucho m\u00e1s relajada. S\u00f3lo ten\u00edamos que hacer unos 31 kil\u00f3metros, con tan s\u00f3lo una peque\u00f1a subida hasta el Alto del Poio antes de la bajada a Triacastela, y luego la <em>tachuela<\/em> del Alto de Riocabo antes de llegar a Sarria. Quiz\u00e1s pudi\u00e9ramos prolongar la etapa unos cuantos kil\u00f3metros m\u00e1s, a fin de restar kil\u00f3metros en la etapa final a Santiago, la m\u00e1s larga con diferencia. Y con esa idea en mente, iniciamos la etapa al filo de las 9:30h de la ma\u00f1ana.<\/p>\n<p><figure class=\"wp-block-piwigo-gallery-single-image piwigo-single-image\"><a href=\"https:\/\/www.eniac2000.com\/piwigo\/picture.php?\/1332\" target=\"_blank\" rel=\"noopener noreferrer\"><img decoding=\"async\" src=\"https:\/\/www.eniac2000.com\/piwigo\/_data\/i\/galleries\/albums\/2007-04-camino-frances\/fotografias_fran\/Imagen024-me.jpg\" alt=\"Imagen024\" \/><\/a><figcaption><strong>Imagen024<\/strong><\/figcaption><\/figure><br \/>\n<strong>Previo a la emprender la etapa<\/strong><\/p>\n<p>La subida al Alto del Poio la solventamos en apenas 20 minutos, alcanzando la cota m\u00e1s alta de nuestro recorrido por el Camino Franc\u00e9s (1335 m.). Sin embargo, en ese corto espacio de tiempo las condiciones climatol\u00f3gicas dieron un vuelco: la niebla volvi\u00f3 a envolvernos, y la nieve volvi\u00f3 a hacer acto de presencia. La bajada, con fama de peligrosa, se complicaba. Tras inmortalizar el evento, nos pusimos de nuevo en marcha.<\/p>\n<p><figure class=\"wp-block-piwigo-gallery-single-image piwigo-single-image\"><a href=\"https:\/\/www.eniac2000.com\/piwigo\/picture.php?\/1147\" target=\"_blank\" rel=\"noopener noreferrer\"><img decoding=\"async\" src=\"https:\/\/www.eniac2000.com\/piwigo\/_data\/i\/galleries\/albums\/2007-04-camino-frances\/fotografias-javi\/DSC08520-me.JPG\" alt=\"DSC08520\" \/><\/a><figcaption><strong>DSC08520<\/strong><\/figcaption><\/figure><br \/>\n<strong>Fran en el Alto del Poio<\/strong><\/p>\n<p>La bajada fue larga, dif\u00edcil, peligrosa y heladora. Pese a bajar controlando, la nevada nos dificultaba enormemente la visi\u00f3n, de tal manera que los copos de nieve llegaban a acumularse en los cristales de las gafas, haciendo necesario quitarlos con las manos para no perder la visibilidad. Adem\u00e1s, el fr\u00edo era tan intenso que me hac\u00eda casta\u00f1etear los dientes, pese a llevar puestas dos equipaciones ciclistas de invierno, una braga de forro polar, gruesos guantes de motero y gorro bajo el casco. Adem\u00e1s, empezaba a pensar que la aparici\u00f3n de las quitanieves pod\u00eda ser m\u00e1s un peligro que una ventaja. No hab\u00eda nieve, en efecto, pero la calzada se encontraba empapada, y tem\u00eda la aparici\u00f3n de placas de hielo, lo que s\u00ed podr\u00eda ser verdaderamente peligroso. Y de en ello andaba pensando cuando de repente llegamos a la altura de una enternecedora iglesia emplazada junto a la carretera. Aquello merec\u00eda un alto.<\/p>\n<p><figure class=\"wp-block-piwigo-gallery-single-image piwigo-single-image\"><a href=\"https:\/\/www.eniac2000.com\/piwigo\/picture.php?\/1151\" target=\"_blank\" rel=\"noopener noreferrer\"><img decoding=\"async\" src=\"https:\/\/www.eniac2000.com\/piwigo\/_data\/i\/galleries\/albums\/2007-04-camino-frances\/fotografias-javi\/DSC08524-me.JPG\" alt=\"DSC08524\" \/><\/a><figcaption><strong>DSC08524<\/strong><\/figcaption><\/figure><br \/>\n<strong>Iglesia bajo la nieve<\/strong><\/p>\n<p>Tras la breve pausa, seguimos con el descenso. No era plan enfriarse -a\u00fan m\u00e1s- y no sab\u00edamos qu\u00e9 nos esperaba m\u00e1s adelante, aunque sab\u00edamos que las predicciones no eran buenas. Mejor seguir adelante antes de que la situaci\u00f3n empeorara. A\u00fan quedaba lo peor de la bajada, consistentes en un par de <em>paelleras<\/em> enlazadas con una fuerte pendiente. Menos mal que aquello no nos tocaba subirlo, pens\u00e9. Para aquel entonces la nieve se hab\u00eda transformado en aguanieve.<\/p>\n<p><a href='http:\/\/bitacora.eniac2000.com\/wp-content\/bajadatriacastela.png'><img src='http:\/\/bitacora.eniac2000.com\/wp-content\/thumb-bajadatriacastela.png' alt='Perpectiva de la bajada a Triacastela' \/><\/a><br \/>\n<strong>Captura de Google Earth de la bajada a Triacastela<\/strong><\/p>\n<p>Llegamos a Triacastela congelados. Tal fue as\u00ed que lo primero que hicimos, tras la obligada escala t\u00e9cnica en un cajero para reponer fondos, fue entrar en el primer bar que nos tropezamos y pedir un caldo, un chocolate, lo que fuera, pero que fuera caliente. Un par de paladines a la taza -ech\u00e9 en falta jeringos-, y un rato de conversaci\u00f3n hicieron milagros. Pero segu\u00eda lloviendo, y hac\u00eda mucho fr\u00edo. No pod\u00edamos parar demasiado. As\u00ed que tras la obligada parada en la Iglesia de Santiago de Triacastela, reemprendimos el Camino. Aun as\u00ed, a lo tonto a lo tonto, nos hab\u00edamos ventilado m\u00e1s de la mitad de la etapa en apenas dos horas, parada incluida.<\/p>\n<p><figure class=\"wp-block-piwigo-gallery-single-image piwigo-single-image\"><a href=\"https:\/\/www.eniac2000.com\/piwigo\/picture.php?\/1157\" target=\"_blank\" rel=\"noopener noreferrer\"><img decoding=\"async\" src=\"https:\/\/www.eniac2000.com\/piwigo\/_data\/i\/galleries\/albums\/2007-04-camino-frances\/fotografias-javi\/DSC08530-me.JPG\" alt=\"DSC08530\" \/><\/a><figcaption><strong>DSC08530<\/strong><\/figcaption><\/figure><br \/>\n<strong>Iglesia de Santiago de Triacastela<\/strong><\/p>\n<p>La salida de Triacastela nos dio la posibilidad de afrontar la primera experiencia <em>real<\/em> del Camino. Hasta entonces pr\u00e1cticamente todo hab\u00eda sido para nosotros dar pedales por carretera, pero a partir de Triacastela apareci\u00f3 la verdadera belleza del camino: las <em>corredoiras<\/em>, sendas que atraviesan los bosques gallegos, de una belleza espectacular.<\/p>\n<p>La subida al Alto de Riocabo la afrontamos en su mayor\u00eda por <em>corredoiras<\/em>, salvo por los obligados tramos por carreteras rurales sin ning\u00fan tr\u00e1fico. Pero el ascenso se dejaba notar, tanto por la dureza como por la aparici\u00f3n de un nuevo elemento climatol\u00f3gico: el aguanieve. Nadie dijo que aquello fuera a ser f\u00e1cil. Y tambi\u00e9n, por descontado, hizo su aparici\u00f3n el barro, con todo lo que ello conllevaba. Pero como bien dijo Fran, incluso all\u00ed el barro era diferente: no se adher\u00eda a las cubiertas, a\u00f1adiendo peso y dificultando la marcha, como ocurre en Andaluc\u00eda con el barro arcilloso de la vega del Guadalquivir. Algo era algo.<\/p>\n<p><figure class=\"wp-block-piwigo-gallery-single-image piwigo-single-image\"><a href=\"https:\/\/www.eniac2000.com\/piwigo\/picture.php?\/1159\" target=\"_blank\" rel=\"noopener noreferrer\"><img decoding=\"async\" src=\"https:\/\/www.eniac2000.com\/piwigo\/_data\/i\/galleries\/albums\/2007-04-camino-frances\/fotografias-javi\/DSC08532-me.JPG\" alt=\"DSC08532\" \/><\/a><figcaption><strong>DSC08532<\/strong><\/figcaption><\/figure><br \/>\n<strong>Fran con una corredoira al fondo<\/strong><\/p>\n<p>La marcha desde Triacastela hasta Sarria nos depar\u00f3 una nueva sorpresa, y era la sorprendente cantidad de chicas que realizaban el Camino <strong>a solas<\/strong>. Las ve\u00edas andando, por un camino en el que no se ve\u00eda un alma, y en la que en varios kil\u00f3metros a la redonda no hab\u00eda otra manifestaci\u00f3n de intervenci\u00f3n humana salvo el propio camino, y te daba bastante que pensar. Eso s\u00ed que era echarle valor.<\/p>\n<p>Una vez superado el Alto de Riocabo, \u00faltima subida del d\u00eda hasta Sarria, afrontamos un nuevo descenso, no tan vertiginoso como el anterior, pero sin duda emocionante. Las peque\u00f1as aldeas, apenas cuatro casas, se iban sucediendo, e \u00edbamos quemando kil\u00f3metros hasta Sarria. Entonces, tras superar una complicada zona embarrada, vino el primer problema serio del viaje.<\/p>\n<p><figure class=\"wp-block-piwigo-gallery-single-image piwigo-single-image\"><a href=\"https:\/\/www.eniac2000.com\/piwigo\/picture.php?\/1341\" target=\"_blank\" rel=\"noopener noreferrer\"><img decoding=\"async\" src=\"https:\/\/www.eniac2000.com\/piwigo\/_data\/i\/galleries\/albums\/2007-04-camino-frances\/fotografias_fran\/Imagen033-me.jpg\" alt=\"Imagen033\" \/><\/a><figcaption><strong>Imagen033<\/strong><\/figcaption><\/figure><br \/>\n<strong>Zona trialera completamente embarrada<\/strong><\/p>\n<p>Llevaba algunos kil\u00f3metros not\u00e1ndolo, pero al superar la zona trialera tuve la completa confirmaci\u00f3n: llevaba la direcci\u00f3n floja. Mi vieja burra usa el sistema de ajuste de la horquilla mediante una doble tuerca, en la que la primera afirma la direcci\u00f3n, y la segunda evita que la primera tuerca se afloje. Pues bien, se hab\u00edan aflojado. La vez anterior que me hab\u00eda sucedido aquello hab\u00eda destrozado las roscas y tuve que abandonar la etapa. Y para mayor problema, era Domingo de Ramos, as\u00ed que pod\u00eda ir despidi\u00e9ndome de encontrar un taller abierto. Fran llevaba una llave inglesa entre su equipaje, pero por desgracia su ancho no bastaba para acometer la operaci\u00f3n. As\u00ed que tuve que apretar las tuercas como pude, y seguir adelante con enorme cuidado. Al menos en lo climatol\u00f3gico el d\u00eda hab\u00eda mejorado de una manera incre\u00edble. No s\u00f3lo hab\u00eda dejado de llover, sino que hab\u00eda salido un magn\u00edfico sol.<\/p>\n<p>Un par de kil\u00f3metros antes de Sarria, en San Mamede del Camino, llegamos hasta el <a href=\"http:\/\/www.palomaylena.com\/\">Albergue Paloma y Le\u00f1a<\/a>.  No ten\u00eda constancia de su existencia, ya que databa del a\u00f1o 2006, y la gu\u00eda en la que me hab\u00eda basado para realizar mi libro de ruta, regalada por mi buena amiga Bea Gasc\u00f3n, era una edici\u00f3n de 2003. Decidimos parar a ver si pudieran echarme una mano con la direcci\u00f3n. Por desgracia no pudo ser as\u00ed, pero el lugar era tan agradable, y los due\u00f1os (es un albergue privado) tan amables y atentos, que decidimos dar por concluida la etapa y hacer alto aquel d\u00eda all\u00ed. Sin duda, lo merec\u00eda.<\/p>\n<p>Por consejo de Paloma y de Le\u00f1a nos dirigimos a Sarria, donde hab\u00eda ese d\u00eda una feria de antig\u00fcedades. Almorzamos en el mes\u00f3n \u00abO Tapas\u00bb, junto al ayuntamiento de Sarria. Despu\u00e9s de comer unos polic\u00edas locales, muy amablemente, nos prestaron una llave inglesa con la que pudimos apretar las tuercas de la direcci\u00f3n, y nos indicaron el lugar donde se celebraba la feria. All\u00ed pasamos la tarde, antes de volver al albergue y hacer las oportunas revisiones mec\u00e1nicas a las m\u00e1quinas.<\/p>\n<p><figure class=\"wp-block-piwigo-gallery-single-image piwigo-single-image\"><a href=\"https:\/\/www.eniac2000.com\/piwigo\/picture.php?\/1355\" target=\"_blank\" rel=\"noopener noreferrer\"><img decoding=\"async\" src=\"https:\/\/www.eniac2000.com\/piwigo\/_data\/i\/galleries\/albums\/2007-04-camino-frances\/fotografias_fran\/Imagen047-me.jpg\" alt=\"Imagen047\" \/><\/a><figcaption><strong>Imagen047<\/strong><\/figcaption><\/figure><br \/>\n<strong>Iron\u00edas de la vida: un tel\u00e9fono echando fotos a c\u00e1maras fotogr\u00e1ficas<\/strong><\/p>\n<p>En torno a una hora despu\u00e9s de volver al albergue el tiempo volvi\u00f3 a cambiar de manera brusca, dando paso a una fuerte tormenta, que dur\u00f3 hasta la noche. En el \u00ednterin tuvimos la oportunidad de conocer a tres compa\u00f1eros de albergue: dos chicos de Mar\u00edn (Pontevedra), y uno de Torredonjimeno (Ja\u00e9n). Era incre\u00edble la enorme cantidad de andaluces que nos est\u00e1bamos encontrando. Y tras una genial cena preparada por Paloma, nos recogimos, no sin antes disfrutar de una divertida aparici\u00f3n del gato de Dr\u00e1cula, surgido directamente de una sospechosa niebla digna de una pel\u00edcula de la Hammer.<\/p>\n<p><figure class=\"wp-block-piwigo-gallery-single-image piwigo-single-image\"><a href=\"https:\/\/www.eniac2000.com\/piwigo\/picture.php?\/1173\" target=\"_blank\" rel=\"noopener noreferrer\"><img decoding=\"async\" src=\"https:\/\/www.eniac2000.com\/piwigo\/_data\/i\/galleries\/albums\/2007-04-camino-frances\/fotografias-javi\/DSC08547-me.JPG\" alt=\"DSC08547\" \/><\/a><figcaption><strong>DSC08547<\/strong><\/figcaption><\/figure><br \/>\n<strong>El gato de Dr\u00e1cula<\/strong><\/p>\n<p><strong>Resumen de la etapa:<\/strong><\/p>\n<ul>\n<li><strong>Recorrido previsto: <\/strong>Hospital de la Condesa &#8211; Sarria<\/li>\n<li><strong>Recorrido realizado: <\/strong>Hospital de la Condesa &#8211; Sarria<\/li>\n<li><strong>Distancia indicada en la gu\u00eda:<\/strong> Aprox.  31 km.<\/li>\n<li><strong>Distancia marcada:<\/strong> Aprox. 36 km.<\/li>\n<li><strong>Comida en:<\/strong> Sarria. Mes\u00f3n \u00abO Tapas\u00bb. Bueno<\/li>\n<li><strong>Cena y noche en:<\/strong> San Memede del Camino (Sarria). Albergue \u00abPaloma y Le\u00f1a\u00bb (privado). Excelente<\/li>\n<li><strong>Notas:<\/strong> Problemas con la direcci\u00f3n de mi bicicleta, consistente en que las tuercas de la direcci\u00f3n se aflojaron. Arreglado con la ayuda de la polic\u00eda local de Sarria<\/li>\n<\/ul>\n","protected":false},"excerpt":{"rendered":"<div class=\"seriesmeta\">Esta entrada es la parte 3 de 5 de la serie <a href=\"https:\/\/bitacora.eniac2000.com\/?series=camino-de-santiago-2007\" class=\"series-1828\" title=\"Camino de Santiago 2007\">Camino de Santiago 2007<\/a><\/div><p>La ma\u00f1ana del Domingo de Ramos, segundo d\u00eda de Camino,<\/p>\n","protected":false},"author":1,"featured_media":0,"comment_status":"open","ping_status":"open","sticky":false,"template":"","format":"standard","meta":{"advanced_seo_description":"","jetpack_seo_html_title":"","jetpack_seo_noindex":false,"_jetpack_memberships_contains_paid_content":false,"footnotes":"","jetpack_publicize_message":"","jetpack_publicize_feature_enabled":true,"jetpack_social_post_already_shared":false,"jetpack_social_options":{"image_generator_settings":{"template":"highway","default_image_id":0,"font":"","enabled":false},"version":2}},"categories":[2],"tags":[],"series":[1828],"class_list":["post-604","post","type-post","status-publish","format-standard","hentry","category-camino-de-santiago","series-camino-de-santiago-2007"],"jetpack_publicize_connections":[],"jetpack_featured_media_url":"","jetpack_sharing_enabled":true,"_links":{"self":[{"href":"https:\/\/bitacora.eniac2000.com\/index.php?rest_route=\/wp\/v2\/posts\/604","targetHints":{"allow":["GET"]}}],"collection":[{"href":"https:\/\/bitacora.eniac2000.com\/index.php?rest_route=\/wp\/v2\/posts"}],"about":[{"href":"https:\/\/bitacora.eniac2000.com\/index.php?rest_route=\/wp\/v2\/types\/post"}],"author":[{"embeddable":true,"href":"https:\/\/bitacora.eniac2000.com\/index.php?rest_route=\/wp\/v2\/users\/1"}],"replies":[{"embeddable":true,"href":"https:\/\/bitacora.eniac2000.com\/index.php?rest_route=%2Fwp%2Fv2%2Fcomments&post=604"}],"version-history":[{"count":1,"href":"https:\/\/bitacora.eniac2000.com\/index.php?rest_route=\/wp\/v2\/posts\/604\/revisions"}],"predecessor-version":[{"id":10969,"href":"https:\/\/bitacora.eniac2000.com\/index.php?rest_route=\/wp\/v2\/posts\/604\/revisions\/10969"}],"wp:attachment":[{"href":"https:\/\/bitacora.eniac2000.com\/index.php?rest_route=%2Fwp%2Fv2%2Fmedia&parent=604"}],"wp:term":[{"taxonomy":"category","embeddable":true,"href":"https:\/\/bitacora.eniac2000.com\/index.php?rest_route=%2Fwp%2Fv2%2Fcategories&post=604"},{"taxonomy":"post_tag","embeddable":true,"href":"https:\/\/bitacora.eniac2000.com\/index.php?rest_route=%2Fwp%2Fv2%2Ftags&post=604"},{"taxonomy":"series","embeddable":true,"href":"https:\/\/bitacora.eniac2000.com\/index.php?rest_route=%2Fwp%2Fv2%2Fseries&post=604"}],"curies":[{"name":"wp","href":"https:\/\/api.w.org\/{rel}","templated":true}]}}