{"id":606,"date":"2007-04-20T00:53:45","date_gmt":"2007-04-19T22:53:45","guid":{"rendered":"http:\/\/bitacora.eniac2000.com\/?p=606"},"modified":"2025-10-11T00:01:35","modified_gmt":"2025-10-10T22:01:35","slug":"cronica-del-camino-frances-dia-3","status":"publish","type":"post","link":"https:\/\/bitacora.eniac2000.com\/?p=606","title":{"rendered":"Cr\u00f3nica del Camino Franc\u00e9s: D\u00eda 3"},"content":{"rendered":"<div class=\"seriesmeta\">Esta entrada es la parte 4 de 5 de la serie <a href=\"https:\/\/bitacora.eniac2000.com\/?series=camino-de-santiago-2007\" class=\"series-1828\" title=\"Camino de Santiago 2007\">Camino de Santiago 2007<\/a><\/div><p>El amanecer del Lunes Santo, tercer d\u00eda de Camino, nos depar\u00f3 una agradable sorpresa en forma de radiante amanecer. Hab\u00eda temido enormemente la llegada de la ma\u00f1ana, dado c\u00f3mo hab\u00eda ca\u00eddo la noche, con una fuerte tormenta y con la zona ba\u00f1ada en niebla, pero la ma\u00f1ana nos salud\u00f3 con un esplendoroso sol. As\u00ed que, tras un magn\u00edfico y revitalizante desayuno preparado por Paloma, nos dispusimos a afrontar una nueva etapa.<\/p>\n<p><figure class=\"wp-block-piwigo-gallery-single-image piwigo-single-image\"><a href=\"https:\/\/www.eniac2000.com\/piwigo\/picture.php?\/1367\" target=\"_blank\" rel=\"noopener noreferrer\"><img decoding=\"async\" src=\"https:\/\/www.eniac2000.com\/piwigo\/_data\/i\/galleries\/albums\/2007-04-camino-frances\/fotografias_fran\/Imagen059-me.jpg\" alt=\"Imagen059\" \/><\/a><figcaption><strong>Imagen059<\/strong><\/figcaption><\/figure><br \/>\n<strong>Alrededores de Sarria<\/strong><\/p>\n<p>Ya desde la propia salida de Sarria pudimos percibir que la etapa no se iba a parecer en nada a lo que hab\u00edamos visto hasta entonces. En primer lugar en el aspecto climatol\u00f3gico, dado que hab\u00eda experimentado una enorme mejor\u00eda. En segundo lugar por el perfil de la etapa a recorrer. Se hab\u00edan acabado las grandes subidas y bajadas, y lo que nos tocaba afrontar eran continuos sube-baja, un verdadero perfil rompepiernas. Pero sobre todo notamos que iba a ser diferente por la afluencia de gente. Hasta ese momento hab\u00edamos presenciado una moderada afluencia de gente haciendo el Camino. Todo eso cambi\u00f3 en Sarria. Dado que se encuentra a algo m\u00e1s de 100 km. de Santiago, y que cuenta con l\u00ednea f\u00e9rrea directa hacia Madrid, mucha gente decide empezar el camino en esta localidad. Se hab\u00edan acabado para siempre la soledad de los montes. A partir de ahora \u00edbamos a echar en falta un accesorio en las bicis: el timbre.<\/p>\n<p><figure class=\"wp-block-piwigo-gallery-single-image piwigo-single-image\"><a href=\"https:\/\/www.eniac2000.com\/piwigo\/picture.php?\/1371\" target=\"_blank\" rel=\"noopener noreferrer\"><img decoding=\"async\" src=\"https:\/\/www.eniac2000.com\/piwigo\/_data\/i\/galleries\/albums\/2007-04-camino-frances\/fotografias_fran\/Imagen063-me.jpg\" alt=\"Imagen063\" \/><\/a><figcaption><strong>Imagen063<\/strong><\/figcaption><\/figure><br \/>\n<strong>Arroyo sobre una corredoira<\/strong><\/p>\n<p>Desde Sarria el Camino discurr\u00eda casi en su totalidad por corredoiras y caminos, por lo que un elemento con el que ya nos hab\u00edamos tropezado, pero que empezaba a mostrarse en todo su esplendor: el barro. Toda el agua que los d\u00edas anteriores nos hab\u00eda ca\u00eddo sobre la cabeza nos saludaba de nuevo desde el suelo, tanto en forma de barro como de improvisados manantiales y arroyos que jalonaban sin cesar nuestro pedalear por tierras lucenses. Fran no daba cr\u00e9dito a que la tierra fuera tan h\u00fameda. Y as\u00ed, a lo tonto, a lo tonto, llegamos a un nuevo hito en el Camino: est\u00e1bamos a 100 km. de Santiago. Llev\u00e1bamos recorrida la mitad del Camino.<\/p>\n<p><figure class=\"wp-block-piwigo-gallery-single-image piwigo-single-image\"><a href=\"https:\/\/www.eniac2000.com\/piwigo\/picture.php?\/1190\" target=\"_blank\" rel=\"noopener noreferrer\"><img decoding=\"async\" src=\"https:\/\/www.eniac2000.com\/piwigo\/_data\/i\/galleries\/albums\/2007-04-camino-frances\/fotografias-javi\/DSC08564-me.JPG\" alt=\"DSC08564\" \/><\/a><figcaption><strong>DSC08564<\/strong><\/figcaption><\/figure><br \/>\n<strong>100 km. hasta Santiago. Mirando al infinito y m\u00e1s all\u00e1<\/strong><\/p>\n<p>La etapa continu\u00f3 con un cont\u00ednuo sube y baja, pero con tendencia general ascendente. Pronto aprendimos que a partir de esta etapa s\u00f3lo podr\u00edamos considerar la exitencia de <em>tendencias<\/em>, ya que en un terreno tan quebrado lo mismo ten\u00edas que pillar freno en vertiginosas bajadas como hacer juego de ri\u00f1ones para superar <em>pat\u00e1senelpecho<\/em>. Una cosa no se pod\u00eda decir: el recorrido era cualquier cosa menos mon\u00f3tono.<\/p>\n<p>Y as\u00ed, poco a poco, superamos la primera fase de la etapa, en ascenso, y empezamos un recorrido descendente en direcci\u00f3n a Portomar\u00edn, que marcaba la mitad aproximada de la etapa del d\u00eda. Pronto avistamos el pueblo, junto al embalse de Belesar, e iniciamos un largo descenso con importantes variaciones tanto de pendiente como de firme, hasta la entrada del pueblo. Fue entonces cuando empec\u00e9 a notarlo: cada vez que frenaba notaba un molesto golpeteo en el freno trasero y ten\u00eda la sensaci\u00f3n de que me frenaba poco. Cuando lleg\u00e1ramos a Portomar\u00edn tendr\u00eda que meterle un repaso.<\/p>\n<p><figure class=\"wp-block-piwigo-gallery-single-image piwigo-single-image\"><a href=\"https:\/\/www.eniac2000.com\/piwigo\/picture.php?\/1380\" target=\"_blank\" rel=\"noopener noreferrer\"><img decoding=\"async\" src=\"https:\/\/www.eniac2000.com\/piwigo\/_data\/i\/galleries\/albums\/2007-04-camino-frances\/fotografias_fran\/Imagen072-me.jpg\" alt=\"Imagen072\" \/><\/a><figcaption><strong>Imagen072<\/strong><\/figcaption><\/figure><br \/>\n<strong>Entrada de Portomar\u00edn<\/strong><\/p>\n<p>Portomar\u00edn es un pueblo de nuevo cu\u00f1o. El viejo Portomar\u00edn se pudre bajo las aguas del pantano de Belesar, inaugurado en 1962, con lo que hubo que mover el pueblo al cerro cercano sobre el que hoy se levanta. Algunos monumentos singulares, como la iglesia-fortaleza de San Nicol\u00e1s, de singular valor, se desmontaron piedra a piedra y se levantaron en su nuevo emplazamiento. A\u00fan pueden verse en las piedras la numeraci\u00f3n con la que \u00e9stas fueron marcadas.<\/p>\n<p><figure class=\"wp-block-piwigo-gallery-single-image piwigo-single-image\"><a href=\"https:\/\/www.eniac2000.com\/piwigo\/picture.php?\/1203\" target=\"_blank\" rel=\"noopener noreferrer\"><img decoding=\"async\" src=\"https:\/\/www.eniac2000.com\/piwigo\/_data\/i\/galleries\/albums\/2007-04-camino-frances\/fotografias-javi\/DSC08577-me.JPG\" alt=\"DSC08577\" \/><\/a><figcaption><strong>DSC08577<\/strong><\/figcaption><\/figure><br \/>\n<strong>Iglesia de San Nicol\u00e1s de Portomar\u00edn<\/strong><\/p>\n<p>En principio, y pese a que ya rond\u00e1bamos la una de la tarde, la escala en Portomar\u00edn iba a ser una escala breve, tan s\u00f3lo lo justo para descansar un rato, tomar un refrigerio y ver un poco el pueblo. Sin embargo, al revisar los frenos de mi bici pude descubrir la raz\u00f3n del golpeteo: ten\u00eda las pastillas de freno completamente comidas, hasta el metal. La raz\u00f3n del golpeteo se deb\u00eda a que los brazos del freno V-Brake tocaban con los tacos de la cubierta. De hecho, en uno de los brazos se hab\u00eda marcado una muesca por el golpeteo de los tacos. Era algo estremecedor, y que daba una idea de la magnitud de las bajadas que hab\u00edamos tenido que afrontar, sobre todo con el lastre de las alforjas. Se impon\u00eda una reparaci\u00f3n. Al menos, al ser Lunes Santo pudimos encontrar una tienda de reparaci\u00f3n de bicicletas donde procedieron a cambiarme las cuatro pastillas de freno. Y dado que se nos hab\u00eda hecho algo tarde, optamos por comer en una tasca cercana al albergue de peregrinos de Portomar\u00edn, a base de hamburguesa. Despu\u00e9s de comer, y sin pararnos demasiado, reemprendimos la etapa. Hab\u00edamos recorrido 24 kil\u00f3metros, y nos quedaban otros 23. <\/p>\n<p><figure class=\"wp-block-piwigo-gallery-single-image piwigo-single-image\"><a href=\"https:\/\/www.eniac2000.com\/piwigo\/picture.php?\/1209\" target=\"_blank\" rel=\"noopener noreferrer\"><img decoding=\"async\" src=\"https:\/\/www.eniac2000.com\/piwigo\/_data\/i\/galleries\/albums\/2007-04-camino-frances\/fotografias-javi\/DSC08583-me.JPG\" alt=\"DSC08583\" \/><\/a><figcaption><strong>DSC08583<\/strong><\/figcaption><\/figure><br \/>\n<strong>Ventana rom\u00e1nica de la Iglesia de San Nicol\u00e1s con la numeraci\u00f3n marcada<\/strong><\/p>\n<p>La salida del Camino de Portomar\u00edn se realiza por carretera, en un cont\u00ednuo ascenso de unos 12 kil\u00f3metros hasta Ventas de Nar\u00f3n. Era una parte del camino que no dejaba nada a la imaginaci\u00f3n, y que obligaba a acoplarse como mejor se pudiera sobre la bici y dejar pasar los kil\u00f3metros. Y para colmo, el viento volv\u00eda a hacer de las suyas.<\/p>\n<p><figure class=\"wp-block-piwigo-gallery-single-image piwigo-single-image\"><a href=\"https:\/\/www.eniac2000.com\/piwigo\/picture.php?\/1210\" target=\"_blank\" rel=\"noopener noreferrer\"><img decoding=\"async\" src=\"https:\/\/www.eniac2000.com\/piwigo\/_data\/i\/galleries\/albums\/2007-04-camino-frances\/fotografias-javi\/DSC08584-me.JPG\" alt=\"DSC08584\" \/><\/a><figcaption><strong>DSC08584<\/strong><\/figcaption><\/figure><br \/>\n<strong>Ermita entre Ventas de Nar\u00f3n y Ligonde<\/strong><\/p>\n<p>Tras pasar Ligonde el Camino volv\u00eda a adoptar un perfil algo m\u00e1s relajado. Y as\u00ed, sin gran novedad, llegamos antes de lo esperado a Palas de Rey, el final de etapa previsto. Y dado que a\u00fan no eran ni las cinco de la tarde, y no hab\u00eda nada mejor que hacer, decidimos seguir adelante, hasta Melide. En realidad, hab\u00eda un par de razones objetivas para seguir adelante. La primera era recortar kil\u00f3metros de la \u00faltima etapa (68 km.), y la segunda era que merec\u00eda la pena llegar al albergue de Melide, con fama de bueno, amplio, y equipado para albergar bicicletas. As\u00ed que seguimos de frente. Al poco de pasar el albergue sucedi\u00f3 algo en cierta medida estremecedor: una chica, joven y bien parecida, al vernos pasar con las bicis nos rog\u00f3 con una voz m\u00e1s propia de un alma en pena que por favor la llev\u00e1ramos en las bicis. Al principio lo tomamos un poco a guasa, pero la chica segu\u00eda insistiendo con voz lastimera a medida que nos alej\u00e1bamos.<\/p>\n<p>A partir de Palas de Rey volvimos a tener m\u00e1s ratos de camino y corredoira, a diferencia del tramo anterior, en el que el asfalto hab\u00eda predominado, con lo que el Camino gan\u00f3 en belleza, pero tambi\u00e9n en dureza. De nuevo las corredoiras nos conduc\u00edan en nuestro avance hacia Santiago. Pero el tiempo, veleidoso, ven\u00eda a sumarse con un nuevo giro a los elementos a tener en cuenta: negros nubarrones se alzaban frente a nosotros. Se avecinaba una tormenta.<\/p>\n<p><figure class=\"wp-block-piwigo-gallery-single-image piwigo-single-image\"><a href=\"https:\/\/www.eniac2000.com\/piwigo\/picture.php?\/1389\" target=\"_blank\" rel=\"noopener noreferrer\"><img decoding=\"async\" src=\"https:\/\/www.eniac2000.com\/piwigo\/_data\/i\/galleries\/albums\/2007-04-camino-frances\/fotografias_fran\/Imagen081-me.jpg\" alt=\"Imagen081\" \/><\/a><figcaption><strong>Imagen081<\/strong><\/figcaption><\/figure><br \/>\n<strong>Laguna junto al Camino<\/strong><\/p>\n<p>En las cercan\u00edas de Casanova, \u00faltima poblaci\u00f3n lucense en el Camino, nos planteamos terminar la etapa, dado que contaba con un albergue de peregrinos. Durante un rato estuvimos recorri\u00e9ndolo, pero su estado de total abandono (si bien no se encontraba descuidado), y la imposibilidad de procurarnos avituallamiento en una aldea que no contaba con ninguna clase de tienda, nos hizo seguir adelante. Al fin y al cabo, \u00bfqu\u00e9 era una vulgar tormenta comparada con lo que hab\u00edamos pasado en Cebreiro? As\u00ed que seguimos adelante.<\/p>\n<p><figure class=\"wp-block-piwigo-gallery-single-image piwigo-single-image\"><a href=\"https:\/\/www.eniac2000.com\/piwigo\/picture.php?\/1215\" target=\"_blank\" rel=\"noopener noreferrer\"><img decoding=\"async\" src=\"https:\/\/www.eniac2000.com\/piwigo\/_data\/i\/galleries\/albums\/2007-04-camino-frances\/fotografias-javi\/DSC08589-me.JPG\" alt=\"DSC08589\" \/><\/a><figcaption><strong>DSC08589<\/strong><\/figcaption><\/figure><br \/>\n<strong>Fran descendiendo por una corredoira<\/strong><\/p>\n<p>Al final, y por suerte, no nos llovi\u00f3, y tras unos 9 kil\u00f3metros de pedaleo llegamos a Melide. R\u00e1pidamente localizamos el albergue, donde encontramos sitio. Tras limpiar las bicis y asearnos, y despu\u00e9s de un rato de charla con un peregrino pamplonica con el que trabamos amistad, salimos a dar una vuelta por el pueblo. Hab\u00edamos realizado 16 kil\u00f3metros extra, con lo que hab\u00edamos recortado la \u00faltima etapa hasta los 52 kil\u00f3metros. Una buena etapa.<\/p>\n<p>No se me puede olvidar un incidente que ocurri\u00f3 en el albergue. Me encontraba duch\u00e1ndome cuando la hospitalera vino preguntando por m\u00ed. La guardia civil me estaba esperando abajo. Tras el susto inicial, la se\u00f1ora me dijo que a una chica alemana le hab\u00edan robado la mochila de una ventana que daba a las cuadras donde dejamos las bicis, que ten\u00edan un sospechoso, y dado que \u00e9ramos los \u00faltimos que hab\u00edamos estado en la zona junto con el pamplonica, quer\u00edan que le diera la descripci\u00f3n. En efecto, cuando est\u00e1bamos limpiando las bicis, hab\u00eda visto a una persona que me hab\u00eda dado mala impresi\u00f3n, de tal manera que le ech\u00e9 a las bicis los candados, cosa que no hab\u00eda hecho en todo el resto del Camino.<\/p>\n<p>La chica, alemana para m\u00e1s se\u00f1as, estaba desolada, ya que se hab\u00eda quedado con lo puesto, salvo por la documentaci\u00f3n y el dinero, que llevaba encima. Adem\u00e1s, no hablaba una palabra de espa\u00f1ol, aunque por suerte un compatriota pudo hacer de int\u00e9rprete. En cuanto se supo en el albergue, \u00e9ste se revolucion\u00f3. Todo el mundo contribuy\u00f3 a ayudar a la chica, unos con camisetas, otros con calcetines, otros con bolsas, e incluso apareci\u00f3 una peque\u00f1a mochila que a alguien le sobraba. La pobre no sab\u00eda si reir o llorar.<\/p>\n<p>Y entonces vino la sorpresa. Al poco volvi\u00f3 la pareja de la guardia civil, que se hab\u00eda marchado despu\u00e9s de que yo prestara declaraci\u00f3n, y tra\u00edan con ellos la mochila: hab\u00eda aparecido en una iglesia, a 50 metros del albergue, con todo su contenido al completo, c\u00e1mara de fotos digital incluida. Quien quiera que la hubiera robado no hab\u00eda tocado nada. Quiz\u00e1s iba buscando dinero. La alemana estaba flipando en colores.<\/p>\n<p><figure class=\"wp-block-piwigo-gallery-single-image piwigo-single-image\"><a href=\"https:\/\/www.eniac2000.com\/piwigo\/picture.php?\/1222\" target=\"_blank\" rel=\"noopener noreferrer\"><img decoding=\"async\" src=\"https:\/\/www.eniac2000.com\/piwigo\/_data\/i\/galleries\/albums\/2007-04-camino-frances\/fotografias-javi\/DSC08596-me.JPG\" alt=\"DSC08596\" \/><\/a><figcaption><strong>DSC08596<\/strong><\/figcaption><\/figure><br \/>\n<strong>Se\u00f1al del Camino en el casco urbano de Melide, engalanado por Semana Santa<\/strong><\/p>\n<p>Tras este incidente, la tarde fue bastante tranquila. Fran y yo nos fuimos a dar una vuelta por el pueblo, y cenamos en un hotelito cercano al albergue. Y en torno a las 22:30h d\u00e1bamos por finalizada la jornada y retorn\u00e1bamos al albergue. Albergue que se encontraba sospechosamente vac\u00edo. \u00bfD\u00f3nde se encontraba la gente? La respuesta lleg\u00f3 media hora m\u00e1s tarde: de borrachera. Al d\u00eda siguiente nos enterar\u00edamos, gracias al pamplonica, de que casi todo el albergue -de tres planta y 130 plazas-, para celebrar la reaparici\u00f3n de la mochila, se hab\u00eda ido a celebrarlo, tomando al asalto una tasca t\u00edpica, y dando buena cuenta de la producci\u00f3n de vinos de la tierra. Una l\u00e1stima hab\u00e9rnoslo perdido.<\/p>\n<p><strong>Resumen de la etapa:<\/strong><\/p>\n<ul>\n<li><strong>Recorrido previsto:<\/strong> Sarria &#8211; Palas de Rey<\/li>\n<li><strong>Recorrido realizado:<\/strong> Sarria &#8211; Melide<\/li>\n<li><strong>Distancia indicada en la gu\u00eda:<\/strong> 64&#8217;5 km.<\/li>\n<li><strong>Distancia marcada:<\/strong> Aprox. 70 km.<\/li>\n<li><strong>Comida en:<\/strong> Portomar\u00edn, bocater\u00eda cercana al albergue de peregrinos. Aceptable<\/li>\n<li><strong>Cena en:<\/strong> Melide, Pousada \u00abChiquit\u00edn\u00bb. Excelente y barato<\/li>\n<li><strong>Albergue:<\/strong> Melide. Bien equipado, aunque algo antiguo<\/li>\n<li><strong>Notas:<\/strong> Cambio de pastillas de freno por desgaste. Taller de reparaciones en Portomar\u00edn. 12\u20ac<\/li>\n<\/ul>\n","protected":false},"excerpt":{"rendered":"<div class=\"seriesmeta\">Esta entrada es la parte 4 de 5 de la serie <a href=\"https:\/\/bitacora.eniac2000.com\/?series=camino-de-santiago-2007\" class=\"series-1828\" title=\"Camino de Santiago 2007\">Camino de Santiago 2007<\/a><\/div><p>El amanecer del Lunes Santo, tercer d\u00eda de Camino, nos<\/p>\n","protected":false},"author":1,"featured_media":0,"comment_status":"open","ping_status":"open","sticky":false,"template":"","format":"standard","meta":{"advanced_seo_description":"","jetpack_seo_html_title":"","jetpack_seo_noindex":false,"_jetpack_memberships_contains_paid_content":false,"footnotes":"","jetpack_publicize_message":"","jetpack_publicize_feature_enabled":true,"jetpack_social_post_already_shared":false,"jetpack_social_options":{"image_generator_settings":{"template":"highway","default_image_id":0,"font":"","enabled":false},"version":2}},"categories":[2],"tags":[],"series":[1828],"class_list":["post-606","post","type-post","status-publish","format-standard","hentry","category-camino-de-santiago","series-camino-de-santiago-2007"],"jetpack_publicize_connections":[],"jetpack_featured_media_url":"","jetpack_sharing_enabled":true,"_links":{"self":[{"href":"https:\/\/bitacora.eniac2000.com\/index.php?rest_route=\/wp\/v2\/posts\/606","targetHints":{"allow":["GET"]}}],"collection":[{"href":"https:\/\/bitacora.eniac2000.com\/index.php?rest_route=\/wp\/v2\/posts"}],"about":[{"href":"https:\/\/bitacora.eniac2000.com\/index.php?rest_route=\/wp\/v2\/types\/post"}],"author":[{"embeddable":true,"href":"https:\/\/bitacora.eniac2000.com\/index.php?rest_route=\/wp\/v2\/users\/1"}],"replies":[{"embeddable":true,"href":"https:\/\/bitacora.eniac2000.com\/index.php?rest_route=%2Fwp%2Fv2%2Fcomments&post=606"}],"version-history":[{"count":1,"href":"https:\/\/bitacora.eniac2000.com\/index.php?rest_route=\/wp\/v2\/posts\/606\/revisions"}],"predecessor-version":[{"id":10970,"href":"https:\/\/bitacora.eniac2000.com\/index.php?rest_route=\/wp\/v2\/posts\/606\/revisions\/10970"}],"wp:attachment":[{"href":"https:\/\/bitacora.eniac2000.com\/index.php?rest_route=%2Fwp%2Fv2%2Fmedia&parent=606"}],"wp:term":[{"taxonomy":"category","embeddable":true,"href":"https:\/\/bitacora.eniac2000.com\/index.php?rest_route=%2Fwp%2Fv2%2Fcategories&post=606"},{"taxonomy":"post_tag","embeddable":true,"href":"https:\/\/bitacora.eniac2000.com\/index.php?rest_route=%2Fwp%2Fv2%2Ftags&post=606"},{"taxonomy":"series","embeddable":true,"href":"https:\/\/bitacora.eniac2000.com\/index.php?rest_route=%2Fwp%2Fv2%2Fseries&post=606"}],"curies":[{"name":"wp","href":"https:\/\/api.w.org\/{rel}","templated":true}]}}