{"id":612,"date":"2007-04-26T00:36:16","date_gmt":"2007-04-25T22:36:16","guid":{"rendered":"http:\/\/bitacora.eniac2000.com\/?p=612"},"modified":"2025-10-11T00:01:40","modified_gmt":"2025-10-10T22:01:40","slug":"cronica-del-camino-frances-dia-4","status":"publish","type":"post","link":"https:\/\/bitacora.eniac2000.com\/?p=612","title":{"rendered":"Cr\u00f3nica del Camino Franc\u00e9s: D\u00eda 4"},"content":{"rendered":"<div class=\"seriesmeta\">Esta entrada es la parte 5 de 5 de la serie <a href=\"https:\/\/bitacora.eniac2000.com\/?series=camino-de-santiago-2007\" class=\"series-1828\" title=\"Camino de Santiago 2007\">Camino de Santiago 2007<\/a><\/div><p>El cuarto y \u00faltimo d\u00eda de etapa nos sorprendi\u00f3 con una magn\u00edfica ma\u00f1ana. \u00cdbamos a afrontar la etapa que en un principio se supon\u00eda m\u00e1s larga, pero que habida cuenta del exceso de kilometraje recorrido el d\u00eda anterior se hab\u00eda quedado bastante recortada. Por otro lado, era la que sobre el papel ten\u00eda el perfil m\u00e1s asequible. La situaci\u00f3n, pues pintaba muy favorable: buen d\u00eda, etapa recortadita (52 km. frente a los 68 que ten\u00edamos planeado) y perfil asequible. Nos las promet\u00edamos felices. Pronto saldr\u00edamos de nuestro error.<\/p>\n<p>La salida de Melide volvi\u00f3 a ofrecernos una bella estampa del agro gallego. Y, oh sorpresa, las bromitas empezaban pronto. \u00bfDe d\u00f3nde hab\u00eda salido ese cuest\u00f3n del 15? Como todo fuera as\u00ed, \u00edbamos a pasarlo divertido.<\/p>\n<p><figure class=\"wp-block-piwigo-gallery-single-image piwigo-single-image\"><a href=\"https:\/\/www.eniac2000.com\/piwigo\/picture.php?\/1397\" target=\"_blank\" rel=\"noopener noreferrer\"><img decoding=\"async\" src=\"https:\/\/www.eniac2000.com\/piwigo\/_data\/i\/galleries\/albums\/2007-04-camino-frances\/fotografias_fran\/Imagen089-me.jpg\" alt=\"Imagen089\" \/><\/a><figcaption><strong>Imagen089<\/strong><\/figcaption><\/figure><br \/>\n<strong>Tirando de la bici<\/strong><\/p>\n<p>Pues s\u00ed: fue divertido. Divertid\u00edsimo. A lo largo de toda la etapa tuvimos que afrontar vertiginosas bajadas, dur\u00edsimas subidas e inexplicables cambios de tiempo, pasando del radiante sol del inicio a tremendos bancos de niebla (como el que se form\u00f3 junto al r\u00edo Iso -9000-), pasando por nublados y vueltas a de nuevo al sol. Un d\u00eda, sin lugar a dudas, variado.<\/p>\n<p><figure class=\"wp-block-piwigo-gallery-single-image piwigo-single-image\"><a href=\"https:\/\/www.eniac2000.com\/piwigo\/picture.php?\/1226\" target=\"_blank\" rel=\"noopener noreferrer\"><img decoding=\"async\" src=\"https:\/\/www.eniac2000.com\/piwigo\/_data\/i\/galleries\/albums\/2007-04-camino-frances\/fotografias-javi\/DSC08600-me.JPG\" alt=\"DSC08600\" \/><\/a><figcaption><strong>DSC08600<\/strong><\/figcaption><\/figure><br \/>\n<strong>Cruce del r\u00edo Iso<\/strong><\/p>\n<p>En Arz\u00faa, y tras llevar recorrido un tercio de la etapa, volvimos a encontrarnos con el peregrino pamplonica con el que hab\u00edamos estado de ch\u00e1chara el d\u00eda anterior. Tras saludarnos, nos refiri\u00f3 la historia del d\u00eda anterior, en la que se fueron de farra a celebrar la aparici\u00f3n de la mochila. Tras un rato de ch\u00e1chara, seguimos nuestro camino.<\/p>\n<p>La etapa continu\u00f3 por los mismos derroteros que hab\u00eda tenido en el primer tercio del recorrido: continuas subidas y bajadas, cortas pero intensas. La principal novedad vino en la gran cantidad de gente que nos encontramos haciendo el Camino: se notaba la cercan\u00eda de Santiago. La tranquilidad, pues, se hab\u00eda acabado. Dentro de esta afluencia de gente cabe destacar la presencia del ciclista catal\u00e1n. Era un se\u00f1or maduro, a piques de pasar de la cincuentena. Hab\u00eda salido de Roncesvalles y viajaba solo. Ten\u00eda previsto hacer noche en Monte do Gozo, ya que su familia, seg\u00fan nos cont\u00f3, no llegaba hasta el d\u00eda siguiente. Pero desde luego, para hacer noche a 6 kil\u00f3metros de Santiago, corr\u00eda que se las pelaba. En las subidas no ten\u00edamos demasiado que envidiarle, pero en bajadas y llano era una m\u00e1quina de dar pedales. No pas\u00f3 mucho tiempo antes de que nos dejara atr\u00e1s. Aunque, al fin y al cabo, \u00edbamos disfrutando del paisaje y parando de cuando en cuando a hacer fotos.<\/p>\n<p><figure class=\"wp-block-piwigo-gallery-single-image piwigo-single-image\"><a href=\"https:\/\/www.eniac2000.com\/piwigo\/picture.php?\/1229\" target=\"_blank\" rel=\"noopener noreferrer\"><img decoding=\"async\" src=\"https:\/\/www.eniac2000.com\/piwigo\/_data\/i\/galleries\/albums\/2007-04-camino-frances\/fotografias-javi\/DSC08603-me.JPG\" alt=\"DSC08603\" \/><\/a><figcaption><strong>DSC08603<\/strong><\/figcaption><\/figure><br \/>\n<strong>El ciclista catal\u00e1n pasando por una aldea<\/strong><\/p>\n<p>Y as\u00ed, poco a poco, nos fuimos acercando al final de etapa. La \u00faltima parte verdaderamente bonita del Camino la superamos en las cercan\u00edas de Lavacolla, donde la \u00faltima <em>corredoira<\/em> del Camino se desped\u00eda de nosotros de una manera un tanto ir\u00f3nica: dado que no querr\u00eda que la olvid\u00e1ramos, nos dejaba ir afrontando una pendiente brutal. Aunque la belleza del momento casi lo compensaba. Casi.<\/p>\n<p><figure class=\"wp-block-piwigo-gallery-single-image piwigo-single-image\"><a href=\"https:\/\/www.eniac2000.com\/piwigo\/picture.php?\/1232\" target=\"_blank\" rel=\"noopener noreferrer\"><img decoding=\"async\" src=\"https:\/\/www.eniac2000.com\/piwigo\/_data\/i\/galleries\/albums\/2007-04-camino-frances\/fotografias-javi\/DSC08606-me.JPG\" alt=\"DSC08606\" \/><\/a><figcaption><strong>DSC08606<\/strong><\/figcaption><\/figure><br \/>\n<strong>Subiendo la corredoira a golpe de ri\u00f1\u00f3n<\/strong><\/p>\n<p>La subida hasta el aeropuerto de Lavacolla fue larga y dura. Dureza incrementada, adem\u00e1s, por un sol que ca\u00eda a plomo sobre nosotros, en una zona que se encontraba m\u00e1s desarbolada de lo que el entorno nos ten\u00eda acostumbrados, en una zona de eucaliptos que parec\u00eda haber sufrido los efectos de los incendios del verano de 2006.<\/p>\n<p>Una vez que llegamos al aeropuerto, comenzamos un nuevo descenso, el \u00faltimo antes de afrontar la nueva subida, la del Monte do Gozo. Pero ese descenso, como el resto de la etapa, estaba punteado de tremendos repechos que hac\u00edan estremecerse al m\u00e1s pintado. Y as\u00ed, pregunt\u00e1ndonos qu\u00e9 ser\u00eda lo siguiente, llegamos a las primeras estribaciones del Monte do Gozo.<\/p>\n<p><figure class=\"wp-block-piwigo-gallery-single-image piwigo-single-image\"><a href=\"https:\/\/www.eniac2000.com\/piwigo\/picture.php?\/1234\" target=\"_blank\" rel=\"noopener noreferrer\"><img decoding=\"async\" src=\"https:\/\/www.eniac2000.com\/piwigo\/_data\/i\/galleries\/albums\/2007-04-camino-frances\/fotografias-javi\/DSC08608-me.JPG\" alt=\"DSC08608\" \/><\/a><figcaption><strong>DSC08608<\/strong><\/figcaption><\/figure><br \/>\n<strong>Fran en plena subida de una pared<\/strong><\/p>\n<p>El Monte do Gozo apenas parec\u00eda una <em>tachuela<\/em> en el perfil de etapa que manej\u00e1bamos. Pero fuera por lo que fuese, la hora (pas\u00e1bamos la una de la tarde), el calor o bien los casi 200 kil\u00f3metros que llev\u00e1bamos en las piernas, hizo que su subida se nos atragantara un poco. La cercan\u00eda de Santiago, pese a todo, nos daba \u00e1nimos, como el que me hizo vaciarme en dos fastidiosos repechos, que hube de subir apretando los dientes y engranando marchas duras para coger <em>reprise<\/em> en las bajadas que las anteced\u00edan. Pero sab\u00eda que si no era as\u00ed, con aquellas breves explosiones de fuerza, no podr\u00eda superarlos. Aun as\u00ed, cumplimos el objetivo: llegamos como unos campeones al albergue de Monte do Gozo. Y no eran ni las dos de la tarde. Hab\u00edamos superado de largo la mejor de las expectativas, dado que no esperaba llegar a las cercan\u00edas de Santiago hasta media tarde. Y el d\u00eda se hab\u00eda vuelto a nublar. <\/p>\n<p><figure class=\"wp-block-piwigo-gallery-single-image piwigo-single-image\"><a href=\"https:\/\/www.eniac2000.com\/piwigo\/picture.php?\/1242\" target=\"_blank\" rel=\"noopener noreferrer\"><img decoding=\"async\" src=\"https:\/\/www.eniac2000.com\/piwigo\/_data\/i\/galleries\/albums\/2007-04-camino-frances\/fotografias-javi\/DSC08616-me.JPG\" alt=\"DSC08616\" \/><\/a><figcaption><strong>DSC08616<\/strong><\/figcaption><\/figure><br \/>\n<strong>Fran y yo en el Monumento al Peregrino<\/strong><\/p>\n<p>Comimos en un comedor del Monte do Gozo, y tras un rato de relax, en el que volvimos a coincidir con el ciclista catal\u00e1n, con el estuvimos un rato de ch\u00e1chara, emprendimos el asalto final a Santiago. Hab\u00edamos vencido la tentaci\u00f3n de hacer final de etapa en Monte do Gozo, y las ganas de llegar eran enormes. Atravesamos el anillo industrial que rodea Santiago, y entramos en la ciudad.<\/p>\n<p><figure class=\"wp-block-piwigo-gallery-single-image piwigo-single-image\"><a href=\"https:\/\/www.eniac2000.com\/piwigo\/picture.php?\/1243\" target=\"_blank\" rel=\"noopener noreferrer\"><img decoding=\"async\" src=\"https:\/\/www.eniac2000.com\/piwigo\/_data\/i\/galleries\/albums\/2007-04-camino-frances\/fotografias-javi\/DSC08617-me.JPG\" alt=\"DSC08617\" \/><\/a><figcaption><strong>DSC08617<\/strong><\/figcaption><\/figure><br \/>\n<strong>Entrada de Santiago<\/strong><\/p>\n<p>Luego de callejear un poco, y tras perdernos un poco en la entrada en el casco hist\u00f3rico (de buenas a primeras dejamos de ver flechas), lo conseguimos. Llegamos a la catedral por la r\u00faa de la Azibacher\u00eda y la Plaza de la Inmaculada. All\u00ed est\u00e1bamos. Parec\u00eda mentira.<\/p>\n<p><figure class=\"wp-block-piwigo-gallery-single-image piwigo-single-image\"><a href=\"https:\/\/www.eniac2000.com\/piwigo\/picture.php?\/1413\" target=\"_blank\" rel=\"noopener noreferrer\"><img decoding=\"async\" src=\"https:\/\/www.eniac2000.com\/piwigo\/_data\/i\/galleries\/albums\/2007-04-camino-frances\/fotografias_fran\/Imagen105-me.jpg\" alt=\"Imagen105\" \/><\/a><figcaption><strong>Imagen105<\/strong><\/figcaption><\/figure><br \/>\n<strong>Plaza de la Inmaculada<\/strong><\/p>\n<p>Tras la obligada parada en la Plaza del Obradoiro, donde pudimos ver una <a href=\"http:\/\/bitacora.eniac2000.com\/wp-gallery2.php?g2_view=core.ShowItem&#038;g2_itemId=10729\">concentraci\u00f3n de Ferraris<\/a>, nos dirigimos a la Oficina del Peregrino, a cumplir con el papeleo. Qu\u00e9 ser\u00eda de este pa\u00eds sin la burocracia. All\u00ed mismo, muy amablemente, nos informaron de que una cercana pensi\u00f3n ten\u00eda habitaciones libres. Y tan cercana, en los mismos soportales de la r\u00faa del Villar, a apenas 20 metros de la Oficina del Peregrino, y a 50 de la Catedral. Eso s\u00ed que era llegar y besar el santo.<\/p>\n<p>Y hablando de eso: tras adecentarnos un poco, llegamos al verdadero final. La tumba del Ap\u00f3stol, y su estatua. All\u00ed salud\u00e9 al viejo amigo. Porque despu\u00e9s de tres visitas, es ya casi de la pandilla.<\/p>\n<p>Como cosa curiosa, Fran y yo debimos de ser de las \u00faltimas personas que pudieron cumplir con la tradici\u00f3n de apoyarse en la columna que hace de parteluz en el P\u00f3rtico de la Gloria, y de dar el coscorr\u00f3n al Maestro Mateo -Santo dos Croques-, a su espalda, ya que a la ma\u00f1ana siguiente aparec\u00eda vallado, supuestamente por obras de restauraci\u00f3n. Sin embargo, en mi fuero interno sospecho que en realidad el vallado se debe a que los responsables de la Catedral deben de estar hasta las narices de ver hacer estupideces a la gente que llega al P\u00f3rtico, como dar cabezazos en una g\u00e1rgola, o meter las manos en sendas bocas de drag\u00f3n. P\u00e9rez-Reverte tiene raz\u00f3n, algunos merecen no que les amurallen el g\u00f3tico (\u00e9l se refer\u00eda a la Catedral de Palma de Mallorca), sino que se lo rodeen de alambre de espino y siembren minas. Para el rom\u00e1nico tambi\u00e9n vale lo mismo.<\/p>\n<p><figure class=\"wp-block-piwigo-gallery-single-image piwigo-single-image\"><a href=\"https:\/\/www.eniac2000.com\/piwigo\/picture.php?\/1306\" target=\"_blank\" rel=\"noopener noreferrer\"><img decoding=\"async\" src=\"https:\/\/www.eniac2000.com\/piwigo\/_data\/i\/galleries\/albums\/2007-04-camino-frances\/fotografias-javi\/DSC08681-me.JPG\" alt=\"DSC08681\" \/><\/a><figcaption><strong>DSC08681<\/strong><\/figcaption><\/figure><br \/>\n<strong>P\u00f3rtico de la Gloria vallado<\/strong><\/p>\n<p>As\u00ed pues, hab\u00eda terminado el viaje. Ya tan s\u00f3lo quedaba el relax. Fran no part\u00eda de vuelta a Sevilla hasta la tarde del d\u00eda siguiente, y yo no har\u00eda lo propio, pero en direcci\u00f3n Pontevedra, hasta entonces. En las siguientes 24 horas tuvimos oportunidad de ver un <a href=\"http:\/\/bitacora.eniac2000.com\/wp-gallery2.php?g2_view=core.ShowItem&#038;g2_itemId=10817\">Mercedes por delante de un Ferrari de F\u00f3rmula 1<\/a>, contemplar las archiconocidas<a href=\"http:\/\/bitacora.eniac2000.com\/wp-gallery2.php?g2_view=core.ShowItem&#038;g2_itemId=10897\"> procesiones de Semana Santa<\/a> de Santiago de Compostela, hincharnos a comer en Casa Manolo, afamado restaurante compostelano, irnos de garitos en torno a la Universidad de Santiago, visitar el Museo de la Catedral y la iglesia de San Mart\u00edn Pinario (no, <strong>Binario<\/strong> no, Pinario), y, por supuesto, asistir a la Misa del Peregrino.<\/p>\n<p>Y color\u00edn, colorado, esta cr\u00f3nica ha terminado.<\/p>\n<p><strong>Resumen de la etapa:<\/strong><\/p>\n<ul>\n<li><strong>Recorrido previsto:<\/strong> Melide &#8211; Santiago de Compostela<\/li>\n<li><strong>Recorrido realizado:<\/strong> Melide &#8211; Santiago de Compostela<\/li>\n<li><strong>Distancia indicada en la gu\u00eda:<\/strong> 52 km.<\/li>\n<li><strong>Distancia marcada:<\/strong> aprox. 58 km.<\/li>\n<li><strong>Comida en: <\/strong>autoservicio de Monte do Gozo. Aceptable<\/li>\n<li><strong>Cena en: <\/strong>Santiago de Compostela, Casa Manolo. Excelente y barato<\/li>\n<li><strong>Hospedaje:<\/strong> Santiago de Compostela, Pensi\u00f3n R\u00faa del Villar. Aceptable, muy bien situado<\/li>\n<\/ul>\n","protected":false},"excerpt":{"rendered":"<div class=\"seriesmeta\">Esta entrada es la parte 5 de 5 de la serie <a href=\"https:\/\/bitacora.eniac2000.com\/?series=camino-de-santiago-2007\" class=\"series-1828\" title=\"Camino de Santiago 2007\">Camino de Santiago 2007<\/a><\/div><p>El cuarto y \u00faltimo d\u00eda de etapa nos sorprendi\u00f3 con<\/p>\n","protected":false},"author":1,"featured_media":0,"comment_status":"open","ping_status":"open","sticky":false,"template":"","format":"standard","meta":{"advanced_seo_description":"","jetpack_seo_html_title":"","jetpack_seo_noindex":false,"_jetpack_memberships_contains_paid_content":false,"footnotes":"","jetpack_publicize_message":"","jetpack_publicize_feature_enabled":true,"jetpack_social_post_already_shared":false,"jetpack_social_options":{"image_generator_settings":{"template":"highway","default_image_id":0,"font":"","enabled":false},"version":2}},"categories":[2],"tags":[],"series":[1828],"class_list":["post-612","post","type-post","status-publish","format-standard","hentry","category-camino-de-santiago","series-camino-de-santiago-2007"],"jetpack_publicize_connections":[],"jetpack_featured_media_url":"","jetpack_sharing_enabled":true,"_links":{"self":[{"href":"https:\/\/bitacora.eniac2000.com\/index.php?rest_route=\/wp\/v2\/posts\/612","targetHints":{"allow":["GET"]}}],"collection":[{"href":"https:\/\/bitacora.eniac2000.com\/index.php?rest_route=\/wp\/v2\/posts"}],"about":[{"href":"https:\/\/bitacora.eniac2000.com\/index.php?rest_route=\/wp\/v2\/types\/post"}],"author":[{"embeddable":true,"href":"https:\/\/bitacora.eniac2000.com\/index.php?rest_route=\/wp\/v2\/users\/1"}],"replies":[{"embeddable":true,"href":"https:\/\/bitacora.eniac2000.com\/index.php?rest_route=%2Fwp%2Fv2%2Fcomments&post=612"}],"version-history":[{"count":1,"href":"https:\/\/bitacora.eniac2000.com\/index.php?rest_route=\/wp\/v2\/posts\/612\/revisions"}],"predecessor-version":[{"id":10971,"href":"https:\/\/bitacora.eniac2000.com\/index.php?rest_route=\/wp\/v2\/posts\/612\/revisions\/10971"}],"wp:attachment":[{"href":"https:\/\/bitacora.eniac2000.com\/index.php?rest_route=%2Fwp%2Fv2%2Fmedia&parent=612"}],"wp:term":[{"taxonomy":"category","embeddable":true,"href":"https:\/\/bitacora.eniac2000.com\/index.php?rest_route=%2Fwp%2Fv2%2Fcategories&post=612"},{"taxonomy":"post_tag","embeddable":true,"href":"https:\/\/bitacora.eniac2000.com\/index.php?rest_route=%2Fwp%2Fv2%2Ftags&post=612"},{"taxonomy":"series","embeddable":true,"href":"https:\/\/bitacora.eniac2000.com\/index.php?rest_route=%2Fwp%2Fv2%2Fseries&post=612"}],"curies":[{"name":"wp","href":"https:\/\/api.w.org\/{rel}","templated":true}]}}