{"id":70,"date":"2005-05-23T17:17:41","date_gmt":"2005-05-23T15:17:41","guid":{"rendered":"http:\/\/bitacora.eniac2000.com\/?p=70"},"modified":"2005-05-23T17:17:41","modified_gmt":"2005-05-23T15:17:41","slug":"que-ha-pasado-con-los-canis","status":"publish","type":"post","link":"https:\/\/bitacora.eniac2000.com\/?p=70","title":{"rendered":"\u00bfQu\u00e9 ha pasado con los canis?"},"content":{"rendered":"<p>Hablando con <a href=\"http:\/\/www.csc.liv.ac.uk\/~jcantais\/\">Jaime<\/a> y <a href=\"http:\/\/lordtaran.bitacoras.com\">Taran<\/a>, nos acordamos de la pol\u00e9mica que hubo hace alg\u00fan tiempo en Sevilla con los <a href=\"http:\/\/actualidad.terra.es\/provincias\/sevilla\/articulo\/canis_internet_tambien_267978.htm\">Canis<\/a>: saltaron a la fama <a href=\"http:\/\/www.europasur.com\/europasur\/articulo.asp?idart=1206172&#038;idcat=1226\">semanas antes<\/a> de la Feria de Abril, alcanzaron su m\u00e1ximo apogeo en <a href=\"http:\/\/www.elmundo.es\/suplementos\/cronica\/2005\/499\/1115503214.html\">\u00e9sta<\/a> y, de buenas a primeras, <a href=\"http:\/\/news.google.es\/news?hl=es&#038;ned=es&#038;q=canis+sevilla&#038;btnG=Buscar+en+Noticias\">desaparecieron de la faz de la prensa<\/a>. <\/p>\n<p>La verdad, no s\u00e9 a qu\u00e9 se debe. No salgo mucho por Sevilla (prefiero hacerlo por C\u00f3rdoba), as\u00ed que no frecuento los supuestos <em>lugares de caza<\/em> de los canis, pero mucho me huele a que ha sido una exageraci\u00f3n de los medios de comunicaci\u00f3n sevillanos, como la que vivimos en Madrid el a\u00f1o pasado con <a href=\"http:\/\/www.belt.es\/noticias\/2004\/marzo\/11\/violencia.htm\">grupos de neonazis<\/a> que hac\u00edan la <a href=\"http:\/\/www.tugueb.com\/e_campus\/2003\/12\/gu\/465\/leyendas_urbanas\/\"><em>sonrisa del J\u00f3ker<\/em><\/a> a gente en Ciudad Universitaria. Ser\u00e1 que, simplemente, ahora hay noticias <a href=\"http:\/\/www.diariodesevilla.com\/diariodesevilla\/articulo.asp?idart=1335016&#038;idcat=1168\">m\u00e1s interesantes<\/a>.<\/p>\n","protected":false},"excerpt":{"rendered":"<p>Hablando con Jaime y Taran, nos acordamos de la pol\u00e9mica<\/p>\n","protected":false},"author":1,"featured_media":0,"comment_status":"open","ping_status":"open","sticky":false,"template":"","format":"standard","meta":{"advanced_seo_description":"","jetpack_seo_html_title":"","jetpack_seo_noindex":false,"_jetpack_memberships_contains_paid_content":false,"footnotes":"","jetpack_publicize_message":"","jetpack_publicize_feature_enabled":true,"jetpack_social_post_already_shared":false,"jetpack_social_options":{"image_generator_settings":{"template":"highway","default_image_id":0,"font":"","enabled":false},"version":2}},"categories":[20],"tags":[],"series":[],"class_list":["post-70","post","type-post","status-publish","format-standard","hentry","category-vida-corriente"],"jetpack_publicize_connections":[],"jetpack_featured_media_url":"","jetpack_sharing_enabled":true,"_links":{"self":[{"href":"https:\/\/bitacora.eniac2000.com\/index.php?rest_route=\/wp\/v2\/posts\/70","targetHints":{"allow":["GET"]}}],"collection":[{"href":"https:\/\/bitacora.eniac2000.com\/index.php?rest_route=\/wp\/v2\/posts"}],"about":[{"href":"https:\/\/bitacora.eniac2000.com\/index.php?rest_route=\/wp\/v2\/types\/post"}],"author":[{"embeddable":true,"href":"https:\/\/bitacora.eniac2000.com\/index.php?rest_route=\/wp\/v2\/users\/1"}],"replies":[{"embeddable":true,"href":"https:\/\/bitacora.eniac2000.com\/index.php?rest_route=%2Fwp%2Fv2%2Fcomments&post=70"}],"version-history":[{"count":0,"href":"https:\/\/bitacora.eniac2000.com\/index.php?rest_route=\/wp\/v2\/posts\/70\/revisions"}],"wp:attachment":[{"href":"https:\/\/bitacora.eniac2000.com\/index.php?rest_route=%2Fwp%2Fv2%2Fmedia&parent=70"}],"wp:term":[{"taxonomy":"category","embeddable":true,"href":"https:\/\/bitacora.eniac2000.com\/index.php?rest_route=%2Fwp%2Fv2%2Fcategories&post=70"},{"taxonomy":"post_tag","embeddable":true,"href":"https:\/\/bitacora.eniac2000.com\/index.php?rest_route=%2Fwp%2Fv2%2Ftags&post=70"},{"taxonomy":"series","embeddable":true,"href":"https:\/\/bitacora.eniac2000.com\/index.php?rest_route=%2Fwp%2Fv2%2Fseries&post=70"}],"curies":[{"name":"wp","href":"https:\/\/api.w.org\/{rel}","templated":true}]}}