{"id":704,"date":"2007-07-28T21:20:43","date_gmt":"2007-07-28T19:20:43","guid":{"rendered":"http:\/\/bitacora.eniac2000.com\/?p=704"},"modified":"2007-07-28T21:20:43","modified_gmt":"2007-07-28T19:20:43","slug":"los-primeros-incendios-del-verano","status":"publish","type":"post","link":"https:\/\/bitacora.eniac2000.com\/?p=704","title":{"rendered":"Los primeros incendios del verano"},"content":{"rendered":"<p>En estos momentos la ciudad de C\u00f3rdoba se encuentra cubierta por el humo del que es el primer incendio de entidad de lo que llevamos de verano. Un <a href=\"http:\/\/www.abc.es\/20070728\/cordoba-cordoba\/incendio-afecta-campo-maniobras_200707280308.html\">incendio en el campo de tiro de Cerro Muriano<\/a> es el responsable de esta nube de ceniza que se abate sobre la ciudad.<\/p>\n<p>El fuego se inici\u00f3 ayer por la tarde, y como suele suceder en estos casos, los bomberos no pueden acceder al campo de tiro ante el temor de la existencia de munici\u00f3n sin explosionar. Las columnas de humo del fuego son visibles desde el parque de la Asomadilla, en direcci\u00f3n noreste.<\/p>\n<p>Por otro lado, se ha registrado otro incendio en la zona de las <a href=\"http:\/\/actualidad.terra.es\/provincias\/articulo\/declarado_cordoba_incendio_termino_municipal_1745147.htm\">Siete Fincas<\/a>, que aunque a primeras horas de la tarde parec\u00eda controlado, se ha reavivado por el fuerte calor que hoy estamos sufriendo.<\/p>\n<p>Adem\u00e1s, otro incendio en Las Dos Columnas (al norte de la ciudad) obligaba a <a href=\"http:\/\/actualidad.terra.es\/ciencia\/articulo\/desalojados_sierra_cordoba_1745215.htm\">desalojar a una cincuentena de vecinos<\/a> ante el temor de que el fuego llegara hasta sus viviendas.<\/p>\n<p><strong>Editado:<\/strong> A estas alturas el fuego de Cerro Muriano ha quemado m\u00e1s de 2500 hect\u00e1reas, y se ha convertido, junto con el de Canarias, en el mayor incendio en lo que llevamos de a\u00f1o.<\/p>\n","protected":false},"excerpt":{"rendered":"<p>En estos momentos la ciudad de C\u00f3rdoba se encuentra cubierta<\/p>\n","protected":false},"author":1,"featured_media":0,"comment_status":"open","ping_status":"open","sticky":false,"template":"","format":"standard","meta":{"advanced_seo_description":"","jetpack_seo_html_title":"","jetpack_seo_noindex":false,"_jetpack_memberships_contains_paid_content":false,"footnotes":"","jetpack_publicize_message":"","jetpack_publicize_feature_enabled":true,"jetpack_social_post_already_shared":false,"jetpack_social_options":{"image_generator_settings":{"template":"highway","default_image_id":0,"font":"","enabled":false},"version":2}},"categories":[20],"tags":[],"series":[],"class_list":["post-704","post","type-post","status-publish","format-standard","hentry","category-vida-corriente"],"jetpack_publicize_connections":[],"jetpack_featured_media_url":"","jetpack_sharing_enabled":true,"_links":{"self":[{"href":"https:\/\/bitacora.eniac2000.com\/index.php?rest_route=\/wp\/v2\/posts\/704","targetHints":{"allow":["GET"]}}],"collection":[{"href":"https:\/\/bitacora.eniac2000.com\/index.php?rest_route=\/wp\/v2\/posts"}],"about":[{"href":"https:\/\/bitacora.eniac2000.com\/index.php?rest_route=\/wp\/v2\/types\/post"}],"author":[{"embeddable":true,"href":"https:\/\/bitacora.eniac2000.com\/index.php?rest_route=\/wp\/v2\/users\/1"}],"replies":[{"embeddable":true,"href":"https:\/\/bitacora.eniac2000.com\/index.php?rest_route=%2Fwp%2Fv2%2Fcomments&post=704"}],"version-history":[{"count":0,"href":"https:\/\/bitacora.eniac2000.com\/index.php?rest_route=\/wp\/v2\/posts\/704\/revisions"}],"wp:attachment":[{"href":"https:\/\/bitacora.eniac2000.com\/index.php?rest_route=%2Fwp%2Fv2%2Fmedia&parent=704"}],"wp:term":[{"taxonomy":"category","embeddable":true,"href":"https:\/\/bitacora.eniac2000.com\/index.php?rest_route=%2Fwp%2Fv2%2Fcategories&post=704"},{"taxonomy":"post_tag","embeddable":true,"href":"https:\/\/bitacora.eniac2000.com\/index.php?rest_route=%2Fwp%2Fv2%2Ftags&post=704"},{"taxonomy":"series","embeddable":true,"href":"https:\/\/bitacora.eniac2000.com\/index.php?rest_route=%2Fwp%2Fv2%2Fseries&post=704"}],"curies":[{"name":"wp","href":"https:\/\/api.w.org\/{rel}","templated":true}]}}