{"id":924,"date":"2008-07-07T08:37:59","date_gmt":"2008-07-07T06:37:59","guid":{"rendered":"http:\/\/bitacora.eniac2000.com\/?p=924"},"modified":"2025-10-05T17:12:27","modified_gmt":"2025-10-05T15:12:27","slug":"roban-los-paneles-solares-del-tunel-de-las-tablas","status":"publish","type":"post","link":"https:\/\/bitacora.eniac2000.com\/?p=924","title":{"rendered":"Roban los paneles solares del t\u00fanel de las Tablas"},"content":{"rendered":"<p>Supongo que esta noticia ser\u00e1 algo antigua ya para los asiduos de la <a href=\"http:\/\/www.viasverdes.com\/viasv_htm\/vv_campina1.htm\">V\u00eda Verde de la Campi\u00f1a<\/a>, pero en fin. Este domingo sal\u00ed a dar pedales con mi padre, como parte de la preparaci\u00f3n que estamos haciendo para realizar este verano el Camino de Santiago en bicicleta. Es un recorrido agradable, bueno para hacer kil\u00f3metros alegremente, y se sale algo de lo que hacemos habitualmente. Pues bien, cual no ser\u00eda nuestra sorpresa cuando, al llegar al t\u00fanel de las Tablas (<em>T\u00fanel de los Champi\u00f1ones<\/em> para los amigos) nos encontramos que, pese a estar rehabilitado y con iluminaci\u00f3n desde hace algunos a\u00f1os, se encontraba sin luz. Un cartel avisaba a los usuarios que, lamentablemente, el t\u00fanel se hallaba sin iluminaci\u00f3n porque alguien hab\u00eda robado los paneles solares que alimentan el sistema:<\/p>\n<p><figure class=\"wp-block-piwigo-gallery-single-image piwigo-single-image\"><a href=\"https:\/\/www.eniac2000.com\/piwigo\/picture.php?\/8482\" target=\"_blank\" rel=\"noopener noreferrer\"><img decoding=\"async\" src=\"https:\/\/www.eniac2000.com\/piwigo\/_data\/i\/galleries\/albums\/ciclismo\/2008-07-06-guadalcazar\/Foto0033-me.jpg\" alt=\"Foto0033\" \/><\/a><figcaption><strong>Foto0033<\/strong><\/figcaption><\/figure><br \/>\n<strong>Salida del t\u00fanel, ya sin los paneles<\/strong><\/p>\n<p>Es un t\u00fanel de unos 325 m. de largo. Por suerte el firme est\u00e1 bien acondicionado, y no hay socavones ni nada, y pese a la tremenda oscuridad de la parte media del trazado, se puede ir aceptablemente bien. Pero no deja de ser triste que por la labor de alg\u00fan que otro desaprensivo, un agradable tr\u00e1mite, que es lo que antes supon\u00eda cruzar el t\u00fanel, se haya convertido en un peque\u00f1o acto de fe. De fe en que no te vas a pegar un talegazo en mitad del t\u00fanel, vaya. Espero que en un plazo razonablemente breve se llegue a alg\u00fan tipo de soluci\u00f3n de este problema.<\/p>\n<p>P.D.: Para los incr\u00e9dulos. El Guadalquivir en C\u00f3rdoba s\u00ed que lleva agua, incluso en julio. <img src=\"https:\/\/bitacora.eniac2000.com\/wp-includes\/images\/smilies\/mrgreen.png\" alt=\":mrgreen:\" class=\"wp-smiley\" style=\"height: 1em; max-height: 1em;\" \/><br \/>\n<figure class=\"wp-block-piwigo-gallery-single-image piwigo-single-image\"><a href=\"https:\/\/www.eniac2000.com\/piwigo\/picture.php?\/8485\" target=\"_blank\" rel=\"noopener noreferrer\"><img decoding=\"async\" src=\"https:\/\/www.eniac2000.com\/piwigo\/_data\/i\/galleries\/albums\/ciclismo\/2008-07-06-guadalcazar\/Foto0036-me.jpg\" alt=\"Foto0036\" \/><\/a><figcaption><strong>Foto0036<\/strong><\/figcaption><\/figure><\/p>\n","protected":false},"excerpt":{"rendered":"<p>Supongo que esta noticia ser\u00e1 algo antigua ya para los<\/p>\n","protected":false},"author":1,"featured_media":0,"comment_status":"open","ping_status":"open","sticky":false,"template":"","format":"standard","meta":{"advanced_seo_description":"","jetpack_seo_html_title":"","jetpack_seo_noindex":false,"_jetpack_memberships_contains_paid_content":false,"footnotes":"","jetpack_publicize_message":"","jetpack_publicize_feature_enabled":true,"jetpack_social_post_already_shared":false,"jetpack_social_options":{"image_generator_settings":{"template":"highway","default_image_id":0,"font":"","enabled":false},"version":2}},"categories":[8],"tags":[],"series":[],"class_list":["post-924","post","type-post","status-publish","format-standard","hentry","category-deporte"],"jetpack_publicize_connections":[],"jetpack_featured_media_url":"","jetpack_sharing_enabled":true,"_links":{"self":[{"href":"https:\/\/bitacora.eniac2000.com\/index.php?rest_route=\/wp\/v2\/posts\/924","targetHints":{"allow":["GET"]}}],"collection":[{"href":"https:\/\/bitacora.eniac2000.com\/index.php?rest_route=\/wp\/v2\/posts"}],"about":[{"href":"https:\/\/bitacora.eniac2000.com\/index.php?rest_route=\/wp\/v2\/types\/post"}],"author":[{"embeddable":true,"href":"https:\/\/bitacora.eniac2000.com\/index.php?rest_route=\/wp\/v2\/users\/1"}],"replies":[{"embeddable":true,"href":"https:\/\/bitacora.eniac2000.com\/index.php?rest_route=%2Fwp%2Fv2%2Fcomments&post=924"}],"version-history":[{"count":0,"href":"https:\/\/bitacora.eniac2000.com\/index.php?rest_route=\/wp\/v2\/posts\/924\/revisions"}],"wp:attachment":[{"href":"https:\/\/bitacora.eniac2000.com\/index.php?rest_route=%2Fwp%2Fv2%2Fmedia&parent=924"}],"wp:term":[{"taxonomy":"category","embeddable":true,"href":"https:\/\/bitacora.eniac2000.com\/index.php?rest_route=%2Fwp%2Fv2%2Fcategories&post=924"},{"taxonomy":"post_tag","embeddable":true,"href":"https:\/\/bitacora.eniac2000.com\/index.php?rest_route=%2Fwp%2Fv2%2Ftags&post=924"},{"taxonomy":"series","embeddable":true,"href":"https:\/\/bitacora.eniac2000.com\/index.php?rest_route=%2Fwp%2Fv2%2Fseries&post=924"}],"curies":[{"name":"wp","href":"https:\/\/api.w.org\/{rel}","templated":true}]}}