{"id":953,"date":"2008-09-10T23:01:01","date_gmt":"2008-09-10T21:01:01","guid":{"rendered":"http:\/\/bitacora.eniac2000.com\/?p=953"},"modified":"2008-09-10T23:01:01","modified_gmt":"2008-09-10T21:01:01","slug":"plaga-de-chinches-en-el-camino-frances-de-santiago","status":"publish","type":"post","link":"https:\/\/bitacora.eniac2000.com\/?p=953","title":{"rendered":"Plaga de chinches en el Camino Franc\u00e9s de Santiago"},"content":{"rendered":"<p>Leo hoy con estupor que las Asociaciones de Amigos del Camino de Santiago han advertido de la existencia de una <a href=\"http:\/\/www.nortecastilla.es\/20080909\/local\/castilla-leon\/advierten-plaga-chinches-camino-200809091715.html\">plaga de chinches a lo largo del Camino Franc\u00e9s<\/a>. La plaga, <a href=\"http:\/\/www.20minutos.es\/noticia\/410526\/0\/chinches\/camino\/santiago\/\">originada en Francia<\/a>, se habr\u00eda ido propagando de albergue en albergue transportada en las mochilas de los peregrinos.<\/p>\n<p>En fin, al menos yo ya tengo tachado de la lista de Caminos pendientes el Franc\u00e9s, pero a\u00fan queda al menos uno (el Primitivo) que toca en parte recorrido del Franc\u00e9s. Espero que para las fechas del a\u00f1o que viene en que estemos por all\u00e1 hayan atajado el problema. Y si no, en el tramo Franc\u00e9s iremos a establecimientos privados.<\/p>\n","protected":false},"excerpt":{"rendered":"<p>Leo hoy con estupor que las Asociaciones de Amigos del<\/p>\n","protected":false},"author":1,"featured_media":0,"comment_status":"open","ping_status":"open","sticky":false,"template":"","format":"standard","meta":{"advanced_seo_description":"","jetpack_seo_html_title":"","jetpack_seo_noindex":false,"_jetpack_memberships_contains_paid_content":false,"footnotes":"","jetpack_publicize_message":"","jetpack_publicize_feature_enabled":true,"jetpack_social_post_already_shared":false,"jetpack_social_options":{"image_generator_settings":{"template":"highway","default_image_id":0,"font":"","enabled":false},"version":2}},"categories":[2],"tags":[],"series":[],"class_list":["post-953","post","type-post","status-publish","format-standard","hentry","category-camino-de-santiago"],"jetpack_publicize_connections":[],"jetpack_featured_media_url":"","jetpack_sharing_enabled":true,"_links":{"self":[{"href":"https:\/\/bitacora.eniac2000.com\/index.php?rest_route=\/wp\/v2\/posts\/953","targetHints":{"allow":["GET"]}}],"collection":[{"href":"https:\/\/bitacora.eniac2000.com\/index.php?rest_route=\/wp\/v2\/posts"}],"about":[{"href":"https:\/\/bitacora.eniac2000.com\/index.php?rest_route=\/wp\/v2\/types\/post"}],"author":[{"embeddable":true,"href":"https:\/\/bitacora.eniac2000.com\/index.php?rest_route=\/wp\/v2\/users\/1"}],"replies":[{"embeddable":true,"href":"https:\/\/bitacora.eniac2000.com\/index.php?rest_route=%2Fwp%2Fv2%2Fcomments&post=953"}],"version-history":[{"count":0,"href":"https:\/\/bitacora.eniac2000.com\/index.php?rest_route=\/wp\/v2\/posts\/953\/revisions"}],"wp:attachment":[{"href":"https:\/\/bitacora.eniac2000.com\/index.php?rest_route=%2Fwp%2Fv2%2Fmedia&parent=953"}],"wp:term":[{"taxonomy":"category","embeddable":true,"href":"https:\/\/bitacora.eniac2000.com\/index.php?rest_route=%2Fwp%2Fv2%2Fcategories&post=953"},{"taxonomy":"post_tag","embeddable":true,"href":"https:\/\/bitacora.eniac2000.com\/index.php?rest_route=%2Fwp%2Fv2%2Ftags&post=953"},{"taxonomy":"series","embeddable":true,"href":"https:\/\/bitacora.eniac2000.com\/index.php?rest_route=%2Fwp%2Fv2%2Fseries&post=953"}],"curies":[{"name":"wp","href":"https:\/\/api.w.org\/{rel}","templated":true}]}}