{"id":970,"date":"2008-09-19T12:16:35","date_gmt":"2008-09-19T10:16:35","guid":{"rendered":"http:\/\/bitacora.eniac2000.com\/?p=970"},"modified":"2025-10-11T04:45:32","modified_gmt":"2025-10-11T02:45:32","slug":"camino-de-la-costa-dias-previos","status":"publish","type":"post","link":"https:\/\/bitacora.eniac2000.com\/?p=970","title":{"rendered":"Camino de la Costa: d\u00edas previos"},"content":{"rendered":"<div class=\"seriesmeta\">Esta entrada es la parte 1 de 7 de la serie <a href=\"https:\/\/bitacora.eniac2000.com\/?series=camino-de-santiago-2008\" class=\"series-1829\" title=\"Camino de Santiago 2008\">Camino de Santiago 2008<\/a><\/div><p>El Camino de Santiago de 2008 que hicimos este verano mi padre y yo arranc\u00f3 desde la ciudad de Ovideo. Sin embargo, tuvo un pr\u00f3logo interesante en la ciudad de Sevilla y la propia Oviedo. Empezamos nuestro viaje desde Sevilla, la tarde del viernes 18 de Julio, en la que hac\u00eda un calor infernal. El viaje hasta Oviedo, como no pod\u00eda ser menos teniendo en cuenta que viaj\u00e1bamos con las bicis y las alforjas, lo hicimos en autob\u00fas.Once horitas de viaje hasta la capital de Asturias, que se presentaban largas y fastidiosas. Pero aun as\u00ed no era \u00e1nimo, ni mucho menos, lo que nos faltaba. Quiz\u00e1s un poco m\u00e1s de fresco no hubiera venido mal. Qu\u00e9 lejos estaba de pensar que no demasiado tiempo despu\u00e9s casi iba a echar de menos ese calor. Casi.<\/p>\n<figure class=\"wp-block-piwigo-gallery-single-image piwigo-single-image\"><a href=\"https:\/\/www.eniac2000.com\/piwigo\/picture.php?\/3075\" target=\"_blank\" rel=\"noopener noreferrer\"><img decoding=\"async\" src=\"https:\/\/www.eniac2000.com\/piwigo\/_data\/i\/galleries\/albums\/2008-07-camino-santiago-oviedo\/dias-previos\/Camino_Santiago_2008_005-me.JPG\" alt=\"Camino Santiago 2008 005\" \/><\/a><figcaption><strong>Camino Santiago 2008 005<\/strong><\/figcaption><\/figure>\n<p>Del viaje en s\u00ed no hay gran cosa que contar: largo, pesado y aburrido. El \u00fanico motivo de inter\u00e9s era conocer las paradas del viaje que difer\u00edan con respecto a la ruta con Galicia, que es la que -obviamente- me conozco bastante bien. Eso y la lectura que llevaba: \u00abEl juego de Ender\u00bb, de Orson Scott Card. Mi padre iba leyendo a Lovecraft, una recopilaci\u00f3n de cuentos que hab\u00eda cogido de mi peque\u00f1a biblioteca.<\/p>\n<p>La primera imagen de Asturias que guardo en mi memoria es la del descenso a un valle ba\u00f1ado por la niebla, en la que poco a poco nos fuimos sumergiendo. El contraste con la parte leonesa de la cordillera Cant\u00e1brica era brutal, ya que todo el verdor que uno presum\u00eda que adornaba la zona parec\u00eda haberse resguardado de los calores veraniegos en la parte norte de las monta\u00f1as. El verdor y el blanco lechoso de la niebla. Como contraste con Sevilla no estaba mal. Y as\u00ed, a las ocho de la ma\u00f1ana, nos encontramos en una ciudad de Oviedo en la que el tiempo parec\u00eda haberse detenido en primavera: fresco, nublado y con la sensaci\u00f3n de que pod\u00eda ponerse a lloviznar en cualquier momento.<\/p>\n<figure class=\"wp-block-piwigo-gallery-single-image piwigo-single-image\"><a href=\"https:\/\/www.eniac2000.com\/piwigo\/picture.php?\/3081\" target=\"_blank\" rel=\"noopener noreferrer\"><img decoding=\"async\" src=\"https:\/\/www.eniac2000.com\/piwigo\/_data\/i\/galleries\/albums\/2008-07-camino-santiago-oviedo\/dias-previos\/Camino_Santiago_2008_011-me.JPG\" alt=\"Camino Santiago 2008 011\" \/><\/a><figcaption><strong>Camino Santiago 2008 011<\/strong><\/figcaption><\/figure>\n<p>Nos dirigimos al hotel en el que ten\u00edamos reservada habitaci\u00f3n, pero al no tener disponible la habitaci\u00f3n hasta pasado el mediod\u00eda, desayunamos all\u00ed y posteriormente fuimos a dar una vuelta por la ciudad. Una de las primeras cosas que tuve la oportunidad de ver fue la estatua de cierto personajillo hipocondr\u00edaco, que tard\u00e9 algunos segundos m\u00e1s de la cuenta en reconocer porque alg\u00fan desaprensivo -por cierto, bastante bestia- le hab\u00eda quitado las gafas:<\/p>\n<figure class=\"wp-block-piwigo-gallery-single-image piwigo-single-image\"><a href=\"https:\/\/www.eniac2000.com\/piwigo\/picture.php?\/3080\" target=\"_blank\" rel=\"noopener noreferrer\"><img decoding=\"async\" src=\"https:\/\/www.eniac2000.com\/piwigo\/_data\/i\/galleries\/albums\/2008-07-camino-santiago-oviedo\/dias-previos\/Camino_Santiago_2008_010-me.JPG\" alt=\"Camino Santiago 2008 010\" \/><\/a><figcaption><strong>Camino Santiago 2008 010<\/strong><\/figcaption><\/figure>\n<p>El resto de la ma\u00f1ana lo empleamos visitando el casco hist\u00f3rico de la ciudad, prestando especial atenci\u00f3n a la Catedral. Suelo ser un purista para el tema de las catedrales, y siempre he afirmado que de las espa\u00f1olas, la <a href=\"http:\/\/es.wikipedia.org\/wiki\/Catedral_de_Le%C3%B3n\">Pulchra Leonina<\/a> es mi favorita (pese a la evidente asimetr\u00eda del remate de las torres). Sin embargo, la catedral de Oviedo es digna de menci\u00f3n, aunque sea tan s\u00f3lo porque en su claustro tiene el olivo m\u00e1s enorme que he visto jam\u00e1s:<\/p>\n<figure class=\"wp-block-piwigo-gallery-single-image piwigo-single-image\"><a href=\"https:\/\/www.eniac2000.com\/piwigo\/picture.php?\/3104\" target=\"_blank\" rel=\"noopener noreferrer\"><img decoding=\"async\" src=\"https:\/\/www.eniac2000.com\/piwigo\/_data\/i\/galleries\/albums\/2008-07-camino-santiago-oviedo\/dias-previos\/Camino_Santiago_2008_034-me.JPG\" alt=\"Camino Santiago 2008 034\" \/><\/a><figcaption><strong>Camino Santiago 2008 034<\/strong><\/figcaption><\/figure>\n<p>Antes de volver al hotel tuvimos la oportunidad de visitar la bas\u00edlica de <a href=\"http:\/\/es.wikipedia.org\/wiki\/Bas%C3%ADlica_de_San_Juli%C3%A1n_de_los_Prados\">San Juli\u00e1n de los Prados<\/a>, de estilo prerrom\u00e1nico, en la que destacan unos magn\u00edficos frescos de la \u00e9poca:<\/p>\n<figure class=\"wp-block-piwigo-gallery-single-image piwigo-single-image\"><a href=\"https:\/\/www.eniac2000.com\/piwigo\/picture.php?\/3110\" target=\"_blank\" rel=\"noopener noreferrer\"><img decoding=\"async\" src=\"https:\/\/www.eniac2000.com\/piwigo\/_data\/i\/galleries\/albums\/2008-07-camino-santiago-oviedo\/dias-previos\/Camino_Santiago_2008_040-me.JPG\" alt=\"Camino Santiago 2008 040\" \/><\/a><figcaption><strong>Camino Santiago 2008 040<\/strong><\/figcaption><\/figure>\n<p>Por la tarde, tras almorzar en un buen restaurante italiano (en el que posteriormente tambi\u00e9n ir\u00edamos a cenar), y teniendo la tarde libre, nos dimos un <em>peque\u00f1o<\/em> paseo a pie hasta Santa Mar\u00eda del Naranco, donde pudimos visitar la iglesia de Santa Mar\u00eda (originariamente hab\u00eda sido un palacio o pabell\u00f3n de caza):<\/p>\n<figure class=\"wp-block-piwigo-gallery-single-image piwigo-single-image\"><a href=\"https:\/\/www.eniac2000.com\/piwigo\/picture.php?\/3145\" target=\"_blank\" rel=\"noopener noreferrer\"><img decoding=\"async\" src=\"https:\/\/www.eniac2000.com\/piwigo\/_data\/i\/galleries\/albums\/2008-07-camino-santiago-oviedo\/dias-previos\/Camino_Santiago_2008_075-me.JPG\" alt=\"Camino Santiago 2008 075\" \/><\/a><figcaption><strong>Camino Santiago 2008 075<\/strong><\/figcaption><\/figure>\n<p>Posteriormente, subimos hasta la iglesia de San Miguel de Lillo, la iglesia original del complejo palaciego, de la que 2\/3 se derrumbaron por un corrimiento de tierras, lo que motiv\u00f3 que el palacio fuera usado posteriormente como iglesia. Aun as\u00ed, como nos coment\u00f3 el gu\u00eda, pod\u00eda verse que el estilo constructivo estaba mucho m\u00e1s emparentado con el basilical romano que con el rom\u00e1nico posterior. De hecho, como nos comentaba, quiz\u00e1s el prerrom\u00e1nico asturiano fuera la \u00faltima manifestaci\u00f3n del estilo constructivo romano.<\/p>\n<figure class=\"wp-block-piwigo-gallery-single-image piwigo-single-image\"><a href=\"https:\/\/www.eniac2000.com\/piwigo\/picture.php?\/3178\" target=\"_blank\" rel=\"noopener noreferrer\"><img decoding=\"async\" src=\"https:\/\/www.eniac2000.com\/piwigo\/_data\/i\/galleries\/albums\/2008-07-camino-santiago-oviedo\/dias-previos\/Camino_Santiago_2008_108-me.JPG\" alt=\"Camino Santiago 2008 108\" \/><\/a><figcaption><strong>Camino Santiago 2008 108<\/strong><\/figcaption><\/figure>\n<p>Por \u00faltimo, y mientras descend\u00edamos de vuelta a Oviedo, tuvimos la oportunidad de contemplar la preciosa vista de la ciudad, en la que destaca poderosamente la mole del edificio que se est\u00e1 construyendo en el antiguo emplazamiento del estadio Carlos Tartiere, y que es obra de Santiago Calatrava:<\/p>\n<figure class=\"wp-block-piwigo-gallery-single-image piwigo-single-image\"><a href=\"https:\/\/www.eniac2000.com\/piwigo\/picture.php?\/3158\" target=\"_blank\" rel=\"noopener noreferrer\"><img decoding=\"async\" src=\"https:\/\/www.eniac2000.com\/piwigo\/_data\/i\/galleries\/albums\/2008-07-camino-santiago-oviedo\/dias-previos\/Camino_Santiago_2008_088-me.JPG\" alt=\"Camino Santiago 2008 088\" \/><\/a><figcaption><strong>Camino Santiago 2008 088<\/strong><\/figcaption><\/figure>\n<figure class=\"wp-block-piwigo-gallery-single-image piwigo-single-image\"><a href=\"https:\/\/www.eniac2000.com\/piwigo\/picture.php?\/3160\" target=\"_blank\" rel=\"noopener noreferrer\"><img decoding=\"async\" src=\"https:\/\/www.eniac2000.com\/piwigo\/_data\/i\/galleries\/albums\/2008-07-camino-santiago-oviedo\/dias-previos\/Camino_Santiago_2008_090-me.JPG\" alt=\"Camino Santiago 2008 090\" \/><\/a><figcaption><strong>Camino Santiago 2008 090<\/strong><\/figcaption><\/figure>\n<p>De vuelta al hotel tuvimos la oportunidad de conocer a un grupo de ciclistas alemanes que me contaron que hab\u00edan llegado esa misma tarde de subir el Angliru. Esa noche nos recogimos temprano. No sab\u00edamos lo que nos deparar\u00eda el d\u00eda siguiente, pero una cosa s\u00ed que ten\u00edamos clara: la lluvia, que esa misma tarde empez\u00f3 a caer de manera ininterrumpida sobre Oviedo, iba a ser compa\u00f1era de camino.<\/p>\n<ul>\n<li><a href=\"http:\/\/bitacora.eniac2000.com\/?page_id=962\">\u00cdndice general<\/a><\/li>\n<li>Etapa 1<\/li>\n<\/ul>\n","protected":false},"excerpt":{"rendered":"<div class=\"seriesmeta\">Esta entrada es la parte 1 de 7 de la serie <a href=\"https:\/\/bitacora.eniac2000.com\/?series=camino-de-santiago-2008\" class=\"series-1829\" title=\"Camino de Santiago 2008\">Camino de Santiago 2008<\/a><\/div><p>El Camino de Santiago de 2008 que hicimos este verano<\/p>\n","protected":false},"author":1,"featured_media":0,"comment_status":"open","ping_status":"open","sticky":false,"template":"","format":"standard","meta":{"advanced_seo_description":"","jetpack_seo_html_title":"","jetpack_seo_noindex":false,"_jetpack_memberships_contains_paid_content":false,"footnotes":"","jetpack_publicize_message":"","jetpack_publicize_feature_enabled":true,"jetpack_social_post_already_shared":false,"jetpack_social_options":{"image_generator_settings":{"template":"highway","default_image_id":0,"font":"","enabled":false},"version":2}},"categories":[23,2],"tags":[],"series":[1829],"class_list":["post-970","post","type-post","status-publish","format-standard","hentry","category-camino-de-la-costa","category-camino-de-santiago","series-camino-de-santiago-2008"],"jetpack_publicize_connections":[],"jetpack_featured_media_url":"","jetpack_sharing_enabled":true,"_links":{"self":[{"href":"https:\/\/bitacora.eniac2000.com\/index.php?rest_route=\/wp\/v2\/posts\/970","targetHints":{"allow":["GET"]}}],"collection":[{"href":"https:\/\/bitacora.eniac2000.com\/index.php?rest_route=\/wp\/v2\/posts"}],"about":[{"href":"https:\/\/bitacora.eniac2000.com\/index.php?rest_route=\/wp\/v2\/types\/post"}],"author":[{"embeddable":true,"href":"https:\/\/bitacora.eniac2000.com\/index.php?rest_route=\/wp\/v2\/users\/1"}],"replies":[{"embeddable":true,"href":"https:\/\/bitacora.eniac2000.com\/index.php?rest_route=%2Fwp%2Fv2%2Fcomments&post=970"}],"version-history":[{"count":1,"href":"https:\/\/bitacora.eniac2000.com\/index.php?rest_route=\/wp\/v2\/posts\/970\/revisions"}],"predecessor-version":[{"id":10973,"href":"https:\/\/bitacora.eniac2000.com\/index.php?rest_route=\/wp\/v2\/posts\/970\/revisions\/10973"}],"wp:attachment":[{"href":"https:\/\/bitacora.eniac2000.com\/index.php?rest_route=%2Fwp%2Fv2%2Fmedia&parent=970"}],"wp:term":[{"taxonomy":"category","embeddable":true,"href":"https:\/\/bitacora.eniac2000.com\/index.php?rest_route=%2Fwp%2Fv2%2Fcategories&post=970"},{"taxonomy":"post_tag","embeddable":true,"href":"https:\/\/bitacora.eniac2000.com\/index.php?rest_route=%2Fwp%2Fv2%2Ftags&post=970"},{"taxonomy":"series","embeddable":true,"href":"https:\/\/bitacora.eniac2000.com\/index.php?rest_route=%2Fwp%2Fv2%2Fseries&post=970"}],"curies":[{"name":"wp","href":"https:\/\/api.w.org\/{rel}","templated":true}]}}