{"id":971,"date":"2008-11-29T22:28:31","date_gmt":"2008-11-29T20:28:31","guid":{"rendered":"http:\/\/bitacora.eniac2000.com\/?p=971"},"modified":"2025-10-11T04:45:39","modified_gmt":"2025-10-11T02:45:39","slug":"camino-de-la-costa-etapa-1-oviedo-aviles-cudillero","status":"publish","type":"post","link":"https:\/\/bitacora.eniac2000.com\/?p=971","title":{"rendered":"Camino de la Costa: Etapa 1. Oviedo &#8211; Avil\u00e9s &#8211; Cudillero"},"content":{"rendered":"<div class=\"seriesmeta\">Esta entrada es la parte 2 de 7 de la serie <a href=\"https:\/\/bitacora.eniac2000.com\/?series=camino-de-santiago-2008\" class=\"series-1829\" title=\"Camino de Santiago 2008\">Camino de Santiago 2008<\/a><\/div><p>La ma\u00f1ana del 20 de julio se present\u00f3 fr\u00eda y lluviosa. Resultaba un duro contraste con el clima al que est\u00e1bamos acostumbrados de Andaluc\u00eda, pero ya est\u00e1bamos demasiado lejos como arrepentirnos. Sin embargo, pronto nos dimos cuenta de que hab\u00edamos cometido un error relativamente grave: hab\u00edamos contado con la lluvia, para lo cual hab\u00edamos llevado chubasquero e impermeables para las alforjas. Con lo que no hab\u00edamos contado era con encontrarnos con 12\u00baC de temperatura ambiente. Por ello, toda nuestra ropa ciclista era de verano. Los chubasqueros, desde luego, ayudaban, pero al cabo del rato serv\u00edan de bien poco, pues hac\u00edan que estuvieras mojado por fuera por la lluvia, mojado por dentro por el sudor, lo que combinado con el fr\u00edo ambiente hac\u00eda que a la m\u00ednima que pararas, o que el camino fuera m\u00ednimamente descendente, te helaras. Pero ya no hab\u00eda vuelta atr\u00e1s, y s\u00f3lo nos quedaba empezar a dar pedales y esperar que el tiempo mejorara un poco.<\/p>\n<p>La salida de la ciudad de Oviedo se hac\u00eda en descenso, si bien al poco de salir a las zonas rurales empezamos un suave pero mantenido ascenso que dur\u00f3 aproximadamente 5 km. La lluvia nos acompa\u00f1aba de manera continua (<em>orballaba<\/em>, que dicen por aquellos lares), pero incansable. La pendiente se comportaba exactamente igual. Apenas nos percat\u00e1bamos de ello, pero al poco tiempo nos encontr\u00e1bamos con una altura considerable sobre la ciudad de Oviedo. Por segunda vez en dos d\u00edas pod\u00edamos contemplarla desde las alturas. Aunque esta vez con una perspectiva completamente diferente.<\/p>\n<figure class=\"wp-block-piwigo-gallery-single-image piwigo-single-image\"><a href=\"https:\/\/www.eniac2000.com\/piwigo\/picture.php?\/2635\" target=\"_blank\" rel=\"noopener noreferrer\"><img decoding=\"async\" src=\"https:\/\/www.eniac2000.com\/piwigo\/_data\/i\/galleries\/albums\/2008-07-camino-santiago-oviedo\/dia1\/Camino_Santiago_2008_119-me.JPG\" alt=\"Camino Santiago 2008 119\" \/><\/a><figcaption><strong>Camino Santiago 2008 119<\/strong><\/figcaption><\/figure>\n<p>El paisaje que nos rodeaba no ofrec\u00eda mucha variedad: esa especie de mezcolanza de lo urbano y lo rural con zona residencial que ofrecen muchas zonas semiurbanas del norte, y que tan sorprendentes suelen resultar a los que venimos del sur. Ese tipo de conglomerado humano en el que la \u00fanica manera de distinguir un pueblo de otro es fijarse en los letreros de las carreteras. As\u00ed, se sucedieron las afueras de Oviedo, y los pueblos de Puente de Cay\u00e9s, Campiello, La Habana y Posada de Llanera. El perfil s\u00ed que cambi\u00f3 un poco, pero no para mejor: pronto empezaron los toboganes, y las cont\u00ednuas subidas y bajadas. Y asfalto. Pr\u00e1cticamente todo asfalto.<\/p>\n<p>Poco despu\u00e9s de Posada de Llanera llegamos al comienzo de una zona boscosa. Por primera vez \u00edbamos a abandonar de manera seria el asfalto, y tomar una pista que nos habr\u00eda de conducir hasta La Miranda. Aprovechamos para hacer una parada de avituallamiento. La niebla, ausente a causa de la lluvia suave, empez\u00f3 a hacer acto de presencia, justo a la entrada del bosque. La cosa se empezaba a poner interesante.<\/p>\n<figure class=\"wp-block-piwigo-gallery-single-image piwigo-single-image\"><a href=\"https:\/\/www.eniac2000.com\/piwigo\/picture.php?\/2639\" target=\"_blank\" rel=\"noopener noreferrer\"><img decoding=\"async\" src=\"https:\/\/www.eniac2000.com\/piwigo\/_data\/i\/galleries\/albums\/2008-07-camino-santiago-oviedo\/dia1\/Camino_Santiago_2008_123-me.JPG\" alt=\"Camino Santiago 2008 123\" \/><\/a><figcaption><strong>Camino Santiago 2008 123<\/strong><\/figcaption><\/figure>\n<p>Tras unos minutos, reemprendimos el camino. No era plan quedarse mucho tiempo pasado, con el fr\u00edo y la lluvia arreciando. El camino que pasaba por el bosque represent\u00f3 una nueva variaci\u00f3n sobre los <em>toboganes<\/em> anteriores: de nuevo subida, si bien esta vez aderezada con charcos y barro. Despu\u00e9s del Camino Franc\u00e9s, ten\u00eda experiencia con este tipo de barro: es agradecido, ya que no se queda pegado a las ruedas como el arcilloso del valle del Guadalquivir, con lo que no dificultaba demasiado el rodar. Sin embargo, a mi padre empez\u00f3 a costarle dar pedales m\u00e1s de la cuenta, y no se encontraba demasiado seguro sobre un firme tan irregular. As\u00ed que no demasiado tiempo despu\u00e9s, al llegar a una cima que nos acerc\u00f3 a la carretera de Avil\u00e9s. tomamos la determinaci\u00f3n de hacer el descenso por la carretera.<\/p>\n<p>La bajada hasta Avil\u00e9s fue larga, fr\u00eda y, sobre todo, mojada. La lluvia arreci\u00f3, y pronto tuve un problema con mi equipaje con el que no hab\u00eda contado: el impermeable de quita y pon de mis alforjas est\u00e1 pensado para acoplarse sobre las alforjas laterales y la maleta superior. Pero este a\u00f1o, a diferencia del anterior, no hab\u00eda tenido necesidad de llevar la maleta. Como resultado, el impermeable se abolsaba en los laterales, recogiendo agua y meti\u00e9ndose entre los radios. A la altura de Cancienes, apenas a 8 kil\u00f3metros de bajada, y a\u00fan a medio camino hasta Avil\u00e9s, hab\u00eda acumulado varios litros de agua negruzca, que amenazaba con empapar el contenido de las alforjas. Tuvimos que parar y hacer un peque\u00f1o apa\u00f1o para evitar este problema:<\/p>\n<figure class=\"wp-block-piwigo-gallery-single-image piwigo-single-image\"><a href=\"https:\/\/www.eniac2000.com\/piwigo\/picture.php?\/2642\" target=\"_blank\" rel=\"noopener noreferrer\"><img decoding=\"async\" src=\"https:\/\/www.eniac2000.com\/piwigo\/_data\/i\/galleries\/albums\/2008-07-camino-santiago-oviedo\/dia1\/Camino_Santiago_2008_126-me.JPG\" alt=\"Camino Santiago 2008 126\" \/><\/a><figcaption><strong>Camino Santiago 2008 126<\/strong><\/figcaption><\/figure>\n<p>Y as\u00ed, seguimos hasta las cercan\u00edas de Avil\u00e9s, donde paramos en un bar a tomar algo caliente y quitarnos el fr\u00edo. Y as\u00ed, seguimos hasta Avil\u00e9s, el punto intermedio de nuestro recorrido. No ten\u00edamos previsto pasar mucho tiempo en este pueblo costero de Asturias, ya que la fama de lugar industrial que tiene no nos animaba demasiado a hacer una parada larga. Y la lluvia, que hab\u00eda vuelto a apretar, tampoco nos animaba a ello. Sin embargo, no tardar\u00edamos mucho en darnos cuenta que el pasar de largo hubiera sido un tremendo error: Avil\u00e9s posee uno de los cascos antiguos m\u00e1s cuidados, hermosos, y por desgracia desconocido, de la costa asturiana. As\u00ed que no dejamos pasar la oportunidad de parar un rato en los soportales de la plaza principal del pueblo:<\/p>\n<figure class=\"wp-block-piwigo-gallery-single-image piwigo-single-image\"><a href=\"https:\/\/www.eniac2000.com\/piwigo\/picture.php?\/2648\" target=\"_blank\" rel=\"noopener noreferrer\"><img decoding=\"async\" src=\"https:\/\/www.eniac2000.com\/piwigo\/_data\/i\/galleries\/albums\/2008-07-camino-santiago-oviedo\/dia1\/Camino_Santiago_2008_132-me.JPG\" alt=\"Camino Santiago 2008 132\" \/><\/a><figcaption><strong>Camino Santiago 2008 132<\/strong><\/figcaption><\/figure>\n<p>All\u00ed nos encontramos con un grupo que, de manera intermitente, nos acompa\u00f1ar\u00eda a lo largo de todo nuestro viaje a Santiago: un grupo de tres peregrinos suizos, dos chicos y una chica, que tambi\u00e9n hac\u00edan el Camino en bici. Curiosamente, en todos nuestros encuentros posteriores con ellos, siempre estar\u00eda lloviendo. Tambi\u00e9n tuvimos el curioso placer de conocer a un heavy madrile\u00f1o, exiliado en Asturias, que a las 11 de la ma\u00f1ana de ese domingo ya se encontraba bien cocido en cerveza. Muy amable y servicial, eso s\u00ed. No recuerdo cu\u00e1ntas veces nos indic\u00f3 el camino para ir al albergue de peregrinos de Avil\u00e9s. L\u00e1stima que nos pillara justo en direcci\u00f3n contraria a nuestro itinerario hacia Cudillero. Y que no fu\u00e9ramos a parar en Avil\u00e9s. A\u00fan as\u00ed, nos dimos una vuelta por el centro de la ciudad, ya que merec\u00eda muy mucho la pena hacerlo. L\u00e1stima que la lluvia, que nos hab\u00eda dado una breve tregua, volviera a arreciar.<\/p>\n<figure class=\"wp-block-piwigo-gallery-single-image piwigo-single-image\"><a href=\"https:\/\/www.eniac2000.com\/piwigo\/picture.php?\/2643\" target=\"_blank\" rel=\"noopener noreferrer\"><img decoding=\"async\" src=\"https:\/\/www.eniac2000.com\/piwigo\/_data\/i\/galleries\/albums\/2008-07-camino-santiago-oviedo\/dia1\/Camino_Santiago_2008_127-me.JPG\" alt=\"Camino Santiago 2008 127\" \/><\/a><figcaption><strong>Camino Santiago 2008 127<\/strong><\/figcaption><\/figure>\n<p>Pronto tuvimos que volver a dar pedales. Nos quedaban a\u00fan unos 30 kil\u00f3metros de etapa hasta Cudillero, de perfil rompepiernas y para colmo pasada por agua. Tuvimos algunos problemas de orientaci\u00f3n para salir de Avil\u00e9s en direcci\u00f3n a Cudillero, pero al final conseguimos encontrar la N-632, si bien por la zona sur de la ciudad, en vez de la oeste, con lo que nos tuvimos que tragar varios kil\u00f3metros de rodeo por una circunvalaci\u00f3n con abundante tr\u00e1fico. Sin embargo, una vez que abandonamos Avil\u00e9s, la carretera perdi\u00f3 gran parte de su tr\u00e1fico rodado, merced a la cercan\u00eda de la autov\u00eda A-8, que absorbe la mayor parte del tr\u00e1fico de la zona.<\/p>\n<p>No hay gran cosa que contar del resto del recorrido, ya que lo hicimos pr\u00e1cticamente todo por la N-632, hasta el desv\u00edo a Cudillero, donde finaliz\u00e1bamos la etapa. Lo m\u00e1s destacable es que el tiempo fue clemente con nosotros, y poco despu\u00e9s del mediod\u00eda dej\u00f3 de llover.<\/p>\n<p>Cudillero se encuentra fuera del recorrido del Camino del Norte. Es un peque\u00f1o pueblo que fue marinero y hoy es tur\u00edstico. Se encuentra en una impresionante cala con forma de teatro griego, que hace que las casas cabalguen las unas sobre otras hasta llegar a la orilla del mar. Es por ello que la bajada hasta el pueblo se puede calificar de cualquier cosa menos \u00absuave\u00bb:<\/p>\n<figure class=\"wp-block-piwigo-gallery-single-image piwigo-single-image\"><a href=\"https:\/\/www.eniac2000.com\/piwigo\/picture.php?\/2656\" target=\"_blank\" rel=\"noopener noreferrer\"><img decoding=\"async\" src=\"https:\/\/www.eniac2000.com\/piwigo\/_data\/i\/galleries\/albums\/2008-07-camino-santiago-oviedo\/dia1\/Camino_Santiago_2008_140-me.JPG\" alt=\"Camino Santiago 2008 140\" \/><\/a><figcaption><strong>Camino Santiago 2008 140<\/strong><\/figcaption><\/figure>\n<p>Llegamos a nuestra pensi\u00f3n, apenas a un paso del puerto, a las 14:00h. Tras ducharnos, y ponernos ropa limpia, nos dirigimos al puerto viejo, donde nos dimos un buen homenaje a base de pescado y sidrina (que no fue barato, aunque s\u00ed delicioso). Esa tarde la dedicamos a dar un paseo por el pueblo, lavar ropa y acondicionar las bicicletas para la etapa del d\u00eda siguiente. No hab\u00edamos tenido mucho barro, pero s\u00ed bastante agua.<\/p>\n<figure class=\"wp-block-piwigo-gallery-single-image piwigo-single-image\"><a href=\"https:\/\/www.eniac2000.com\/piwigo\/picture.php?\/2651\" target=\"_blank\" rel=\"noopener noreferrer\"><img decoding=\"async\" src=\"https:\/\/www.eniac2000.com\/piwigo\/_data\/i\/galleries\/albums\/2008-07-camino-santiago-oviedo\/dia1\/Camino_Santiago_2008_135-me.JPG\" alt=\"Camino Santiago 2008 135\" \/><\/a><figcaption><strong>Camino Santiago 2008 135<\/strong><\/figcaption><\/figure>\n<p>Antes de la cena, de nuevo en el puerto viejo, tuvimos la oportunidad de contemplar una panor\u00e1mica del puerto nuevo. Lo que m\u00e1s me llam\u00f3 la atenci\u00f3n era algo que ya me ten\u00eda algo <em>mosca<\/em>: \u00bfc\u00f3mo ser\u00eda la carretera que nos ten\u00eda que llevar de vuelta a la N-632? Sab\u00eda, por suerte, que no era la misma por la que hab\u00edamos bajado. Pero no sab\u00eda cu\u00e1l era ni donde estaba. Y entonces la vi. Al final del puerto nuevo. Con una pendiente cuanto menos preocupante. Pero a\u00fan faltaban unas cuantas horas para que supiera hasta qu\u00e9 punto.<\/p>\n<figure class=\"wp-block-piwigo-gallery-single-image piwigo-single-image\"><a href=\"https:\/\/www.eniac2000.com\/piwigo\/picture.php?\/2683\" target=\"_blank\" rel=\"noopener noreferrer\"><img decoding=\"async\" src=\"https:\/\/www.eniac2000.com\/piwigo\/_data\/i\/galleries\/albums\/2008-07-camino-santiago-oviedo\/dia1\/Camino_Santiago_2008_167-me.JPG\" alt=\"Camino Santiago 2008 167\" \/><\/a><figcaption><strong>Camino Santiago 2008 167<\/strong><\/figcaption><\/figure>\n<p><strong>Datos de la etapa:<\/strong><\/p>\n<ul>\n<li><strong>Distancia recorrida (seg\u00fan cuentakil\u00f3metros):<\/strong> 61&#8217;355 km<\/li>\n<li><strong>Tiempo empleado:<\/strong> 4:00:17<\/li>\n<\/ul>\n","protected":false},"excerpt":{"rendered":"<div class=\"seriesmeta\">Esta entrada es la parte 2 de 7 de la serie <a href=\"https:\/\/bitacora.eniac2000.com\/?series=camino-de-santiago-2008\" class=\"series-1829\" title=\"Camino de Santiago 2008\">Camino de Santiago 2008<\/a><\/div><p>La ma\u00f1ana del 20 de julio se present\u00f3 fr\u00eda y<\/p>\n","protected":false},"author":1,"featured_media":0,"comment_status":"open","ping_status":"open","sticky":false,"template":"","format":"standard","meta":{"advanced_seo_description":"","jetpack_seo_html_title":"","jetpack_seo_noindex":false,"_jetpack_memberships_contains_paid_content":false,"footnotes":"","jetpack_publicize_message":"","jetpack_publicize_feature_enabled":true,"jetpack_social_post_already_shared":false,"jetpack_social_options":{"image_generator_settings":{"template":"highway","default_image_id":0,"font":"","enabled":false},"version":2}},"categories":[23,2],"tags":[],"series":[1829],"class_list":["post-971","post","type-post","status-publish","format-standard","hentry","category-camino-de-la-costa","category-camino-de-santiago","series-camino-de-santiago-2008"],"jetpack_publicize_connections":[],"jetpack_featured_media_url":"","jetpack_sharing_enabled":true,"_links":{"self":[{"href":"https:\/\/bitacora.eniac2000.com\/index.php?rest_route=\/wp\/v2\/posts\/971","targetHints":{"allow":["GET"]}}],"collection":[{"href":"https:\/\/bitacora.eniac2000.com\/index.php?rest_route=\/wp\/v2\/posts"}],"about":[{"href":"https:\/\/bitacora.eniac2000.com\/index.php?rest_route=\/wp\/v2\/types\/post"}],"author":[{"embeddable":true,"href":"https:\/\/bitacora.eniac2000.com\/index.php?rest_route=\/wp\/v2\/users\/1"}],"replies":[{"embeddable":true,"href":"https:\/\/bitacora.eniac2000.com\/index.php?rest_route=%2Fwp%2Fv2%2Fcomments&post=971"}],"version-history":[{"count":1,"href":"https:\/\/bitacora.eniac2000.com\/index.php?rest_route=\/wp\/v2\/posts\/971\/revisions"}],"predecessor-version":[{"id":10974,"href":"https:\/\/bitacora.eniac2000.com\/index.php?rest_route=\/wp\/v2\/posts\/971\/revisions\/10974"}],"wp:attachment":[{"href":"https:\/\/bitacora.eniac2000.com\/index.php?rest_route=%2Fwp%2Fv2%2Fmedia&parent=971"}],"wp:term":[{"taxonomy":"category","embeddable":true,"href":"https:\/\/bitacora.eniac2000.com\/index.php?rest_route=%2Fwp%2Fv2%2Fcategories&post=971"},{"taxonomy":"post_tag","embeddable":true,"href":"https:\/\/bitacora.eniac2000.com\/index.php?rest_route=%2Fwp%2Fv2%2Ftags&post=971"},{"taxonomy":"series","embeddable":true,"href":"https:\/\/bitacora.eniac2000.com\/index.php?rest_route=%2Fwp%2Fv2%2Fseries&post=971"}],"curies":[{"name":"wp","href":"https:\/\/api.w.org\/{rel}","templated":true}]}}